{"id":155984,"date":"2025-10-04T05:21:08","date_gmt":"2025-10-04T05:21:08","guid":{"rendered":"https:\/\/www.europesays.com\/es\/155984\/"},"modified":"2025-10-04T05:21:08","modified_gmt":"2025-10-04T05:21:08","slug":"padrinos-invitados-ausencias-y-todos-los-detalles-sobre-el-enlace-del-ano","status":"publish","type":"post","link":"https:\/\/www.europesays.com\/es\/155984\/","title":{"rendered":"padrinos, invitados, ausencias y todos los detalles sobre el enlace del a\u00f1o"},"content":{"rendered":"<p class=\"voc-p\" style=\"\">Ya est\u00e1 todo listo para uno de los acontecimientos m\u00e1s esperados del a\u00f1o por la alta sociedad y la cr\u00f3nica social. Este s\u00e1bado, <strong>Cayetano Mart\u00ednez de Irujo<\/strong> (62 a\u00f1os) y <strong>B\u00e1rbara Mirjan<\/strong> (29 a\u00f1os) se dar\u00e1n el &#8216;s\u00ed, quiero&#8217; en una <strong>boda <\/strong>que reunir\u00e1 a familiares y amigos cercanos y acaparar\u00e1 la atenci\u00f3n de los medios de comunicaci\u00f3n.<\/p>\n<p class=\"voc-p\" style=\"\">La pareja pondr\u00e1 el broche de oro a una <a href=\"https:\/\/www.abc.es\/gente\/barbara-mirjan-cayetano-martinez-irujo-historia-amor-20251002083959-nt.html\" title=\"www.abc.es\" data-voc-vtm-id=\"in-text-traffic\" data-mrf-link=\"www.abc.es\" rel=\"nofollow noopener\" target=\"_blank\">historia de amor<\/a> que comenz\u00f3 hace una d\u00e9cada. Ambos se conocieron en el verano de 2015 en una fiesta en Marbella. Entonces, B\u00e1rbara ten\u00eda apenas 20 a\u00f1os, pero ni la <strong>diferencia de edad -de 33 a\u00f1os-<\/strong> ni la distancia -ella estudiaba en Londres- fueron un problema para la relaci\u00f3n.<\/p>\n<p><img decoding=\"async\" loading=\"lazy\" src=\"https:\/\/www.europesays.com\/es\/wp-content\/uploads\/2025\/10\/54740633-kjxE--760x427@diario_abc.jpg\" class=\"voc-img\" width=\"760\" height=\"427\" alt=\"Cayetano y su novia B\u00e1rbara Mirjan, en Marbella en 2016\" data-voc-vtm-id=\"in-text-traffic\"\/><\/p>\n<p>Cayetano y su novia B\u00e1rbara Mirjan, en Marbella en 2016<\/p>\n<p>HOLA<\/p>\n<p class=\"voc-p\" style=\"\">La futura esposa del considerado como uno de los &#8216;solteros de oro&#8217; de nuestro pa\u00eds es <strong>hija de un empresario liban\u00e9s, <\/strong> licenciada en Filolog\u00eda Francesa y Gesti\u00f3n de Empresas, y se dedica a la comunicaci\u00f3n y los eventos. \u00abEs el amor de mi vida. Nunca hab\u00eda conocido a alguien tan af\u00edn y tan igual a m\u00ed en todos los sentidos. Es una mujer absolutamente excepcional\u00bb, asegur\u00f3 Cayetano a la revista &#8216;\u00a1Hola!&#8217;.<\/p>\n<p class=\"voc-p\" style=\"\">Te contamos todos los <strong>detalles <\/strong>del enlace entre el hijo de la duquesa de Alba y la joven madrile\u00f1a.<\/p>\n<p>\nD\u00f3nde se celebra la boda\n<\/p>\n<p class=\"voc-p\" style=\"\">Para darse el &#8216;s\u00ed, quiero&#8217;, Cayetano y B\u00e1rbara han elegido<strong> la Iglesia del Cristo de los Gitanos<\/strong>, situada en pleno centro hist\u00f3rico de Sevilla y a pocos pasos del palacio de Las Due\u00f1as. Se trata de un <a href=\"https:\/\/www.abc.es\/sevilla\/ciudad\/iglesia-casan-sabado-cayetano-martinez-irujo-barbara-20251003064610-nts.html\" title=\"www.abc.es\" data-voc-vtm-id=\"in-text-traffic\" data-mrf-link=\"www.abc.es\" rel=\"nofollow noopener\" target=\"_blank\">lugar de gran valor sentimental<\/a> para la familia Alba, ya que all\u00ed reposan las cenizas de <a href=\"https:\/\/www.abc.es\/estilo\/gente\/20141120\/abci-duquesa-alba-muere-20141120.html\" title=\"www.abc.es\" data-voc-vtm-id=\"in-text-traffic\" data-mrf-link=\"www.abc.es\" rel=\"nofollow noopener\" target=\"_blank\">la duquesa de Alba, fallecida en noviembre de 2014<\/a>.<\/p>\n<p class=\"voc-p\" style=\"\">El enlace tendr\u00e1 lugar a partir de las<strong> 13:30 horas <\/strong>y, tal y como informa &#8216;\u00a1Hola!, ser\u00e1 oficiado por el p\u00e1rroco<strong> Ignacio Jim\u00e9nez S\u00e1nchez-Dalp<\/strong>, con quien la familia Alba ha contado en otros eventos especiales como la boda de la duquesa de Alba y Alfonso D\u00edez o los bautizos de sus nietos.<\/p>\n<p class=\"voc-p\" style=\"\">Tras la ceremonia religiosa, los invitados se trasladar\u00e1n a<strong> la finca Las Arroyuelas, situada en el municipio Carmona<\/strong>, propiedad del propio Cayetano, quien la hered\u00f3 de su madre. Se trata del lugar donde el duque de Arjona reside desde la pandemia y tambi\u00e9n vive su pareja desde junio. <\/p>\n<p class=\"voc-p\" style=\"\">La finca, de 1.400 hect\u00e1reas de terreno, incluye un <strong>cortijo<\/strong>, La Motilla, un hotel rural de lujo donde podr\u00eda llevarse a cabo el banquete nupcial. El <strong>men\u00fa <\/strong>de la boda correr\u00e1 a cargo del catering de Miguel \u00c1ngel. Despu\u00e9s, se celebrar\u00e1 una <strong>gran fiesta<\/strong>, que incluir\u00e1 actuaciones musicales.<\/p>\n<p>\nLos padrinos de la boda\n<\/p>\n<p class=\"voc-p\" style=\"\">Para uno de los d\u00edas m\u00e1s importantes de sus vidas, Cayetano y B\u00e1rbara han elegido contar con dos personas muy especiales. El hijo de la duquesa de Alba tendr\u00e1 de <strong>madrina <\/strong>a <strong>Amina<\/strong>, una de sus dos mellizos, que nacieron en 2001 fruto de su relaci\u00f3n con Genoveva Casanova. En los \u00faltimos meses se hab\u00eda especulado con que podr\u00eda ser su hermana Eugenia, pero finalmente ser\u00e1 su primog\u00e9nita.<\/p>\n<p class=\"voc-p\" style=\"\">En cuanto a la novia, ha elegido como padrino a su padre, el empresario liban\u00e9s <strong>Bachar Mirjan Ajbaa<\/strong>. Ser\u00e1 \u00e9l quien le acompa\u00f1e del brazo en su entrada en la Iglesia del Cristo de los Gitanos.<\/p>\n<p class=\"voc-p\" style=\"\">Por lo que respecta a los trajes nupciales, el de ella est\u00e1 dise\u00f1ado por <strong>Navascu\u00e9s<\/strong>, mientras que \u00e9l volver\u00e1 a vestir el <strong>uniforme de maestrante<\/strong> de la Real Maestranza de Caballer\u00eda de Sevilla, como ya hizo en 2005 en su boda con Genoveva.<\/p>\n<p>\nInvitados y grandes ausencias de la boda\n<\/p>\n<p class=\"voc-p\" style=\"\">Al esperado enlace acudir\u00e1n alrededor de <strong>300 invitados<\/strong>. Seg\u00fan informa &#8216;\u00a1Hola!&#8217;, Cayetano ha invitado a sus cinco hermanos. En este sentido, est\u00e1 confirmada la presencia del duque de Alba, <strong>Carlos Fitz-James-Stuart<\/strong>, <strong>Fernando Mart\u00ednez de Irujo <\/strong>y <strong>Eugenia Mart\u00ednez de Irujo<\/strong>, quien ir\u00e1 junto a Narc\u00eds Rebollo y su hija, Tana Rivera.<\/p>\n<p class=\"voc-p\" style=\"\">Por el contrario, una de las ausencias m\u00e1s sonadas ser\u00e1 la de <strong>Jacobo Mart\u00ednez de Irujo<\/strong>, quien confirm\u00f3 que no acudir\u00eda por motivos laborales, mientras que <strong>Alfonso Mart\u00ednez<\/strong> de Irujo asistir\u00e1 a la ceremonia religiosa, pero no al banquete.<\/p>\n<p class=\"voc-p\" style=\"\">Adem\u00e1s, tambi\u00e9n se espera la presencia del hijo de Cayetano, <strong>Luis<\/strong>, mientras que <strong>Genoveva <\/strong>no acudir\u00e1 pese a que mantiene una buena relaci\u00f3n con su exmarido. S\u00ed lo har\u00e1<a href=\"https:\/\/www.abc.es\/gente\/alfonso-diez-viudo-duquesa-alba-revela-ira-20250930153017-nt.html\" title=\"www.abc.es\" data-voc-vtm-id=\"in-text-traffic\" data-mrf-link=\"www.abc.es\" rel=\"nofollow noopener\" target=\"_blank\"> Alfonso D\u00edez<\/a>, viudo de la duquesa de Alba, quien confirm\u00f3 hace unos d\u00edas su asistencia. Y es que mantiene una<strong> estrecha relaci\u00f3n <\/strong>con su hijastro y reconoce sentir \u00abun cari\u00f1o especial\u00bb por la pareja.<\/p>\n<p class=\"voc-p\" style=\"\">Por lo que respecta a B\u00e1rbara Mirjan, estar\u00e1 acompa\u00f1ada de su padre y de su madre, Lourdes Aliende. Al evento acudir\u00e1 toda su <strong>familia<\/strong>, tanto la materna, natural del Pa\u00eds Vasco, como la paterna, que vive en el extranjero.<\/p>\n<p class=\"voc-p\" style=\"\">M\u00e1s all\u00e1 de la familia, la pareja ha querido contar con distintas personalidades como <strong>Bert\u00edn Osborne, Emilio Butrague\u00f1o, Susanna Griso, Carmen Tello, Curro Romero, Carmen Lomana <\/strong>o el exboxeador Manel Berdonce.<\/p>\n<p class=\"voc-p\" style=\"\">Los alrededor de 300 invitados tienen en su poder una extensa <strong>lista de regalos <\/strong>en la que figuran presentes que van desde unas servilletas moradas por valor de 150 euros hasta un armario bar valorado en 28.000 euros, tal y como informa &#8216;La Raz\u00f3n&#8217;.<\/p>\n<p>Reportar un error<\/p>\n","protected":false},"excerpt":{"rendered":"Ya est\u00e1 todo listo para uno de los acontecimientos m\u00e1s esperados del a\u00f1o por la alta sociedad y&hellip;\n","protected":false},"author":2,"featured_media":155985,"comment_status":"","ping_status":"","sticky":false,"template":"","format":"standard","meta":{"footnotes":""},"categories":[91],"tags":[1611,7521,38503,3158,4812,7510,46722,146,147,25,24,3551,36166,825,45927,46721,57,23],"class_list":{"0":"post-155984","1":"post","2":"type-post","3":"status-publish","4":"format-standard","5":"has-post-thumbnail","7":"category-entretenimiento","8":"tag-ano","9":"tag-ausencias","10":"tag-barbara","11":"tag-boda","12":"tag-cayetano","13":"tag-detalles","14":"tag-enlace","15":"tag-entertainment","16":"tag-entretenimiento","17":"tag-es","18":"tag-espana","19":"tag-invitados","20":"tag-irujo","21":"tag-martinez","22":"tag-mirjan","23":"tag-padrinos","24":"tag-sobre","25":"tag-spain"},"share_on_mastodon":{"url":"","error":""},"_links":{"self":[{"href":"https:\/\/www.europesays.com\/es\/wp-json\/wp\/v2\/posts\/155984","targetHints":{"allow":["GET"]}}],"collection":[{"href":"https:\/\/www.europesays.com\/es\/wp-json\/wp\/v2\/posts"}],"about":[{"href":"https:\/\/www.europesays.com\/es\/wp-json\/wp\/v2\/types\/post"}],"author":[{"embeddable":true,"href":"https:\/\/www.europesays.com\/es\/wp-json\/wp\/v2\/users\/2"}],"replies":[{"embeddable":true,"href":"https:\/\/www.europesays.com\/es\/wp-json\/wp\/v2\/comments?post=155984"}],"version-history":[{"count":0,"href":"https:\/\/www.europesays.com\/es\/wp-json\/wp\/v2\/posts\/155984\/revisions"}],"wp:featuredmedia":[{"embeddable":true,"href":"https:\/\/www.europesays.com\/es\/wp-json\/wp\/v2\/media\/155985"}],"wp:attachment":[{"href":"https:\/\/www.europesays.com\/es\/wp-json\/wp\/v2\/media?parent=155984"}],"wp:term":[{"taxonomy":"category","embeddable":true,"href":"https:\/\/www.europesays.com\/es\/wp-json\/wp\/v2\/categories?post=155984"},{"taxonomy":"post_tag","embeddable":true,"href":"https:\/\/www.europesays.com\/es\/wp-json\/wp\/v2\/tags?post=155984"}],"curies":[{"name":"wp","href":"https:\/\/api.w.org\/{rel}","templated":true}]}}