{"id":155988,"date":"2025-10-04T05:25:09","date_gmt":"2025-10-04T05:25:09","guid":{"rendered":"https:\/\/www.europesays.com\/es\/155988\/"},"modified":"2025-10-04T05:25:09","modified_gmt":"2025-10-04T05:25:09","slug":"el-escandalo-de-las-mamografias-abre-una-nueva-crisis-en-la-sanidad-andaluza-pero-de-momento-nadie-dimite-el-pais-expres","status":"publish","type":"post","link":"https:\/\/www.europesays.com\/es\/155988\/","title":{"rendered":"El esc\u00e1ndalo de las mamograf\u00edas abre una nueva crisis en la sanidad andaluza (pero de momento nadie dimite) | El PA\u00cdS Expr\u00e9s"},"content":{"rendered":"<p><img fetchpriority=\"high\" decoding=\"auto\" class=\"_re  a_m-h\" height=\"414\"  width=\"414\"  src=\"https:\/\/www.europesays.com\/es\/wp-content\/uploads\/2025\/10\/E4DEWUBTNNHXDO3AYCTPQ2CR6A.jpg\" loading=\"eager\"\/>25\/09\/2025 El presidente de la Junta de Andaluc\u00eda, Juanma Moreno, interviene durante la sesi\u00f3n de control en el pleno del Parlamento andaluz. A 25 de septiembre de 2025, en Sevilla (Andaluc\u00eda, Espa\u00f1a). Segunda jornada de Pleno, con Sesi\u00f3n de Control al Gobierno y preguntas de los grupos parlamentarios al presidente de la Junta\u00a0de\u00a0Andaluc\u00eda.<br \/>\nPOLITICA<br \/>\nMar\u00eda Jos\u00e9 L\u00f3pez &#8211; Europa Press<br \/>\nFoto: Mar\u00eda Jos\u00e9 L\u00f3pez (Europa Press)<\/p>\n<p class=\"\">Un enorme fallo en la comunicaci\u00f3n de diagn\u00f3sticos dudosos en los cribados de c\u00e1ncer de mama ha puesto en riesgo a unas 2.000 mujeres andaluzas, a las que se les deb\u00edan hacer pruebas por un posible tumor sobre las que nunca se les inform\u00f3. La Junta de Andaluc\u00eda ha admitido el error, ha anunciado un plan de choque y ha abierto la puerta a responsabilidades pol\u00edticas, mientras la oposici\u00f3n exige una comisi\u00f3n de investigaci\u00f3n en el Parlamento.<\/p>\n<p class=\"\"><b>La reacci\u00f3n de la Junta. <\/b>El plan, que se presentar\u00e1 la pr\u00f3xima semana, pretende modificar los protocolos para informar siempre, incluso cuando el diagn\u00f3stico inicial sea incierto. <\/p>\n<ul>\n<li>Adem\u00e1s, ya se est\u00e1 llamando una por una a las 2.000 mujeres para atenderlas de inmediato. <\/li>\n<li>Y se abrir\u00e1 una auditor\u00eda interna para determinar d\u00f3nde fall\u00f3 el sistema.<\/li>\n<\/ul>\n<p class=\"\"><b>\u00bfQu\u00e9 dice la consejera de Salud?<\/b> Roc\u00edo Hern\u00e1ndez, principal se\u00f1alada por la oposici\u00f3n y colectivos profesionales, ha descartado dimitir. Afirma que su deber es \u201cmejorar el sistema\u201d y que su prioridad es que las mujeres afectadas reciban informaci\u00f3n y atenci\u00f3n r\u00e1pida.<\/p>\n<p class=\"\"><b>\u00bfY ahora qu\u00e9? <\/b>La Junta afronta un posible aluvi\u00f3n de demandas judiciales, tanto colectivas como individuales, que podr\u00edan suponer un fuerte coste econ\u00f3mico. <\/p>\n<ul>\n<li>M\u00e1s all\u00e1 del dinero, la crisis cuestiona la credibilidad de la sanidad andaluza y coloca al Gobierno de Moreno en el centro de un debate pol\u00edtico y social que promete alargarse en el tiempo.<\/li>\n<\/ul>\n<p class=\"\">\u00a9Foto: Mar\u00eda Jos\u00e9 L\u00f3pez (Europa Press)<\/p>\n<p class=\"\"><a href=\"https:\/\/elpais.com\/espana\/2025-10-04\/la-crisis-del-cribado-de-cancer-de-mama-en-andalucia-trastoca-la-estrategia-electoral-de-moreno-bonilla.html\" target=\"_self\" rel=\"nofollow noopener\" title=\"https:\/\/elpais.com\/espana\/2025-10-04\/la-crisis-del-cribado-de-cancer-de-mama-en-andalucia-trastoca-la-estrategia-electoral-de-moreno-bonilla.html\">Si quieres saber m\u00e1s, puedes leer aqu\u00ed.<\/a><\/p>\n","protected":false},"excerpt":{"rendered":"25\/09\/2025 El presidente de la Junta de Andaluc\u00eda, Juanma Moreno, interviene durante la sesi\u00f3n de control en el&hellip;\n","protected":false},"author":2,"featured_media":155989,"comment_status":"","ping_status":"","sticky":false,"template":"","format":"standard","meta":{"footnotes":""},"categories":[8],"tags":[259,17,18,1066,25,24,13,14,11,6138,26166,19,20,9,10,15,16,1811,17109,23,12,21,22],"class_list":{"0":"post-155988","1":"post","2":"type-post","3":"status-publish","4":"format-standard","5":"has-post-thumbnail","7":"category-espana","8":"tag-andalucia","9":"tag-breaking-news","10":"tag-breakingnews","11":"tag-cancer","12":"tag-es","13":"tag-espana","14":"tag-featured-news","15":"tag-featurednews","16":"tag-headlines","17":"tag-hospitales","18":"tag-juan-manuel-moreno","19":"tag-latest-news","20":"tag-latestnews","21":"tag-news","22":"tag-noticias","23":"tag-noticias-destacadas","24":"tag-noticiasdestacadas","25":"tag-sanidad","26":"tag-sanidad-publica","27":"tag-spain","28":"tag-titulares","29":"tag-ultimas-noticias","30":"tag-ultimasnoticias"},"share_on_mastodon":{"url":"","error":""},"_links":{"self":[{"href":"https:\/\/www.europesays.com\/es\/wp-json\/wp\/v2\/posts\/155988","targetHints":{"allow":["GET"]}}],"collection":[{"href":"https:\/\/www.europesays.com\/es\/wp-json\/wp\/v2\/posts"}],"about":[{"href":"https:\/\/www.europesays.com\/es\/wp-json\/wp\/v2\/types\/post"}],"author":[{"embeddable":true,"href":"https:\/\/www.europesays.com\/es\/wp-json\/wp\/v2\/users\/2"}],"replies":[{"embeddable":true,"href":"https:\/\/www.europesays.com\/es\/wp-json\/wp\/v2\/comments?post=155988"}],"version-history":[{"count":0,"href":"https:\/\/www.europesays.com\/es\/wp-json\/wp\/v2\/posts\/155988\/revisions"}],"wp:featuredmedia":[{"embeddable":true,"href":"https:\/\/www.europesays.com\/es\/wp-json\/wp\/v2\/media\/155989"}],"wp:attachment":[{"href":"https:\/\/www.europesays.com\/es\/wp-json\/wp\/v2\/media?parent=155988"}],"wp:term":[{"taxonomy":"category","embeddable":true,"href":"https:\/\/www.europesays.com\/es\/wp-json\/wp\/v2\/categories?post=155988"},{"taxonomy":"post_tag","embeddable":true,"href":"https:\/\/www.europesays.com\/es\/wp-json\/wp\/v2\/tags?post=155988"}],"curies":[{"name":"wp","href":"https:\/\/api.w.org\/{rel}","templated":true}]}}