{"id":155996,"date":"2025-10-04T05:38:09","date_gmt":"2025-10-04T05:38:09","guid":{"rendered":"https:\/\/www.europesays.com\/es\/155996\/"},"modified":"2025-10-04T05:38:09","modified_gmt":"2025-10-04T05:38:09","slug":"fernando-ros-binario-libros-el-pequeno-comercio-ofrece-una-imagen-de-cada-ciudad-que-hay-que-proteger","status":"publish","type":"post","link":"https:\/\/www.europesays.com\/es\/155996\/","title":{"rendered":"Fernando Ros, Binario Libros: \u00abEl peque\u00f1o comercio ofrece una imagen de cada ciudad que hay que proteger\u00bb"},"content":{"rendered":"<p>El relevo para Binario Libros lleg\u00f3 de una manera l\u00f3gica para una librer\u00eda: a trav\u00e9s de la palabra escrita en papel. En concreto en un  &#8230; cartel en la puerta del establecimiento. \u00abEs la librer\u00eda del barrio de hace much\u00edsimo tiempo, como 30 o 40 a\u00f1os, y un d\u00eda paseando vimos: &#8216;Nos jubilamos&#8217; y una pregunta que me pareci\u00f3 muy graciosa: &#8216;\u00bfTe gustar\u00eda tener tu propia librer\u00eda?&#8217;\u00bb, recuerda Fernando Ros, el propietario del comercio desde el a\u00f1o pasado, cuando respondi\u00f3, junto a su pareja Joana Larrea, con un &#8216;s\u00ed&#8217; a la pregunta que figuraba en el escaparate. <\/p>\n<p class=\"v-p\">As\u00ed empez\u00f3 esta historia, con cierto aire rom\u00e1ntico, pero al que tuvieron que acompa\u00f1ar de un sentido pr\u00e1ctico. Para asegurarse de cumplir con todas las garant\u00edas acudieron al programa &#8216;Berriz Enpresa&#8217; del Gobierno vasco y que se desarrolla a trav\u00e9s de las C\u00e1maras de Comercio de Euskadi. \u00abNosotros no ten\u00edamos ninguna experiencia, ten\u00edamos el romanticismo, pero no ten\u00edamos el conocimiento. Con lo cual, lo que s\u00ed que ten\u00edamos claro es que necesit\u00e1bamos a alguien que s\u00ed que lo tuviera. Entonces, la decisi\u00f3n del traspaso no la tomamos hasta que encontramos a esa persona, Rosa, que tiene much\u00edsimos a\u00f1os de experiencia y ha resultado la persona perfecta para llevar la atenci\u00f3n al cliente\u00bb, detalla Ros. <\/p>\n<p class=\"v-p\">Una vez tomada la decisi\u00f3n lleg\u00f3 el momento de llevar a cabo el proceso. \u00abEs un procedimiento interesante porque tienes que dejar de lado la parte rom\u00e1ntica y analizar c\u00f3mo entr\u00e1bamos y qu\u00e9 opciones hab\u00eda. Al final, los n\u00fameros daban para sostenerse y nos lanzamos\u00bb. <\/p>\n<p class=\"v-p\">Una vez gestionado todo, decidieron hacer alg\u00fan peque\u00f1o cambio en la librer\u00eda, pero &#8216;con cabeza&#8217;. \u00abTen\u00edamos claro que un comercio con casi 40 a\u00f1os de experiencia, en el que al entrar ya notabas que ten\u00eda mucho tiempo, hab\u00eda cosas que no pod\u00edamos ni quer\u00edamos cambiar. No quer\u00edamos hacer algo moderno, ni algo &#8216;minimal&#8217; como se lleva ahora. Se trataba de coger una librer\u00eda de siempre, conservar incluso el olor, y darle algunas cosas que cre\u00edamos que podr\u00edamos aportar para que tuviera m\u00e1s dinamismo\u00bb, explica Fernando. El toque personal que cada uno quiere imponer a su negocio, pero sin perder la esencia. <\/p>\n<p class=\"v-p\">En cuanto a las dificultades que pueden surgir, los nuevos propietarios tienen claro que hay que llegar al p\u00fablico. \u00abSomos conscientes de que hay que estar en redes sociales, pero queremos ofrecer a la gente algo diferenciador, experiencia de compra, sin necesidad de que les gusten las redes. Y, por otro lado, una de las cosas que tenemos prevista es desarrollar la venta on line\u00bb. <\/p>\n<p class=\"v-p\">\u00bfY c\u00f3mo ve Fernando Ros el futuro? \u00abPues seg\u00fan la ma\u00f1ana. Lo que s\u00ed tengo claro es que hay que defender el peque\u00f1o comercio. Creo que ofrecen una imagen de cada ciudad que hay que proteger, es una identidad propia. Igual que se protege al Athletic como identidad, de alguna forma el peque\u00f1o comercio deber\u00eda empezar a formar parte de esa identidad\u00bb. <\/p>\n<p class=\"v-p\">Con la colaboraci\u00f3n del departamento de Turismo, Comercio y Consumo del Gobierno vasco.<\/p>\n","protected":false},"excerpt":{"rendered":"El relevo para Binario Libros lleg\u00f3 de una manera l\u00f3gica para una librer\u00eda: a trav\u00e9s de la palabra&hellip;\n","protected":false},"author":2,"featured_media":155997,"comment_status":"","ping_status":"","sticky":false,"template":"","format":"standard","meta":{"footnotes":""},"categories":[172],"tags":[46723,224,777,3903,146,147,25,24,2421,1157,225,8400,2050,9660,34682,23],"class_list":{"0":"post-155996","1":"post","2":"type-post","3":"status-publish","4":"format-standard","5":"has-post-thumbnail","7":"category-libros","8":"tag-binario","9":"tag-books","10":"tag-ciudad","11":"tag-comercio","12":"tag-entertainment","13":"tag-entretenimiento","14":"tag-es","15":"tag-espana","16":"tag-fernando","17":"tag-imagen","18":"tag-libros","19":"tag-ofrece","20":"tag-pequeno","21":"tag-proteger","22":"tag-ros","23":"tag-spain"},"share_on_mastodon":{"url":"","error":""},"_links":{"self":[{"href":"https:\/\/www.europesays.com\/es\/wp-json\/wp\/v2\/posts\/155996","targetHints":{"allow":["GET"]}}],"collection":[{"href":"https:\/\/www.europesays.com\/es\/wp-json\/wp\/v2\/posts"}],"about":[{"href":"https:\/\/www.europesays.com\/es\/wp-json\/wp\/v2\/types\/post"}],"author":[{"embeddable":true,"href":"https:\/\/www.europesays.com\/es\/wp-json\/wp\/v2\/users\/2"}],"replies":[{"embeddable":true,"href":"https:\/\/www.europesays.com\/es\/wp-json\/wp\/v2\/comments?post=155996"}],"version-history":[{"count":0,"href":"https:\/\/www.europesays.com\/es\/wp-json\/wp\/v2\/posts\/155996\/revisions"}],"wp:featuredmedia":[{"embeddable":true,"href":"https:\/\/www.europesays.com\/es\/wp-json\/wp\/v2\/media\/155997"}],"wp:attachment":[{"href":"https:\/\/www.europesays.com\/es\/wp-json\/wp\/v2\/media?parent=155996"}],"wp:term":[{"taxonomy":"category","embeddable":true,"href":"https:\/\/www.europesays.com\/es\/wp-json\/wp\/v2\/categories?post=155996"},{"taxonomy":"post_tag","embeddable":true,"href":"https:\/\/www.europesays.com\/es\/wp-json\/wp\/v2\/tags?post=155996"}],"curies":[{"name":"wp","href":"https:\/\/api.w.org\/{rel}","templated":true}]}}