{"id":155998,"date":"2025-10-04T05:41:10","date_gmt":"2025-10-04T05:41:10","guid":{"rendered":"https:\/\/www.europesays.com\/es\/155998\/"},"modified":"2025-10-04T05:41:10","modified_gmt":"2025-10-04T05:41:10","slug":"prime-video-recupera-desde-hoy-y-gratis-todas-las-peliculas-de-este-iconico-espia","status":"publish","type":"post","link":"https:\/\/www.europesays.com\/es\/155998\/","title":{"rendered":"Prime Video recupera desde hoy y gratis todas las pel\u00edculas de este ic\u00f3nico esp\u00eda"},"content":{"rendered":"<p>La <a href=\"https:\/\/www.elindependiente.com\/tendencias\/cine\/2025\/02\/23\/amazon-compra-james-bond-bezos-007-woke\/\" rel=\"nofollow noopener\" target=\"_blank\">saga<\/a> cinematogr\u00e1fica de <strong>James Bond<\/strong> en <strong>Prime Video<\/strong> es como el <a href=\"https:\/\/www.elindependiente.com\/sociedad\/sucesos\/2025\/06\/10\/continua-busqueda-preso-carcel-badajoz-rio-guadiana\/\" rel=\"nofollow noopener\" target=\"_blank\">r\u00edo Guadiana<\/a>: aparece y desaparece. Para no faltar a la verdad, diremos que las 25 pel\u00edculas oficiales sobre <a href=\"https:\/\/www.elindependiente.com\/tendencias\/cine\/2025\/03\/31\/helen-mirren-no-quiere-a-una-mujer-haciendo-de-james-bond-es-profundamente-sexista\/\" rel=\"nofollow noopener\" target=\"_blank\">el esp\u00eda m\u00e1s famoso del planeta<\/a> no dejaron de estar disponibles en <a href=\"https:\/\/www.elindependiente.com\/etiquetas\/amazon-prime-video\/\" rel=\"nofollow noopener\" target=\"_blank\">la plataforma de Amazon<\/a>. Hasta el d\u00eda de ayer, todo suscriptor de <strong>Prime Video<\/strong> pod\u00eda acceder a \u2013por mencionar la \u00faltima\u2013 Sin tiempo para morir (2021) siempre y cuando comprase o alquilase el t\u00edtulo protagonizado por <a href=\"https:\/\/www.elindependiente.com\/tendencias\/2017\/08\/16\/daniel-craig-confirma-sera-007-nuevo\/\" rel=\"nofollow noopener\" target=\"_blank\">Daniel Craig<\/a>. O sea, hab\u00eda que apoquinar.<\/p>\n<p>No est\u00e1n todas <strong>las pel\u00edculas de James Bond en Prime Video<\/strong>, pero s\u00ed son todas las que est\u00e1n. A partir de este mi\u00e9rcoles 1 de octubre, la plataforma de Amazon incorpora a su librer\u00eda &#8216;gratuita&#8217; la mayor\u00eda de los t\u00edtulos del ic\u00f3nico personaje creado por Ian Fleming.<\/p>\n<p><a href=\"https:\/\/www.elindependiente.com\/tendencias\/cultura\/2019\/11\/26\/daniel-craig-punales-por-la-espalda-es-la-version-moderna-del-genero-detectivesco\/\" rel=\"nofollow noopener\" target=\"_blank\">Daniel Craig<\/a> (38-51 a\u00f1os), <a href=\"https:\/\/www.elindependiente.com\/series-y-television\/2025\/08\/11\/arturo-perez-reverte-recomienda-serie-tierra-mafiosos\/\" rel=\"nofollow noopener\" target=\"_blank\">Pierce Brosnan (42-49)<\/a>, Timothy Dalton (41-41), <a href=\"https:\/\/www.elindependiente.com\/tendencias\/2017\/05\/23\/muere-actor-sir-roger-moore\/\" rel=\"nofollow noopener\" target=\"_blank\">Roger Moore<\/a> (45-57), <a href=\"https:\/\/www.elindependiente.com\/tendencias\/2020\/10\/31\/muere-el-actor-sean-connery-a-los-90-anos\/\" rel=\"nofollow noopener\" target=\"_blank\">Sean Connery<\/a> (32-41) y George Lazenby (29) son los <strong>James Bond<\/strong> de las \u00faltimas seis d\u00e9cadas.<\/p>\n<p>Qui\u00e9n ser\u00e1 el s\u00e9ptimo <strong>James Bond<\/strong> en la pel\u00edcula n\u00famero 26 es todav\u00eda un enigma que, tarde o temprano, resolver\u00e1n Amazon y la <a href=\"https:\/\/www.elindependiente.com\/tendencias\/cultura\/2021\/05\/26\/amazon-acuerda-la-compra-de-metro-goldwyn-mayer-por-8-450-millones-de-dolares\/\" rel=\"nofollow noopener\" target=\"_blank\">Metro-Goldwyn-Mayer<\/a>. Ni una coma pondr\u00e1n los herederos del esp\u00eda <a href=\"https:\/\/www.elindependiente.com\/tendencias\/cultura\/2019\/07\/15\/mujer-negra-asi-la-nueva-agente-007\/\" rel=\"nofollow noopener\" target=\"_blank\">Barbara Broccoli<\/a> y Michael G. Wilson. <a href=\"https:\/\/www.elindependiente.com\/tendencias\/cine\/2025\/03\/31\/helen-mirren-no-quiere-a-una-mujer-haciendo-de-james-bond-es-profundamente-sexista\/\" rel=\"nofollow noopener\" target=\"_blank\">Helen Mirren<\/a> ya ha dicho que <strong>James Bond<\/strong> debe ser un hombre, y punto.<\/p>\n<p>Denis Villeneuve dirigir\u00e1 James Bond 26 (2028)<\/p>\n<p>S\u00ed ha trascendido, tras mil y un rumores, qui\u00e9n ser\u00e1 su director: <a href=\"https:\/\/www.elindependiente.com\/tendencias\/cine\/2025\/06\/26\/proxima-pelicula-james-bond-director-denis-villeneuve\/\" rel=\"nofollow noopener\" target=\"_blank\">Denis Villeneuve<\/a>, cuya filmograf\u00eda es sensacional. Dune, <a href=\"https:\/\/www.elindependiente.com\/tendencias\/2017\/10\/06\/blade-runner-2049-sonando-ovejas-electricas\/\" rel=\"nofollow noopener\" target=\"_blank\">Blade Runner 2049<\/a>, La llegada, Prisioneros, Sicario&#8230; La pel\u00edcula deber\u00eda grabarse en 2027 y estrenarse en 2028.<\/p>\n<p>A ning\u00fan director, a excepci\u00f3n del taquillero <a href=\"https:\/\/www.elindependiente.com\/tendencias\/2019\/10\/01\/trailer-pelicula-inmersiva-primera-guerra-mundial\/\" rel=\"nofollow noopener\" target=\"_blank\">Sam Mendes<\/a> (Spectre, Skyfall), se le recordar\u00e1 por esta saga. Entre los candidatos no oficiales para interpretar al esp\u00eda est\u00e1n <a href=\"https:\/\/www.elindependiente.com\/gente\/2024\/03\/20\/aaron-taylor-johnson-suegra-vaticino-james-bond\/\" rel=\"nofollow noopener\" target=\"_blank\">Aaron Taylor-Johnson<\/a> (35), Harris Dickinson (29), <a href=\"https:\/\/www.elindependiente.com\/gente\/2023\/11\/18\/jacob-elordi-renegar-del-pasado\/\" rel=\"nofollow noopener\" target=\"_blank\">Jabob Elordi<\/a> (28) y <a href=\"https:\/\/www.elindependiente.com\/tendencias\/2025\/09\/22\/tom-holland-accidente-rodaje\/\" rel=\"nofollow noopener\" target=\"_blank\">Tom Holland<\/a> (29).<\/p>\n<p>Las cinco mejores entregas de la saga<\/p>\n<p>Para gustos, los colores. No hay consenso entre la cr\u00edtica y el p\u00fablico de cu\u00e1l es la mejor pel\u00edcula de <strong>James Bond<\/strong>. S\u00ed hay favoritas, como <strong>James Bond contra Goldfinge<\/strong>r (1964), <strong>Desde Rusia con amor<\/strong> (1963), <strong>Agente 007 contra el Dr. No<\/strong> (1962), <strong>Casino Royale<\/strong> (2006) y <strong>Skyfall<\/strong> (2012). Casualidad, o no, <strong>Sean Connery<\/strong> y <strong>Daniel Craig<\/strong> son los <strong>James Bond<\/strong> predilectos para la audiencia. Uno, por original; el otro, por moderno.<\/p>\n<p>PUBLICIDAD<\/p>\n","protected":false},"excerpt":{"rendered":"La saga cinematogr\u00e1fica de James Bond en Prime Video es como el r\u00edo Guadiana: aparece y desaparece. Para&hellip;\n","protected":false},"author":2,"featured_media":155999,"comment_status":"","ping_status":"","sticky":false,"template":"","format":"standard","meta":{"footnotes":""},"categories":[169],"tags":[6826,177,146,147,25,24,6750,176,175,23],"class_list":{"0":"post-155998","1":"post","2":"type-post","3":"status-publish","4":"format-standard","5":"has-post-thumbnail","7":"category-cine","8":"tag-amazon-prime-video","9":"tag-cine","10":"tag-entertainment","11":"tag-entretenimiento","12":"tag-es","13":"tag-espana","14":"tag-estrenos","15":"tag-film","16":"tag-movies","17":"tag-spain"},"share_on_mastodon":{"url":"","error":""},"_links":{"self":[{"href":"https:\/\/www.europesays.com\/es\/wp-json\/wp\/v2\/posts\/155998","targetHints":{"allow":["GET"]}}],"collection":[{"href":"https:\/\/www.europesays.com\/es\/wp-json\/wp\/v2\/posts"}],"about":[{"href":"https:\/\/www.europesays.com\/es\/wp-json\/wp\/v2\/types\/post"}],"author":[{"embeddable":true,"href":"https:\/\/www.europesays.com\/es\/wp-json\/wp\/v2\/users\/2"}],"replies":[{"embeddable":true,"href":"https:\/\/www.europesays.com\/es\/wp-json\/wp\/v2\/comments?post=155998"}],"version-history":[{"count":0,"href":"https:\/\/www.europesays.com\/es\/wp-json\/wp\/v2\/posts\/155998\/revisions"}],"wp:featuredmedia":[{"embeddable":true,"href":"https:\/\/www.europesays.com\/es\/wp-json\/wp\/v2\/media\/155999"}],"wp:attachment":[{"href":"https:\/\/www.europesays.com\/es\/wp-json\/wp\/v2\/media?parent=155998"}],"wp:term":[{"taxonomy":"category","embeddable":true,"href":"https:\/\/www.europesays.com\/es\/wp-json\/wp\/v2\/categories?post=155998"},{"taxonomy":"post_tag","embeddable":true,"href":"https:\/\/www.europesays.com\/es\/wp-json\/wp\/v2\/tags?post=155998"}],"curies":[{"name":"wp","href":"https:\/\/api.w.org\/{rel}","templated":true}]}}