{"id":156004,"date":"2025-10-04T05:46:06","date_gmt":"2025-10-04T05:46:06","guid":{"rendered":"https:\/\/www.europesays.com\/es\/156004\/"},"modified":"2025-10-04T05:46:06","modified_gmt":"2025-10-04T05:46:06","slug":"que-dividendos-cobraran-los-accionistas-de-bbva-y-sabadell-expansion","status":"publish","type":"post","link":"https:\/\/www.europesays.com\/es\/156004\/","title":{"rendered":"Qu\u00e9 dividendos cobrar\u00e1n los accionistas de BBVA y Sabadell &#8211; Expansi\u00f3n"},"content":{"rendered":"<ol>\n<li><a href=\"https:\/\/news.google.com\/rss\/articles\/CBMigAFBVV95cUxNREMxVVJsTDM3bWdfd3k3OW93emhGcnNmVDF2a0hQV1k2dFVlSTJWTk1EQlg5eS1IblJWcm5GZlhtOGxqbXBCdERqMWg0VG52LW9xZnE0WXZOZlZNNTFKVXV5QXpjbk9HSm1sV1ZwTmlmbXlIY1BaU0xnRWJrN1VTd9IBgAFBVV95cUxNN2VoN1d1Zm1qb2tnYzBEaVgwcFNVd0Fqb0NJWnZtODBtLUJwck02TFhSVmVUU1VZNmJ2Q0RfUUlIZDNBOGpyMjZkQkZHME5YaV9GSE1FVXBQeTZJMk01LW5kLURVUy1OU0xDN1UyZWpQb3J3UkQ4emdmQ3pFeUNwSA?oc=5\" target=\"_blank\" rel=\"nofollow noopener\">Qu\u00e9 dividendos cobrar\u00e1n los accionistas de BBVA y Sabadell<\/a>&nbsp;&nbsp;Expansi\u00f3n<\/li>\n<li><a href=\"https:\/\/news.google.com\/rss\/articles\/CBMi2AFBVV95cUxNMkx2dEk5TFVmU1ZTeGpjZnpnbFhkSVNSR3dLcmMyVzF6TzJJVzFzV19Gb3dXc3hIenRLVG55SkNTdjhrb2ZhR3o0QTNEZVRER0JKNFVibEVDdVpuaURkUm9TTTkwWmpzQS1Qay0xOE1RcWNLLS1DY2J6V0Jhc3FZOThONnZTY0otTmFVMGRnUDF5NW5fdXNnTGFfRmoxb2dHbklqUjNFWFJXTEh5OC03cGlGYTJyQzlDTVJ6b01yNzQ2QWF0cklGa2EwTUNoQ2dpaXNnZFJCZHc?oc=5\" target=\"_blank\" rel=\"nofollow noopener\">Torres asegura que el BBVA est\u00e1 recibiendo \u201cmuchas aceptaciones\u201d de accionistas del Sabadell en la opa<\/a>&nbsp;&nbsp;EL PA\u00cdS<\/li>\n<li><a href=\"https:\/\/news.google.com\/rss\/articles\/CBMipgFBVV95cUxPS2ZybE1xaFlzRElMUVB6YjJTMTZKY3JvOFQ4RmJqTFlmcUIzZnBTUkgtbzhGakxjZXVaUnUzZS1ZMXBNcHJfYUdua3NWWHlJZGRJQ3hhdWhYUVVPa19Ga20xZ3BpQTdFTGlmaXhUNkZXLS1MUGpRRmloaUZfV0s1U3RZMmw0aFlCVDVGblctQVBEVUNiT0F6VEFfeUlxbGVzSFBuUndR?oc=5\" target=\"_blank\" rel=\"nofollow noopener\">Gira de Gonz\u00e1lez-Bueno en Londres para convencer a los fondos del fracaso de la opa de BBVA<\/a>&nbsp;&nbsp;El Confidencial<\/li>\n<li><a href=\"https:\/\/news.google.com\/rss\/articles\/CBMirAFBVV95cUxPeGRnSG0waVNXQTZ6d1pYU251WXJ0RlRvN21iNnNkVXpCX0R4ZDVMSG9DTHhaMGtuRGs1SDR2T3dMQ1kxellhazRjUHZlTkQ5MG03WTFDbUExQ2ltTmVzQkl4VTg5c3A5V1RJZ0NJUXZzOGFvWVF3VG8wTEt5ZEZlR19Hd3R4MXpxQXp5di1iWDNRbHBzSXlicjJPRS01VGJVRno3Q0Flb2dLVkxE?oc=5\" target=\"_blank\" rel=\"nofollow noopener\">Apenas el 10% del capital del Sabadell se posiciona a una semana del fin de la opa<\/a>&nbsp;&nbsp;La Vanguardia<\/li>\n<li><a href=\"https:\/\/news.google.com\/rss\/articles\/CBMipAFBVV95cUxPUEFIYkxRNmg2RTlDMlVjanJaa0ZPYzlqRGRiN0hKWHlnZHFuNUlleDM2YjlPQjhPLTZiMFJTUFFXSjE1T1lzR1pCWmstbG14cDlnQk82bXktNHdDdW1qVHlvZUhQaS03eTNZM2toZU9KZFRSSE9xdGc4ZDBlSnlzTktwNlFFUHhGVGFmTkVMRVJRQUp6SzZNUG5BOWlpcV9GVGRwZg?oc=5\" target=\"_blank\" rel=\"nofollow noopener\">Cuerpo recuerda que la CNMV debe velar por las condiciones legales entorno a la OPA<\/a>&nbsp;&nbsp;ABC<\/li>\n<\/ol>\n","protected":false},"excerpt":{"rendered":"Qu\u00e9 dividendos cobrar\u00e1n los accionistas de BBVA y Sabadell&nbsp;&nbsp;Expansi\u00f3n Torres asegura que el BBVA est\u00e1 recibiendo \u201cmuchas aceptaciones\u201d&hellip;\n","protected":false},"author":2,"featured_media":156005,"comment_status":"","ping_status":"","sticky":false,"template":"","format":"standard","meta":{"footnotes":""},"categories":[80],"tags":[82,18925,95,94,25,24,114,23],"class_list":{"0":"post-156004","1":"post","2":"type-post","3":"status-publish","4":"format-standard","5":"has-post-thumbnail","7":"category-economia","8":"tag-business","9":"tag-dividendos","10":"tag-economia","11":"tag-economy","12":"tag-es","13":"tag-espana","14":"tag-mercados","15":"tag-spain"},"share_on_mastodon":{"url":"","error":""},"_links":{"self":[{"href":"https:\/\/www.europesays.com\/es\/wp-json\/wp\/v2\/posts\/156004","targetHints":{"allow":["GET"]}}],"collection":[{"href":"https:\/\/www.europesays.com\/es\/wp-json\/wp\/v2\/posts"}],"about":[{"href":"https:\/\/www.europesays.com\/es\/wp-json\/wp\/v2\/types\/post"}],"author":[{"embeddable":true,"href":"https:\/\/www.europesays.com\/es\/wp-json\/wp\/v2\/users\/2"}],"replies":[{"embeddable":true,"href":"https:\/\/www.europesays.com\/es\/wp-json\/wp\/v2\/comments?post=156004"}],"version-history":[{"count":0,"href":"https:\/\/www.europesays.com\/es\/wp-json\/wp\/v2\/posts\/156004\/revisions"}],"wp:featuredmedia":[{"embeddable":true,"href":"https:\/\/www.europesays.com\/es\/wp-json\/wp\/v2\/media\/156005"}],"wp:attachment":[{"href":"https:\/\/www.europesays.com\/es\/wp-json\/wp\/v2\/media?parent=156004"}],"wp:term":[{"taxonomy":"category","embeddable":true,"href":"https:\/\/www.europesays.com\/es\/wp-json\/wp\/v2\/categories?post=156004"},{"taxonomy":"post_tag","embeddable":true,"href":"https:\/\/www.europesays.com\/es\/wp-json\/wp\/v2\/tags?post=156004"}],"curies":[{"name":"wp","href":"https:\/\/api.w.org\/{rel}","templated":true}]}}