{"id":156006,"date":"2025-10-04T05:48:09","date_gmt":"2025-10-04T05:48:09","guid":{"rendered":"https:\/\/www.europesays.com\/es\/156006\/"},"modified":"2025-10-04T05:48:09","modified_gmt":"2025-10-04T05:48:09","slug":"el-video-que-oculto-la-generalitat-que-vuelve-a-poner-en-entredicho-su-version-sobre-la-alerta-tardia-en-la-dana-el-pais-expres","status":"publish","type":"post","link":"https:\/\/www.europesays.com\/es\/156006\/","title":{"rendered":"El v\u00eddeo que ocult\u00f3 la Generalitat que vuelve a poner en entredicho su versi\u00f3n sobre la alerta tard\u00eda en la dana | El PA\u00cdS Expr\u00e9s"},"content":{"rendered":"<p><img fetchpriority=\"high\" decoding=\"auto\" class=\"_re  a_m-h\" height=\"414\"  width=\"414\"  src=\"https:\/\/www.europesays.com\/es\/wp-content\/uploads\/2025\/10\/BWXRRMX7TBEMRI234MRMKLHWUI.JPG\" loading=\"eager\"\/>DVD1239 (07\/11\/24). Valencia. Nacional. Efectos de la DANA en Valencia. Voluntarios trabajan en Paiporta en tareas de limpieza.\/ \u00d3SCAR CORRAL (EL PA\u00cdS).\u00d3scar Corral <\/p>\n<p class=\"\">El d\u00eda de la dana, la Generalitat Valenciana envi\u00f3 por la noche un mensaje a los tel\u00e9fonos de la poblaci\u00f3n para alertar del riesgo inminente ante una de las mayores cat\u00e1strofes naturales que ha asolado Espa\u00f1a en los \u00faltimos a\u00f1os. LLeg\u00f3 a las 20.11.<\/p>\n<ul>\n<li>Las investigaciones de la jueza de Catarroja aclararon que ese mensaje lleg\u00f3 demasiado tarde, cuando ya se acumulaban los muertos. <\/li>\n<\/ul>\n<p class=\"\"><b>Pero hay una novedad importante:<\/b> un v\u00eddeo que ocult\u00f3 hasta ahora la Generalitat revela que ese mensaje se plante\u00f3 tres horas antes de su env\u00edo, cuando s\u00ed hubiera tenido m\u00e1s efecto. <\/p>\n<ul>\n<li>En las im\u00e1genes, grabadas por una productora, se puede ver a un alto cargo de la Generalitat, el subdirector general de Emergencias, Jorge Su\u00e1rez, indicando en el Cecopi la posibilidad de enviar la alerta. <\/li>\n<li>Tambi\u00e9n se ve a Salom\u00e9 Pradas, que durante la dana era consejera de Justicia e Interior, dando \u00f3rdenes y tomando notas de las intervenciones. <\/li>\n<\/ul>\n<p class=\"\"><b>\u00bfPor qu\u00e9 es importante? <\/b>El v\u00eddeo desmonta la tesis de defensa de Pradas. En su declaraci\u00f3n ante el juzgado el pasado abril, se desmarc\u00f3 de las decisiones relevantes y descarg\u00f3 su responsabilidad en los t\u00e9cnicos. Asegur\u00f3 que no decidi\u00f3 nada y que la alerta no se plante\u00f3 hasta el \u00faltimo momento.<\/p>\n<p class=\"\">\u00a9Foto: \u00d3scar Corral <\/p>\n<p class=\"\"><a href=\"https:\/\/elpais.com\/espana\/comunidad-valenciana\/2025-10-03\/un-video-ocultado-por-la-generalitat-valenciana-revela-que-la-alerta-de-la-dana-se-planeo-con-dos-horas-de-antelacion.html\" target=\"_self\" rel=\"nofollow noopener\" title=\"https:\/\/elpais.com\/espana\/comunidad-valenciana\/2025-10-03\/un-video-ocultado-por-la-generalitat-valenciana-revela-que-la-alerta-de-la-dana-se-planeo-con-dos-horas-de-antelacion.html\">Si quieres saber m\u00e1s, puedes leer aqu\u00ed.<\/a><\/p>\n","protected":false},"excerpt":{"rendered":"DVD1239 (07\/11\/24). Valencia. Nacional. Efectos de la DANA en Valencia. Voluntarios trabajan en Paiporta en tareas de limpieza.\/&hellip;\n","protected":false},"author":2,"featured_media":156007,"comment_status":"","ping_status":"","sticky":false,"template":"","format":"standard","meta":{"footnotes":""},"categories":[8],"tags":[17,18,2007,242,1681,4978,25,24,13,14,11,19,20,9,10,15,16,23,12,21,22,235],"class_list":{"0":"post-156006","1":"post","2":"type-post","3":"status-publish","4":"format-standard","5":"has-post-thumbnail","7":"category-espana","8":"tag-breaking-news","9":"tag-breakingnews","10":"tag-carlos-mazon","11":"tag-comunidad-valenciana","12":"tag-dana","13":"tag-emergencias","14":"tag-es","15":"tag-espana","16":"tag-featured-news","17":"tag-featurednews","18":"tag-headlines","19":"tag-latest-news","20":"tag-latestnews","21":"tag-news","22":"tag-noticias","23":"tag-noticias-destacadas","24":"tag-noticiasdestacadas","25":"tag-spain","26":"tag-titulares","27":"tag-ultimas-noticias","28":"tag-ultimasnoticias","29":"tag-valencia"},"share_on_mastodon":{"url":"","error":""},"_links":{"self":[{"href":"https:\/\/www.europesays.com\/es\/wp-json\/wp\/v2\/posts\/156006","targetHints":{"allow":["GET"]}}],"collection":[{"href":"https:\/\/www.europesays.com\/es\/wp-json\/wp\/v2\/posts"}],"about":[{"href":"https:\/\/www.europesays.com\/es\/wp-json\/wp\/v2\/types\/post"}],"author":[{"embeddable":true,"href":"https:\/\/www.europesays.com\/es\/wp-json\/wp\/v2\/users\/2"}],"replies":[{"embeddable":true,"href":"https:\/\/www.europesays.com\/es\/wp-json\/wp\/v2\/comments?post=156006"}],"version-history":[{"count":0,"href":"https:\/\/www.europesays.com\/es\/wp-json\/wp\/v2\/posts\/156006\/revisions"}],"wp:featuredmedia":[{"embeddable":true,"href":"https:\/\/www.europesays.com\/es\/wp-json\/wp\/v2\/media\/156007"}],"wp:attachment":[{"href":"https:\/\/www.europesays.com\/es\/wp-json\/wp\/v2\/media?parent=156006"}],"wp:term":[{"taxonomy":"category","embeddable":true,"href":"https:\/\/www.europesays.com\/es\/wp-json\/wp\/v2\/categories?post=156006"},{"taxonomy":"post_tag","embeddable":true,"href":"https:\/\/www.europesays.com\/es\/wp-json\/wp\/v2\/tags?post=156006"}],"curies":[{"name":"wp","href":"https:\/\/api.w.org\/{rel}","templated":true}]}}