{"id":156021,"date":"2025-10-04T06:11:10","date_gmt":"2025-10-04T06:11:10","guid":{"rendered":"https:\/\/www.europesays.com\/es\/156021\/"},"modified":"2025-10-04T06:11:10","modified_gmt":"2025-10-04T06:11:10","slug":"sanchez-quiere-incluir-el-derecho-al-aborto-en-la-constitucion-pero-el-pp-no-lo-va-a-poner-facil-el-pais-expres","status":"publish","type":"post","link":"https:\/\/www.europesays.com\/es\/156021\/","title":{"rendered":"S\u00e1nchez quiere incluir el derecho al aborto en la Constituci\u00f3n, pero el PP no lo va a poner f\u00e1cil | El PA\u00cdS Expr\u00e9s"},"content":{"rendered":"<p><img fetchpriority=\"high\" decoding=\"auto\" class=\"_re  a_m-h\" height=\"414\"  width=\"414\"  src=\"https:\/\/www.europesays.com\/es\/wp-content\/uploads\/2025\/10\/OSDHQ4E6ENDBXLQ6YW76JBJMUY.jpg\" loading=\"eager\"\/>1706437857Foto: Europa Press News<\/p>\n<p class=\"\">El Gobierno quiere blindar el derecho al aborto. El presidente, Pedro S\u00e1nchez, anunci\u00f3 que quiere llevar al Congreso una propuesta de reforma para incluirlo en la Constituci\u00f3n. <\/p>\n<p class=\"\"><b>\u00bfPor qu\u00e9 ahora?<\/b> La iniciativa llega como respuesta a la moci\u00f3n de Vox apoyada por el PP en el Ayuntamiento de Madrid, en la que se planteaba la obligaci\u00f3n de informar a las mujeres de un supuesto s\u00edndrome posaborto sin ninguna base cient\u00edfica.<\/p>\n<ul>\n<li>Si la norma se incluye en la Constituci\u00f3n, ning\u00fan partido podr\u00e1 legislar para limitar este derecho, reconocido en Espa\u00f1a como tal desde 1985.<\/li>\n<\/ul>\n<p class=\"\"><b>Dos ejemplos en las ant\u00edpodas. <\/b>En 2022, Estados Unidos acab\u00f3 con la protecci\u00f3n constitucional de este derecho, mientras el pasado marzo Francia lo blind\u00f3 en su carta magna.<\/p>\n<p class=\"\"><b>\u00bfQu\u00e9 se necesita para lograrlo?<\/b> La reforma de la Constituci\u00f3n necesitar\u00eda una mayor\u00eda cualificada de tres quintos. <\/p>\n<ul>\n<li>Esto incluye el voto a favor del PP, que tiene una gran divisi\u00f3n interna sobre el tema. <\/li>\n<li>El vicesecretario del Partido Popular Juan Bravo dijo que el partido rechaza la reforma, ya que existe \u201cuna ley que lo regula, y en ese sentido es suficiente\u201d.<\/li>\n<\/ul>\n<p class=\"\">\u00a9Foto: Europa Press News<\/p>\n<p class=\"\"><a href=\"https:\/\/elpais.com\/espana\/2025-10-03\/sanchez-propone-incluir-el-aborto-en-la-constitucion-para-evitar-que-el-pp-y-vox-puedan-ponerlo-en-riesgo.html\" target=\"_self\" rel=\"nofollow noopener\" title=\"https:\/\/elpais.com\/espana\/2025-10-03\/sanchez-propone-incluir-el-aborto-en-la-constitucion-para-evitar-que-el-pp-y-vox-puedan-ponerlo-en-riesgo.html\">Si quieres saber m\u00e1s, puedes leer aqu\u00ed.<\/a><\/p>\n","protected":false},"excerpt":{"rendered":"1706437857Foto: Europa Press News El Gobierno quiere blindar el derecho al aborto. El presidente, Pedro S\u00e1nchez, anunci\u00f3 que&hellip;\n","protected":false},"author":2,"featured_media":156022,"comment_status":"","ping_status":"","sticky":false,"template":"","format":"standard","meta":{"footnotes":""},"categories":[8],"tags":[17020,17,18,11298,25,24,13,14,4910,582,11,19,20,4044,9,10,15,16,2959,1699,166,1452,23,4453,12,21,22],"class_list":{"0":"post-156021","1":"post","2":"type-post","3":"status-publish","4":"format-standard","5":"has-post-thumbnail","7":"category-espana","8":"tag-aborto","9":"tag-breaking-news","10":"tag-breakingnews","11":"tag-constitucion","12":"tag-es","13":"tag-espana","14":"tag-featured-news","15":"tag-featurednews","16":"tag-feminismo","17":"tag-gobierno","18":"tag-headlines","19":"tag-latest-news","20":"tag-latestnews","21":"tag-mujeres","22":"tag-news","23":"tag-noticias","24":"tag-noticias-destacadas","25":"tag-noticiasdestacadas","26":"tag-pedro-sanchez","27":"tag-psoe","28":"tag-salud","29":"tag-salud-publica","30":"tag-spain","31":"tag-sumar","32":"tag-titulares","33":"tag-ultimas-noticias","34":"tag-ultimasnoticias"},"share_on_mastodon":{"url":"","error":""},"_links":{"self":[{"href":"https:\/\/www.europesays.com\/es\/wp-json\/wp\/v2\/posts\/156021","targetHints":{"allow":["GET"]}}],"collection":[{"href":"https:\/\/www.europesays.com\/es\/wp-json\/wp\/v2\/posts"}],"about":[{"href":"https:\/\/www.europesays.com\/es\/wp-json\/wp\/v2\/types\/post"}],"author":[{"embeddable":true,"href":"https:\/\/www.europesays.com\/es\/wp-json\/wp\/v2\/users\/2"}],"replies":[{"embeddable":true,"href":"https:\/\/www.europesays.com\/es\/wp-json\/wp\/v2\/comments?post=156021"}],"version-history":[{"count":0,"href":"https:\/\/www.europesays.com\/es\/wp-json\/wp\/v2\/posts\/156021\/revisions"}],"wp:featuredmedia":[{"embeddable":true,"href":"https:\/\/www.europesays.com\/es\/wp-json\/wp\/v2\/media\/156022"}],"wp:attachment":[{"href":"https:\/\/www.europesays.com\/es\/wp-json\/wp\/v2\/media?parent=156021"}],"wp:term":[{"taxonomy":"category","embeddable":true,"href":"https:\/\/www.europesays.com\/es\/wp-json\/wp\/v2\/categories?post=156021"},{"taxonomy":"post_tag","embeddable":true,"href":"https:\/\/www.europesays.com\/es\/wp-json\/wp\/v2\/tags?post=156021"}],"curies":[{"name":"wp","href":"https:\/\/api.w.org\/{rel}","templated":true}]}}