{"id":156026,"date":"2025-10-04T06:24:25","date_gmt":"2025-10-04T06:24:25","guid":{"rendered":"https:\/\/www.europesays.com\/es\/156026\/"},"modified":"2025-10-04T06:24:25","modified_gmt":"2025-10-04T06:24:25","slug":"miguel-bonnefoy-todo-el-mundo-tiene-una-historia-familiar-asombrosa","status":"publish","type":"post","link":"https:\/\/www.europesays.com\/es\/156026\/","title":{"rendered":"Miguel Bonnefoy: \u00abTodo el mundo tiene una historia familiar asombrosa\u00bb"},"content":{"rendered":"<p>Irene Dalmases | Barcelona (EFE).- Si en \u2018Herencia\u2019, finalista del Gouncourt, el escritor francovenezolano Miguel Bonnefoy indagaba en las generaciones francesas de la familia, ahora en \u2018El sue\u00f1o del jaguar\u2019, galardonada con el Gran Premio de Novela de la Academia Francesa y el Premio Femina 2024. En esta obra, descubre la mitolog\u00eda relacionada con sus abuelos venezolanos.<\/p>\n<p>En una entrevista con EFE, sostiene que todo el mundo tiene \u00abuna historia familiar asombrosa\u00bb. Asimismo, se muestra convencido de que \u00absomos el resultado de las historias que nos contaron\u00bb, y, \u00e9l, las ha escuchado de todos los colores.<\/p>\n<p>\u00abLlegu\u00e9 a una edad -confiesa- en la que tras o\u00edr lo que me contaba mi madre sobre sus progenitores pens\u00e9: si a ti te parece que dos y dos son cinco, pues, maravilloso\u00bb.<\/p>\n<p>En su nuevo t\u00edtulo, tiznado de realismo m\u00e1gico, traducido a una veintena de idiomas y que en Espa\u00f1a publican Asteroide y Les Hores en catal\u00e1n. Ha fabulado siempre que ha querido, a\u00fan partiendo de la realidad que vivieron sus abuelos maternos. \u00c9l, Antonio, era un m\u00e9dico fundador de la primera universidad de Maracaibo, y, ella, Ana Mar\u00eda, la primera mujer m\u00e9dico del estado de Zulia y destacada activista social en Venezuela.<\/p>\n<p>Todo el mundo ten\u00eda su \u00abcuentecito\u00bb de Antonio y Ana Mar\u00eda<\/p>\n<p>Personajes muy populares en Maracaibo, todo el mundo ten\u00eda de ellos \u00absu cuentecito, algo que con el tiempo se va modificando, cambiando\u00bb. Y cuando los escuchas parece que se est\u00e1 hablando de Aquiles, mientras mi abuela parece una figura de siete metros que, con una sola mano, por su profesi\u00f3n de obstetra, ha parido a la mitad de la ciudad.<\/p>\n<p>De ella se dec\u00eda, aunque hija de una familia muy humilde, que era una mujer \u00abtan elegante que cuando estaba en la sala de partos se dejaba puesto su collar de diamantes y un solitario\u00bb.<\/p>\n<p>Su abuelo, por su parte, fue un ni\u00f1o hu\u00e9rfano, con una madre muerta en el parto y un padre, marino. Este dej\u00f3 al ni\u00f1o a los tres o cuatro d\u00edas de nacer al cuidado de la se\u00f1ora Teresa, una conocida de una conocida, de la que se dec\u00eda que no hablaba, una se\u00f1ora de la calle. As\u00ed, Antonio \u00abtuvo una vida dickensiana, llena de rufianes y ladrones, cazando iguanas y pescando pescaitos y cangrejos en el lago de Maracaibo\u00bb, cuando era un ni\u00f1o, con una suerte que cambi\u00f3 de repente, como se relata en el libro.<\/p>\n<p><img data-recalc-dims=\"1\" fetchpriority=\"high\" decoding=\"async\" width=\"900\" height=\"599\" src=\"https:\/\/www.europesays.com\/es\/wp-content\/uploads\/2025\/10\/GRAFCAT2794-SPAIN-LITERATURE.webp\" alt=\"\" class=\"wp-image-2193475\"  \/>Miguel Bonnefoy en Barcelona en la presentaci\u00f3n de su libro \u2018El sue\u00f1o del jaguar\u2019. EFE\/ Enric Fontcuberta<\/p>\n<p>Dejarse llevar por la mitolog\u00eda<\/p>\n<p>A la hora de armar este artefacto literario, Bonnefoy se dej\u00f3 llevar \u00abconscientemente por toda esta mitolog\u00eda, dici\u00e9ndome, qu\u00e9 rico, ya el libro est\u00e1 escrito\u00bb.<\/p>\n<p>Ahondando en la peripecia vital de su abuela, explica que fue criada en una situaci\u00f3n vulnerable, con una madre que \u00abmedio desapareci\u00f3\u00bb, con una actitud marcada por la \u00abtenacidad y la perseverancia\u00bb.<\/p>\n<p>\u00abTermin\u00f3 estudiando en la universidad y siendo la \u00fanica mujer de su promoci\u00f3n. Tenemos una foto heroica, hom\u00e9rica en la familia, en la que se ve a Ana Mar\u00eda en medio de una promoci\u00f3n de 120 hombres. Cuando regres\u00f3 a Maracaibo, en un sector hist\u00f3ricamente masculino, todas las mujeres del lugar quer\u00edan ser examinadas por ella\u00bb, descubre.<\/p>\n<p>A la vez, recuerda que nunca la vio en la cocina o haciendo mermelada o cont\u00e1ndole un cuento.<\/p>\n<p>\u00abMis abuelos -prosigue- fueron personas muy inspiradoras, sin duda, aunque no creo que fueran unos padres muy presentes, tambi\u00e9n es verdad que eran de otra \u00e9poca. Nos dejaron una herencia buena y otra mala. En el sentido de que nos qued\u00f3 esta cosa de la perseverancia y la abnegaci\u00f3n, esa cosa de ser siempre los primeros, de ser el jaguar de la camada de gatos\u00bb.<\/p>\n<p>Sin embargo, el peso de todo lo que consiguieron fue \u00abcargado\u00bb en los hombros de su madre y de su t\u00eda. Este legado supuso tambi\u00e9n una \u00abpresi\u00f3n familiar inmensa\u00bb para ellas.<\/p>\n<p>Bonnefoy piensa que escribir la novela le ha permitido \u00abformular\u00bb todas estas consideraciones y \u00abcristalizarlas\u00bb.<\/p>\n<p>Preguntado por nuevos proyectos, el escritor, que desde hace tres a\u00f1os, tras una vida n\u00f3mada, reside en el sur de Francia, junto al mar con su esposa danesa y sus dos hijas. Avanza que en este momento est\u00e1 con algo que todav\u00eda no tiene forma, \u00abfascinado por la figura del hombre semental\u00bb.<\/p>\n","protected":false},"excerpt":{"rendered":"Irene Dalmases | Barcelona (EFE).- Si en \u2018Herencia\u2019, finalista del Gouncourt, el escritor francovenezolano Miguel Bonnefoy indagaba en&hellip;\n","protected":false},"author":2,"featured_media":156027,"comment_status":"","ping_status":"","sticky":false,"template":"","format":"standard","meta":{"footnotes":""},"categories":[172],"tags":[224,146,147,25,24,225,2879,23,1192],"class_list":{"0":"post-156026","1":"post","2":"type-post","3":"status-publish","4":"format-standard","5":"has-post-thumbnail","7":"category-libros","8":"tag-books","9":"tag-entertainment","10":"tag-entretenimiento","11":"tag-es","12":"tag-espana","13":"tag-libros","14":"tag-novelas","15":"tag-spain","16":"tag-venezuela"},"share_on_mastodon":{"url":"","error":""},"_links":{"self":[{"href":"https:\/\/www.europesays.com\/es\/wp-json\/wp\/v2\/posts\/156026","targetHints":{"allow":["GET"]}}],"collection":[{"href":"https:\/\/www.europesays.com\/es\/wp-json\/wp\/v2\/posts"}],"about":[{"href":"https:\/\/www.europesays.com\/es\/wp-json\/wp\/v2\/types\/post"}],"author":[{"embeddable":true,"href":"https:\/\/www.europesays.com\/es\/wp-json\/wp\/v2\/users\/2"}],"replies":[{"embeddable":true,"href":"https:\/\/www.europesays.com\/es\/wp-json\/wp\/v2\/comments?post=156026"}],"version-history":[{"count":0,"href":"https:\/\/www.europesays.com\/es\/wp-json\/wp\/v2\/posts\/156026\/revisions"}],"wp:featuredmedia":[{"embeddable":true,"href":"https:\/\/www.europesays.com\/es\/wp-json\/wp\/v2\/media\/156027"}],"wp:attachment":[{"href":"https:\/\/www.europesays.com\/es\/wp-json\/wp\/v2\/media?parent=156026"}],"wp:term":[{"taxonomy":"category","embeddable":true,"href":"https:\/\/www.europesays.com\/es\/wp-json\/wp\/v2\/categories?post=156026"},{"taxonomy":"post_tag","embeddable":true,"href":"https:\/\/www.europesays.com\/es\/wp-json\/wp\/v2\/tags?post=156026"}],"curies":[{"name":"wp","href":"https:\/\/api.w.org\/{rel}","templated":true}]}}