{"id":156038,"date":"2025-10-04T06:34:22","date_gmt":"2025-10-04T06:34:22","guid":{"rendered":"https:\/\/www.europesays.com\/es\/156038\/"},"modified":"2025-10-04T06:34:22","modified_gmt":"2025-10-04T06:34:22","slug":"pamplona-se-prepara-para-una-gran-manifestacion-contra-el-genocidio-en-palestina","status":"publish","type":"post","link":"https:\/\/www.europesays.com\/es\/156038\/","title":{"rendered":"Pamplona se prepara para una gran manifestaci\u00f3n contra el genocidio en Palestina"},"content":{"rendered":"<p>\n        Pamplona espera este s\u00e1bado una <strong>movilizaci\u00f3n multitudinaria<\/strong> contra el genocidio en Palestina, convocada por la plataforma <a href=\"https:\/\/www.noticiasdenavarra.com\/tags\/palestinarekin-elkartasuna\/\" title=\"Palestinarekin Elkartasuna\" target=\"_blank\" class=\"link copy\" rel=\"nofollow noopener\">Palestinarekin Elkartasuna<\/a>. M\u00e1s de <strong>20 autobuses<\/strong> llegar\u00e1n desde diferentes puntos de Euskal Herria para participar en la manifestaci\u00f3n nacional que se celebrar\u00e1 en la capital navarra en apoyo a la <strong>resistencia palestina<\/strong> y para reivindicar la <strong>disoluci\u00f3n del Estado de Israel<\/strong>. La marcha partir\u00e1 a las 12 horas desde el parque de Antoniutti.\n<\/p>\n<p class=\"article-body__text \">\n        La manifestaci\u00f3n, explican, tendr\u00e1 tres mensajes principales: \u201cmostrar nuestro apoyo a la resistencia palestina, ya que tras un <strong>genocidio<\/strong> que se alarga durante d\u00e9cadas no estar\u00edamos hablando de <strong>Palestina<\/strong> si no fuese por su <strong>resistencia<\/strong> y no podemos permitir los <strong>relatos<\/strong> que la culpabilizan de la situaci\u00f3n; reivindicar la disoluci\u00f3n de Israel, porque no hay convivencia posible con Israel, como ha demostrado con su objetivo de apropiarse de la totalidad de Palestina y finalizar la <strong>limpieza \u00e9tnica<\/strong>; y se\u00f1alar la necesidad de confrontar a todos sus <strong>c\u00f3mplices<\/strong>, <strong>gobiernos<\/strong>, <strong>empresas<\/strong>\u2026\u201d.\n<\/p>\n<p class=\"article-body__text \">\n        En esa l\u00ednea, sostienen que \u201ccomo se ha visto en los \u00faltimos meses con <a href=\"https:\/\/www.noticiasdenavarra.com\/tags\/la-vuelta\/\" title=\"La Vuelta\" target=\"_blank\" class=\"link copy\" rel=\"nofollow noopener\">La Vuelta<\/a> o la <a href=\"https:\/\/www.noticiasdenavarra.com\/tags\/flotilla-de-la-libertad\/\" title=\"Flotilla de la Libertad\" target=\"_blank\" class=\"link copy\" rel=\"nofollow noopener\">Flotilla de la Libertad<\/a>, lo que mueve la realidad es la <strong>movilizaci\u00f3n<\/strong>, la <strong>organizaci\u00f3n<\/strong>, la <strong>lucha<\/strong>, el <strong>boikot<\/strong> contra los c\u00f3mplices y la acci\u00f3n directa, y no las palabras vac\u00edas de los gobiernos\u201d.\n<\/p>\n<p>  <strong>Enfado social<\/strong><\/p>\n<p class=\"article-body__text \">\n         Desde la plataforma aseguran que \u201cla sociedad est\u00e1 en el momento de mayor <strong>enfado<\/strong>, sobre todo vista la <strong>complicidad<\/strong> de los <strong>gobiernos occidentales<\/strong>, aunque traten de ocultarla\u201d. En este sentido, citan el caso de la flotilla, \u201ccuando enviaron barcos para luego hacerlos volver\u201d, y subrayan que \u201cla farsa del reconocimiento del <strong>Estado de Palestina<\/strong> ha quedado en evidencia\u201d.\n<\/p>\n<p class=\"article-body__text \">\n        Los convocantes destacan que \u201cla gente est\u00e1 muy enfadada y se han organizado <strong>m\u00e1s autobuses que nunca<\/strong> desde distintos pueblos\u201d. A\u00f1aden que est\u00e1n recibiendo \u201cm\u00e1s mensajes que nunca para pedir informaci\u00f3n\u201d y que esperan que la de este s\u00e1bado \u201csea una de las manifestaciones m\u00e1s <strong>multitudinarias<\/strong> que ha habido en <a href=\"https:\/\/www.noticiasdenavarra.com\/comarca-de-pamplona\/\" title=\"Pamplona\" target=\"_blank\" class=\"link copy\" rel=\"nofollow noopener\">Pamplona<\/a> en solidaridad con Palestina\u201d.\n<\/p>\n<p class=\"article-body__text \">\n        Asimismo, desde la plataforma quieren visibilizar \u201cla destrucci\u00f3n que ha realizado Israel en el \u00e1mbito educativo: <strong>18.508 estudiantes<\/strong> y <strong>970 docentes<\/strong> han sido <strong>asesinados<\/strong> y el 97% de las escuelas han sido bombardeadas, adem\u00e1s de que hay m\u00e1s de 800.000 menores sin poder escolarizarse\u201d. Tambi\u00e9n se\u00f1alan la situaci\u00f3n de la prensa: \u201c<strong>249 informadores<\/strong> han sido <strong>asesinados<\/strong>, <strong>520<\/strong> han resultado <strong>heridos<\/strong>, 206 han sido detenidos y 191 sedes o redacciones han sido bombardeadas\u201d.<\/p>\n","protected":false},"excerpt":{"rendered":"Pamplona espera este s\u00e1bado una movilizaci\u00f3n multitudinaria contra el genocidio en Palestina, convocada por la plataforma Palestinarekin Elkartasuna.&hellip;\n","protected":false},"author":2,"featured_media":156039,"comment_status":"","ping_status":"","sticky":false,"template":"","format":"standard","meta":{"footnotes":""},"categories":[8],"tags":[17,18,25,24,13,14,79,3956,11,19,20,5087,9,10,15,16,23,12,21,22],"class_list":{"0":"post-156038","1":"post","2":"type-post","3":"status-publish","4":"format-standard","5":"has-post-thumbnail","7":"category-espana","8":"tag-breaking-news","9":"tag-breakingnews","10":"tag-es","11":"tag-espana","12":"tag-featured-news","13":"tag-featurednews","14":"tag-genocidio","15":"tag-gran","16":"tag-headlines","17":"tag-latest-news","18":"tag-latestnews","19":"tag-manifestacion","20":"tag-news","21":"tag-noticias","22":"tag-noticias-destacadas","23":"tag-noticiasdestacadas","24":"tag-spain","25":"tag-titulares","26":"tag-ultimas-noticias","27":"tag-ultimasnoticias"},"share_on_mastodon":{"url":"","error":""},"_links":{"self":[{"href":"https:\/\/www.europesays.com\/es\/wp-json\/wp\/v2\/posts\/156038","targetHints":{"allow":["GET"]}}],"collection":[{"href":"https:\/\/www.europesays.com\/es\/wp-json\/wp\/v2\/posts"}],"about":[{"href":"https:\/\/www.europesays.com\/es\/wp-json\/wp\/v2\/types\/post"}],"author":[{"embeddable":true,"href":"https:\/\/www.europesays.com\/es\/wp-json\/wp\/v2\/users\/2"}],"replies":[{"embeddable":true,"href":"https:\/\/www.europesays.com\/es\/wp-json\/wp\/v2\/comments?post=156038"}],"version-history":[{"count":0,"href":"https:\/\/www.europesays.com\/es\/wp-json\/wp\/v2\/posts\/156038\/revisions"}],"wp:featuredmedia":[{"embeddable":true,"href":"https:\/\/www.europesays.com\/es\/wp-json\/wp\/v2\/media\/156039"}],"wp:attachment":[{"href":"https:\/\/www.europesays.com\/es\/wp-json\/wp\/v2\/media?parent=156038"}],"wp:term":[{"taxonomy":"category","embeddable":true,"href":"https:\/\/www.europesays.com\/es\/wp-json\/wp\/v2\/categories?post=156038"},{"taxonomy":"post_tag","embeddable":true,"href":"https:\/\/www.europesays.com\/es\/wp-json\/wp\/v2\/tags?post=156038"}],"curies":[{"name":"wp","href":"https:\/\/api.w.org\/{rel}","templated":true}]}}