{"id":156044,"date":"2025-10-04T06:44:18","date_gmt":"2025-10-04T06:44:18","guid":{"rendered":"https:\/\/www.europesays.com\/es\/156044\/"},"modified":"2025-10-04T06:44:18","modified_gmt":"2025-10-04T06:44:18","slug":"la-cronica-un-gol-de-manu-portela-le-da-la-primera-victoria-al-villarreal-en-la-uefa-youth-league-1-0-el-periodico-mediterraneo","status":"publish","type":"post","link":"https:\/\/www.europesays.com\/es\/156044\/","title":{"rendered":"La cr\u00f3nica: Un gol de Manu Portela le da la primera victoria al Villarreal en la UEFA Youth League (1-0) &#8211; El Peri\u00f3dico Mediterr\u00e1neo"},"content":{"rendered":"<ol>\n<li><a href=\"https:\/\/news.google.com\/rss\/articles\/CBMi6AFBVV95cUxNTHBfQ1JVWW40OGU1Zm1YcktCYVloclZCWjN2VW1YRkF3TGV1UnM0T3BfRENvLW5SbFFKSERWSmdwbTN5ZWpvMTl1SDljbFZ4VlUwRTU5RTJEVGRsSUoyamNLQndzMlVZMVRTWnZQd0FEdk4xNm5NSURYR2FIMEZzUm94Y1NwTERPaTE0WnpEd3BXa3U0Q1dCenpsc0ZPeWJCem92bE9VaWNpYjNyVnJtazRFRTBpMU1hM05mN05VZ2pSaDlpY1IwSUljZ0p1UDBFZVJvclJOSm9rd2RyVmhWLUlZUng3MkxW0gHuAUFVX3lxTFAyTkxfYkdvalRIbU1nYmpxVWp5WmU2RUlRd25aWm1MaDNDM05jS19xSDZiNVJuc0RtdkRGMlQ3eW5HSEFiMm5wMHVhczhBMjdEdGVsODFxLVpWQ0hiXzQyS1c3eHRib0I2UHloaEFBanpRbmNuczRFWmdDbEdqZFNrR2ZaQTNUVGtxb2ZOMHNiQTZlSHBKVWFmMlR4NkM4ZEhuTm1hN3IySDY1SXhobGJXRzc2aExmaFlfUHpHckxGelNONzZMcnF5VjlVYWxBNHBWM3FPdDY2YXFCWVhlT28zQng5bzllNU1sOEFCdUE?oc=5\" target=\"_blank\" rel=\"nofollow noopener\">La cr\u00f3nica: Un gol de Manu Portela le da la primera victoria al Villarreal en la UEFA Youth League (1-0)<\/a>&nbsp;&nbsp;El Peri\u00f3dico Mediterr\u00e1neo<\/li>\n<li><a href=\"https:\/\/news.google.com\/rss\/articles\/CBMijgFBVV95cUxQWEllVUtLemNjYmhVcTRxZEdVUlB3QW02ZmkxVzFhYVY4SzlFZ18xeXBCZ1NBQWVWd25COFlKVWRzOE1DVTF6b3k5SDJnUHU4a1Q3Q3RLTHlNcHpoS2k4Nm1IM3JqNmZldjh1Q1d0TXpHWmxGb3dFTk42RHhpc1BoLUh3MzhvMk5sOEd2a1hR0gGiAUFVX3lxTE0xdzF6T0xiSkx4VEpoVE9lamtkR3dWWDV2ODNDdEJpRU5uRktXUXRPLVVKblJuemZ3WW9zV0ZWUjJMMUVIT0JNTXFLb3A4dmpGeEgyckU4MVJDaE1LN2J4VnRpbHl0eFZlcVFPSzNrRzZWQURNcTBlT3ZGbzJndDJUcjgyeHpPczhXU1NqcnZ2OHdjSWFIVVVnNUx5WWJIX2xyUQ?oc=5\" target=\"_blank\" rel=\"nofollow noopener\">El Villarreal se estrena con un golazo de falta ante la Juve<\/a>&nbsp;&nbsp;Diario AS<\/li>\n<li><a href=\"https:\/\/news.google.com\/rss\/articles\/CBMivwFBVV95cUxQY1ZkVUhpd3hzM2otQnJLQlh2UG1lM3VjaGJxZzRxelZuWU5fS09DYVl1RVFXOU1veU5lQmc1TkVZeTNtNGdnMldxMmRtZEpNa0ZBeGdhWWNpUm1XOWZtSUdIRXZ0Tzc4UUsxUkRpdWxPbXBJZ1pKRWRtaVN1Ml9XRllia0t5VVBNUDdIRVppM2QtbWlKWDdwSU5VTVJEZklxT2txbENtV0k1azEyVjFnblZuTnJpdzlhTjREWEVic9IBzAFBVV95cUxQS1BUb0o1eDI0dThCbWhiNTRWNGhMYk9qbi1ZSkIyVElZZUwySTI1aExlU2RkalpFcDM1ZmxrVFN6MGpaaldLdExVZVZ5MXhtbF8xaTNCRlNXSHBWQ2lWWDRBNEVZT1JEcDBpS0RUbl8yWC1wNG1XTEpBXy1oelF5WXQ2dDJOUkdiWlhGejN4ejBCYTk2Nlh0VzdfNTExVUhGWHFqa1JEZHBCbWFhSzNuV2NJTWtvRmIzMTNONWpVRXFpcVROc0pXal9iRVc?oc=5\" target=\"_blank\" rel=\"nofollow noopener\">Un gol de Manu Portela le basta al Villarreal ante la Juventus<\/a>&nbsp;&nbsp;Mundo Deportivo<\/li>\n<li><a href=\"https:\/\/news.google.com\/rss\/articles\/CBMi2wFBVV95cUxPem5HWHVXZ1pael93cmVWdS1DdDk4VWplc2J4TzhKRDVaUHdqMlViMDItaHdLMGpDRWZfQXNONVZuUTI1OFlGNWJUQnRINzA2V1JNTVNkb1R0Z1EySERNX0FXVG1CY1dwYlRJYjNKQUFpRlNaQzY2LV9MRXlyTHRrNl83VV9peXRtU2VrYjdqM1JMRUNRb3NMQ2NYenFtZ2gyVWxIQ29Va3hNT0lNZldyUkRqenc0YXdNREJYOWw0N3VPTGpEUks4Z2MxeXJ6U3dLbFM4bm14VVZ3UVXSAeABQVVfeXFMT0hhRnlUb253eFB0RkFXVVRrUC1iN2dnLWdKTFQxNkNEd2dVcDBSaTRRSXY4Q3RJU1Z3clFNaENLWm5RNFBLQkVFd25IUUdZdUlaT3lYNlQwNDlmc2pjdHRCdFN5OUR0cE1CNGJmRUZTZjdPbktZd2d2UXFNc24zeXBRSnByZVNfeWduM2JIdzRpQVFRVHQtVUYwbm43ZkgxTTlrakcxX1BsVmt3cjNhX1I5RTdnaDlrOTN1Zzg5QXBJZ19wQWFDMkplb0IxUFB6U0c3aTNUaGE1YmVpbndSbHI?oc=5\" target=\"_blank\" rel=\"nofollow noopener\">La previa: El juvenil del Villarreal busca reaccionar en el duelo contra la Juventus en el Mini<\/a>&nbsp;&nbsp;El Peri\u00f3dico Mediterr\u00e1neo<\/li>\n<li><a href=\"https:\/\/news.google.com\/rss\/articles\/CBMinwFBVV95cUxQR2ZqUmZ6RVNRX05kMHlwU3BXazRNZGFvQTF2ei1PUlhPTHA2ZHVKbGlyNGF6REwxcW42SkMxanROdGR4OWJxODJIeGhyMnpFSlBsZ3VEQldjeUE3T1JCMFRfZ3ZTQmhVa01QQ3AyVjdVVXVrNkpuejJVMWhMeEtRaXRNMmwtQzVwQ1IzdXREb0N1Sk5CWmQ5RW9FejVaYk3SAaQBQVVfeXFMUEt1X2N3RUVJbjJiSHA5NDRSR1ppcnpxaDJsWFlFR2FGYVVHT2RDaHpIbWVKSjN3VU15Wl9KSVhzc0pibGRfQWctN0tVbERzOFpkbm9qbE5QZWpDcU1abDVlUnRPWC1Ba1dQYjZzMldxLWU4LTAzSnhkYWh0c3hWUVFkVG9PdFNsNk10M21KeFF0LW9mOVJ5anZYcjdyT01FRVIzaDM?oc=5\" target=\"_blank\" rel=\"nofollow noopener\">Un Villarreal s\u00f3lido suma su primera victoria ante la Juventus<\/a>&nbsp;&nbsp;juvenildivisiondehonor.com<\/li>\n<\/ol>\n","protected":false},"excerpt":{"rendered":"La cr\u00f3nica: Un gol de Manu Portela le da la primera victoria al Villarreal en la UEFA Youth&hellip;\n","protected":false},"author":2,"featured_media":156045,"comment_status":"","ping_status":"","sticky":false,"template":"","format":"standard","meta":{"footnotes":""},"categories":[268],"tags":[168,25,24,280,282,18161,15829,46729,281,23,167,46730,46731],"class_list":{"0":"post-156044","1":"post","2":"type-post","3":"status-publish","4":"format-standard","5":"has-post-thumbnail","7":"category-futbol","8":"tag-deportes","9":"tag-es","10":"tag-espana","11":"tag-football","12":"tag-futbol","13":"tag-juveniles","14":"tag-juventus","15":"tag-la-cronica-un-gol-de-manu-portela-le-da-la-primera-victoria-al-villarreal-en-la-uefa-youth-league-1-0","16":"tag-soccer","17":"tag-spain","18":"tag-sports","19":"tag-uefa-youth-league","20":"tag-villarreal-juvenil"},"share_on_mastodon":{"url":"","error":""},"_links":{"self":[{"href":"https:\/\/www.europesays.com\/es\/wp-json\/wp\/v2\/posts\/156044","targetHints":{"allow":["GET"]}}],"collection":[{"href":"https:\/\/www.europesays.com\/es\/wp-json\/wp\/v2\/posts"}],"about":[{"href":"https:\/\/www.europesays.com\/es\/wp-json\/wp\/v2\/types\/post"}],"author":[{"embeddable":true,"href":"https:\/\/www.europesays.com\/es\/wp-json\/wp\/v2\/users\/2"}],"replies":[{"embeddable":true,"href":"https:\/\/www.europesays.com\/es\/wp-json\/wp\/v2\/comments?post=156044"}],"version-history":[{"count":0,"href":"https:\/\/www.europesays.com\/es\/wp-json\/wp\/v2\/posts\/156044\/revisions"}],"wp:featuredmedia":[{"embeddable":true,"href":"https:\/\/www.europesays.com\/es\/wp-json\/wp\/v2\/media\/156045"}],"wp:attachment":[{"href":"https:\/\/www.europesays.com\/es\/wp-json\/wp\/v2\/media?parent=156044"}],"wp:term":[{"taxonomy":"category","embeddable":true,"href":"https:\/\/www.europesays.com\/es\/wp-json\/wp\/v2\/categories?post=156044"},{"taxonomy":"post_tag","embeddable":true,"href":"https:\/\/www.europesays.com\/es\/wp-json\/wp\/v2\/tags?post=156044"}],"curies":[{"name":"wp","href":"https:\/\/api.w.org\/{rel}","templated":true}]}}