{"id":156048,"date":"2025-10-04T06:47:09","date_gmt":"2025-10-04T06:47:09","guid":{"rendered":"https:\/\/www.europesays.com\/es\/156048\/"},"modified":"2025-10-04T06:47:09","modified_gmt":"2025-10-04T06:47:09","slug":"cita-con-el-sector-editorial-del-siglo-xxi","status":"publish","type":"post","link":"https:\/\/www.europesays.com\/es\/156048\/","title":{"rendered":"Cita con el sector editorial del siglo XXI"},"content":{"rendered":"<p class=\"voc-p\" style=\"\"><a href=\"https:\/\/www.ifema.es\/liber\" rel=\"nofollow noopener\" target=\"_blank\" data-voc-vtm-id=\"in-text-traffic\" title=\"LIBER 2025\" data-mrf-link=\"www.ifema.es\">LIBER 2025<\/a>, la Feria Internacional del Libro, promovida por la Federaci\u00f3n de Gremios de Editores de Espa\u00f1a (FGEE) y organizada por <a href=\"https:\/\/www.ifema.es\/\" rel=\"nofollow noopener\" target=\"_blank\" data-voc-vtm-id=\"in-text-traffic\" title=\"IFEMA MADR\" data-mrf-link=\"www.ifema.es\">IFEMA MADR<\/a>ID, celebrar\u00e1 su 43\u00aa edici\u00f3n del 7 al 9 de octubre para reafirmar su posici\u00f3n como la gran cita profesional del sector, con especial foco en vectores de desarrollo como la internacionalizaci\u00f3n, la innovaci\u00f3n tecnol\u00f3gica y los nuevos h\u00e1bitos de lectura. LIBER 2025 cuenta con el patrocinio del Ministerio de Cultura, ICEX Espa\u00f1a Exportaci\u00f3n e Inversiones, Comunidad de Madrid, Ayuntamiento de Madrid y el Centro Espa\u00f1ol de Derechos Reprogr\u00e1ficos (CEDRO, y la colaboraci\u00f3n de Acci\u00f3n Cultural Espa\u00f1ola (AC\/E) y la Asociaci\u00f3n de Editores de Madrid.<\/p>\n<p class=\"voc-p\" style=\"\">Esta convocatoria de tres jornadas acoger\u00e1 a una amplia representaci\u00f3n de empresas y entidades editoras, distribuidores, agentes literarios, proveedores, asociaciones profesionales y empresas de servicios, convirti\u00e9ndose en un escaparate que ofrecer\u00e1 la m\u00e1s amplia panor\u00e1mica de la producci\u00f3n editorial actual y en foco de atracci\u00f3n profesional de autores, libreros, ilustradores, y dem\u00e1s actores del sector. Contar\u00e1 en esta edici\u00f3n con el Sal\u00f3n de Derechos como novedad, un espacio dedicado en exclusiva a la compraventa y negociaci\u00f3n de derechos de autor y traducci\u00f3n, con m\u00e1s de 60 editores y agentes literarios procedentes de 24 pa\u00edses, entre ellos Alemania, Francia, Italia, Reino Unido, Estados Unidos, Jap\u00f3n, Brasil o Chile. <\/p>\n<p>\n\u00c1mbito de networking\n<\/p>\n<p class=\"voc-p\" style=\"\">LIBER 2025, que cuenta con el apoyo virtual de la plataforma 24\/7 LIVE Connect, es un amplio y diverso entorno de networking, de \u00e1mbitos nacional e internacional (este a\u00f1o, con Chile como Pa\u00eds Invitado de Honor). El pa\u00eds latinoamericano participar\u00e1 con una delegaci\u00f3n de 17 editoriales, agencias y representantes, adem\u00e1s de un completo programa cultural y profesional. La presencia chilena coincidir\u00e1 con la conmemoraci\u00f3n de los 80 a\u00f1os del Premio Nobel a Gabriela Mistral, primera autora latinoamericana en recibir este reconocimiento.<\/p>\n<p><img decoding=\"async\" loading=\"lazy\" src=\"https:\/\/www.europesays.com\/es\/wp-content\/uploads\/2025\/10\/Liber1-U27163447881gvJ-760x427@diario_abc.jpg\" class=\"voc-img\" width=\"760\" height=\"427\" alt=\"Cita con el sector editorial del siglo XXI\" data-voc-vtm-id=\"in-text-traffic\"\/><\/p>\n<p class=\"voc-p\" style=\"\">Una vocaci\u00f3n internacional que vuelve a hacerse evidente con el Programa de Compradores, promovido por la FGEE con la colaboraci\u00f3n de ICEX Espa\u00f1a Exportaci\u00f3n e Inversiones y las Oficinas Econ\u00f3micas y Comerciales de Espa\u00f1a, que reunir\u00e1 a m\u00e1s de 300 profesionales de 54 pa\u00edses, con destacada representaci\u00f3n de Europa y Am\u00e9rica Latina, as\u00ed como Estados Unidos, Canad\u00e1 y mercados clave como China, Jap\u00f3n, Corea del Sur, India, Marruecos, Egipto, Emiratos \u00c1rabes Unidos, Australia o Turqu\u00eda.<\/p>\n<p class=\"voc-p\" style=\"\">Una de las opciones destacadas es el Programa de Prescriptores de Inter\u00e9s Prioritario, en colaboraci\u00f3n con Acci\u00f3n Cultural Espa\u00f1ola (AC\/E), que reunir\u00e1 a bibliotecarios, responsables de adquisiciones institucionales, editores y docentes de 11 pa\u00edses, con capacidad de decisi\u00f3n en la compra y difusi\u00f3n de contenidos.<\/p>\n<p>\nProyecci\u00f3n internacional\n<\/p>\n<p class=\"voc-p\" style=\"\">Otra de las novedades ser\u00e1 el espacio del \u00c1gora dedicado a la presentaci\u00f3n de productos, servicios y experiencias, como un punto de encuentro din\u00e1mico en el que expositores y profesionales podr\u00e1n mostrar proyectos, debatir sobre tendencias y conectar con la audiencia especializada. Y en el caso de la Zona de Servicios para la Industria del Libro, volver\u00e1 a reunir propuestas orientadas a que los editores exploren nuevos modelos de negocio, adapten sus contenidos a formatos digitales, diversifiquen canales de venta y adopten estrategias innovadoras para llegar a nuevas audiencias.<\/p>\n<p><img decoding=\"async\" loading=\"lazy\" src=\"https:\/\/www.europesays.com\/es\/wp-content\/uploads\/2025\/10\/Liber2-U12303510168vJH-760x427@diario_abc.jpg\" class=\"voc-img\" width=\"760\" height=\"427\" alt=\"Cita con el sector editorial del siglo XXI\" data-voc-vtm-id=\"in-text-traffic\"\/><\/p>\n<p class=\"voc-p\" style=\"\">En cuanto al espacio MicroLiber, facilitar\u00e1 la participaci\u00f3n de peque\u00f1os editores, emprendedores y startups donde tendr\u00e1n la oportunidad de entrar en contacto directo con compradores y visitantes (se suma el espacio general de exposici\u00f3n, que volver\u00e1 a mostrar una amplia panor\u00e1mica de la producci\u00f3n literaria actual). Y las Jornadas Profesionales se articular\u00e1n en cuatro bloques tem\u00e1ticos: innovaci\u00f3n, capacitaci\u00f3n, comercializaci\u00f3n y sostenibilidad. M\u00e1s de 70 actividades con expertos nacionales e internacionales analizar\u00e1n desde el impacto de la IA y las nuevas tecnolog\u00edas en la creaci\u00f3n y distribuci\u00f3n del libro, hasta las audiencias emergentes, los modelos de venta y las competencias necesarias para los profesionales del sector.<\/p>\n<p class=\"voc-p\" style=\"\">Encuentros con la Misi\u00f3n de bibliotecarios de Estados Unidos y con los participantes en el Programa de Prescriptores de Inter\u00e9s Prioritario, sesiones dedicadas a cuestiones de actualidad (como los reglamentos europeos sobre deforestaci\u00f3n, la situaci\u00f3n del mercado del libro en Ucrania), los programas de traducci\u00f3n impulsados desde pa\u00edses como Chequia y Grecia, la VI Jornada del Libro Religioso, el Mapa de las Letras Colombianas o los Premios Liber forman tambi\u00e9n parte de este interactivo escenario de conocimientos y experiencias.<\/p>\n<p class=\"voc-p\" style=\"\"><strong>Datos \u00fatiles<\/strong><\/p>\n<p class=\"voc-p\" style=\"\">&#8211; Lugar: Pabell\u00f3n 14.1 IFEMA MADRID<\/p>\n<p class=\"voc-p\" style=\"\">&#8211; Fecha: Del 7 al 9 de octubre<\/p>\n<p class=\"voc-p\" style=\"\">&#8211; Entrada: P\u00fablico profesional (consultar precios en web)<\/p>\n<p class=\"voc-p\" style=\"\">&#8211; M\u00e1s informaci\u00f3n: <a href=\"https:\/\/www.ifema.es\/liber\" rel=\"nofollow noopener\" target=\"_blank\" data-voc-vtm-id=\"in-text-traffic\" title=\"www.ifema.es\/liber\" data-mrf-link=\"www.ifema.es\">www.ifema.es\/liber<\/a><\/p>\n<p>Reportar un error<\/p>\n","protected":false},"excerpt":{"rendered":"LIBER 2025, la Feria Internacional del Libro, promovida por la Federaci\u00f3n de Gremios de Editores de Espa\u00f1a (FGEE)&hellip;\n","protected":false},"author":2,"featured_media":156049,"comment_status":"","ping_status":"","sticky":false,"template":"","format":"standard","meta":{"footnotes":""},"categories":[172],"tags":[224,7716,1180,146,147,25,24,225,12081,9218,23,23098],"class_list":{"0":"post-156048","1":"post","2":"type-post","3":"status-publish","4":"format-standard","5":"has-post-thumbnail","7":"category-libros","8":"tag-books","9":"tag-cita","10":"tag-editorial","11":"tag-entertainment","12":"tag-entretenimiento","13":"tag-es","14":"tag-espana","15":"tag-libros","16":"tag-sector","17":"tag-siglo","18":"tag-spain","19":"tag-xxi"},"share_on_mastodon":{"url":"","error":""},"_links":{"self":[{"href":"https:\/\/www.europesays.com\/es\/wp-json\/wp\/v2\/posts\/156048","targetHints":{"allow":["GET"]}}],"collection":[{"href":"https:\/\/www.europesays.com\/es\/wp-json\/wp\/v2\/posts"}],"about":[{"href":"https:\/\/www.europesays.com\/es\/wp-json\/wp\/v2\/types\/post"}],"author":[{"embeddable":true,"href":"https:\/\/www.europesays.com\/es\/wp-json\/wp\/v2\/users\/2"}],"replies":[{"embeddable":true,"href":"https:\/\/www.europesays.com\/es\/wp-json\/wp\/v2\/comments?post=156048"}],"version-history":[{"count":0,"href":"https:\/\/www.europesays.com\/es\/wp-json\/wp\/v2\/posts\/156048\/revisions"}],"wp:featuredmedia":[{"embeddable":true,"href":"https:\/\/www.europesays.com\/es\/wp-json\/wp\/v2\/media\/156049"}],"wp:attachment":[{"href":"https:\/\/www.europesays.com\/es\/wp-json\/wp\/v2\/media?parent=156048"}],"wp:term":[{"taxonomy":"category","embeddable":true,"href":"https:\/\/www.europesays.com\/es\/wp-json\/wp\/v2\/categories?post=156048"},{"taxonomy":"post_tag","embeddable":true,"href":"https:\/\/www.europesays.com\/es\/wp-json\/wp\/v2\/tags?post=156048"}],"curies":[{"name":"wp","href":"https:\/\/api.w.org\/{rel}","templated":true}]}}