{"id":156054,"date":"2025-10-04T06:53:07","date_gmt":"2025-10-04T06:53:07","guid":{"rendered":"https:\/\/www.europesays.com\/es\/156054\/"},"modified":"2025-10-04T06:53:07","modified_gmt":"2025-10-04T06:53:07","slug":"dice-cosas-bastante-fuertes-sobre-mi-padre-los-trapos-sucios-se-tienen-que-lavar-en-casa","status":"publish","type":"post","link":"https:\/\/www.europesays.com\/es\/156054\/","title":{"rendered":"\u00abDice cosas bastante fuertes sobre mi padre. Los trapos sucios se tienen que lavar en casa\u00bb"},"content":{"rendered":"<p class=\"voc-p\" style=\"\">Este 3 de octubre, <strong>Carlo Constanzia<\/strong> se ha sentado en el plat\u00f3 de &#8216;De Viernes&#8217; para dar su opini\u00f3n sobre las memorias de su madre, <strong>Mar Flores<\/strong>, que ha levantado tanta pol\u00e9mica estas \u00faltimas semanas. El libro en cuesti\u00f3n, &#8216;Mar en calma&#8217;, comienza su relato asegurando que la modelo \u00aba la sombra del esc\u00e1ndalo,<a href=\"https:\/\/www.abc.es\/gente\/punalada-terelu-campos-mar-flores-posar-junto-20250918094708-nt.html\" target=\"_self\" data-voc-vtm-id=\"in-text-traffic\" title=\" fue vapuleada, ofendida y acosada\" data-mrf-link=\"www.abc.es\" rel=\"nofollow noopener\"> fue vapuleada, ofendida y acosada<\/a> por todo un pa\u00eds que a\u00fan viv\u00eda bajo c\u00f3digos machistas muy enraizados\u00bb.<\/p>\n<p class=\"voc-p\" style=\"\">Uno de los cap\u00edtulos que m\u00e1s llam\u00f3 la atenci\u00f3n fue en el que arremete con dureza contra su ex, el arist\u00f3crata <strong>Carlo Costanzia<\/strong>. Sobre \u00e9l dice que se cas\u00f3 jovenc\u00edsima \u00aby, sin saberlo, con un completo desconocido\u00bb, un tipo celoso y que<a href=\"https:\/\/www.abc.es\/gente\/punalada-terelu-campos-mar-flores-posar-junto-20250918094708-nt.html\" target=\"_self\" data-voc-vtm-id=\"in-text-traffic\" title=\" le daba mala vida\" data-mrf-link=\"www.abc.es\" rel=\"nofollow noopener\"> le daba mala vida<\/a>, y su divorcio fue bastante tormentoso. Aunque Constanzia ha evitado ahondar en estos asuntos, pero es cierto que no puede ni ver a su ex y que, cuando <strong>Carlo hijo<\/strong> estaba a punto de tener un beb\u00e9 con<strong> Alejandra Rubio<\/strong>, solt\u00f3 en un programa televisivo que espera \u00abque sea mejor abuela que madre\u00bb.<\/p>\n<p class=\"voc-p\" style=\"\">Ahora ha sido su hijo el que ha reaccionado p\u00fablicamente a las memorias de Mar Flores. \u00abNo me ve\u00eda venir todo esto. Esto ha sido un tsunami bastante mas grande de lo que pens\u00e9 que pod\u00eda pasar\u00bb, ha confesado sobre el revuelo medi\u00e1tico que se ha formado en torno al libro. \u00abCreo que <strong>deber\u00eda haber mantenido ciertas cosas en privado<\/strong> y ciertas otras haberlas resuelto, si as\u00ed hubiera sido, por v\u00eda judicial y no de esta manera\u00bb, ha opinado. <\/p>\n<p class=\"voc-p\" style=\"\">Aunque desde hace semanas, los medios de comunicaci\u00f3n apuntaron a un distanciamiento entre madre e hijo, el actor ha asegurado que ha hablado con su progenitora sobre este tema: \u00abHe hablado privadamente con mi madre y le he expresado mi opini\u00f3n de lo que cre\u00eda oportuno o inoportuno y de las cosas que se podr\u00edan haber resuelto privadamente. Desde luego, yo siempre he sido part\u00edcipe, en su momento, de que <a href=\"https:\/\/www.abc.es\/gente\/punalada-terelu-campos-mar-flores-posar-junto-20250918094708-nt.html\" target=\"_self\" data-voc-vtm-id=\"in-text-traffic\" title=\"los trapos sucios se los tiene que lavar\" data-mrf-link=\"www.abc.es\" rel=\"nofollow noopener\">los trapos sucios se los tiene que lavar<\/a>, cada uno, en su propia casa y no es plato de buen gusto que toda Espa\u00f1a sepa todo\u00bb, ha dicho con firmeza. \u00ab<strong>Dice cosas bastante fuertes<\/strong> de mi padre de las que no quiero formar parte\u00bb, ha justificado. <\/p>\n<p class=\"voc-p\" style=\"\">Ante esta reacci\u00f3n de su hijo, Mar Flores \u00abha entendido mi disgusto, tenemos una relaci\u00f3n que nos permite hablar y sabe que no es agradable para m\u00ed\u00bb, ha a\u00f1adido dejando claro que la relaci\u00f3n con su madre es buena pese a los rumores. <\/p>\n<p>Reportar un error<\/p>\n","protected":false},"excerpt":{"rendered":"Este 3 de octubre, Carlo Constanzia se ha sentado en el plat\u00f3 de &#8216;De Viernes&#8217; para dar su&hellip;\n","protected":false},"author":2,"featured_media":156055,"comment_status":"","ping_status":"","sticky":false,"template":"","format":"standard","meta":{"footnotes":""},"categories":[91],"tags":[5668,35883,385,41186,146,147,25,24,46733,3354,16683,14737,23,44021,46732,575],"class_list":{"0":"post-156054","1":"post","2":"type-post","3":"status-publish","4":"format-standard","5":"has-post-thumbnail","7":"category-entretenimiento","8":"tag-ataca","9":"tag-carlo","10":"tag-casa","11":"tag-costanzia","12":"tag-entertainment","13":"tag-entretenimiento","14":"tag-es","15":"tag-espana","16":"tag-lavar","17":"tag-madre","18":"tag-memorias","19":"tag-publicacion","20":"tag-spain","21":"tag-sucios","22":"tag-trapos","23":"tag-tras"},"share_on_mastodon":{"url":"","error":""},"_links":{"self":[{"href":"https:\/\/www.europesays.com\/es\/wp-json\/wp\/v2\/posts\/156054","targetHints":{"allow":["GET"]}}],"collection":[{"href":"https:\/\/www.europesays.com\/es\/wp-json\/wp\/v2\/posts"}],"about":[{"href":"https:\/\/www.europesays.com\/es\/wp-json\/wp\/v2\/types\/post"}],"author":[{"embeddable":true,"href":"https:\/\/www.europesays.com\/es\/wp-json\/wp\/v2\/users\/2"}],"replies":[{"embeddable":true,"href":"https:\/\/www.europesays.com\/es\/wp-json\/wp\/v2\/comments?post=156054"}],"version-history":[{"count":0,"href":"https:\/\/www.europesays.com\/es\/wp-json\/wp\/v2\/posts\/156054\/revisions"}],"wp:featuredmedia":[{"embeddable":true,"href":"https:\/\/www.europesays.com\/es\/wp-json\/wp\/v2\/media\/156055"}],"wp:attachment":[{"href":"https:\/\/www.europesays.com\/es\/wp-json\/wp\/v2\/media?parent=156054"}],"wp:term":[{"taxonomy":"category","embeddable":true,"href":"https:\/\/www.europesays.com\/es\/wp-json\/wp\/v2\/categories?post=156054"},{"taxonomy":"post_tag","embeddable":true,"href":"https:\/\/www.europesays.com\/es\/wp-json\/wp\/v2\/tags?post=156054"}],"curies":[{"name":"wp","href":"https:\/\/api.w.org\/{rel}","templated":true}]}}