{"id":15606,"date":"2025-07-31T05:41:12","date_gmt":"2025-07-31T05:41:12","guid":{"rendered":"https:\/\/www.europesays.com\/es\/15606\/"},"modified":"2025-07-31T05:41:12","modified_gmt":"2025-07-31T05:41:12","slug":"ester-exposito-en-la-boda-de-una-amiga-en-viveiro","status":"publish","type":"post","link":"https:\/\/www.europesays.com\/es\/15606\/","title":{"rendered":"Ester Exp\u00f3sito, en la boda de una amiga en Viveiro"},"content":{"rendered":"<p><strong>Ester Exp\u00f3sito<\/strong> es un icono de estilo con<strong> 24,8 millones <\/strong>de seguidores en Instagram, pero en <a target=\"_blank\" href=\"https:\/\/www.elprogreso.es\/tags\/viveiro\/\" rel=\"nofollow noopener\">Viveiro<\/a> recupera algo de ese anonimato y libertad del que gozaba antes de dar el pelotazo como actriz en el papel de <strong>Carla Ros\u00f3n Caleruega<\/strong> en la serie \u00c9lite.<\/p>\n<p>Hoy es mundialmente famosa, pero sigue fiel a sus amigos de infancia y adolescencia, como lo demuestra el hecho de que el pasado viernes, D\u00eda de Galicia, no se perdiese la boda de <strong>Laura,<\/strong> una de sus amigas de toda la vida, con su novio <strong>Arkaitz<\/strong>\u00a0en Viveiro.<\/p>\n<p>La joven, natural de la ciudad amurallada, celebr\u00f3 el enlace en el<strong> Pazo da Trave<\/strong>, en la parroquia de <strong>Galdo<\/strong>, donde la famosa actriz se fotografi\u00f3 y comparti\u00f3 dos de las im\u00e1genes en su Instagram para deleite de sus millones de seguidores.<\/p>\n<p><img decoding=\"async\" width=\"810\" height=\"1080\" alt=\"ester pulpo\" src=\"https:\/\/www.europesays.com\/es\/wp-content\/uploads\/2025\/07\/2025073015370614757.jpg\" loading=\"lazy\"\/><br \/>\nEster Exp\u00f3sito, con una raci\u00f3n de pulpo \u00e1 feira, en la boda de Laura y Arkaitz\u00a0\u00a0<\/p>\n<p>Ester Exp\u00f3sito fue una de las <strong>224 invitadas<\/strong> al banquete que tuvo lugar al mediod\u00eda en este bello enclave, en cuyos jardines se sirvieron los aperitivos. Uno de ellos fue<strong> pulpo \u00e1 feira<\/strong>, como qued\u00f3 patente, en una de las instant\u00e1neas compartidas por la actriz.<\/p>\n<p>Gaiteiros y men\u00fa t\u00edpico gallego\u00a0<\/p>\n<p>\u00abHubo dos pulpeiras y <strong>gaiteiros<\/strong>\u00ab, explica<strong> Alberto Garc\u00eda<\/strong>, de <strong>Eventos Mes\u00f3n de Alberto<\/strong>, que gestiona las celebraciones en el Pazo da Trave, que en este 2025 tiene contratadas <strong>38 bodas<\/strong>, a la llamada de este diario. \u00abSe sirvi\u00f3 un aperitivo fuerte y despu\u00e9s un <strong>men\u00fa t\u00edpico gallego<\/strong>\u00ab, a\u00f1ade el restaurador.<\/p>\n<p>\u00abEster Exp\u00f3sito estaba entre amigos, y se mostr\u00f3 <strong>muy llana<\/strong>, <strong>discreta<\/strong>, como una invitada m\u00e1s\u00bb, se\u00f1ala Alberto Garc\u00eda, que forma parte de una conocida saga de hosteleros lucenses.<\/p>\n<p><img decoding=\"async\" width=\"810\" height=\"1080\" alt=\"ester boda\" src=\"https:\/\/www.europesays.com\/es\/wp-content\/uploads\/2025\/07\/2025073015360818054.jpg\" loading=\"lazy\"\/><br \/>\nEster Exp\u00f3sito, en el Pazo da Trave el pasado viernes\u00a0 \u00a0<\/p>\n<p>La actriz luci\u00f3 para la ocasi\u00f3n un vestido largo, palabra <strong>escote de honor<\/strong>, en tonos plateados, con brilli-brilli y un <strong>drapeado en la cintura<\/strong>. Opt\u00f3 en esta ocasi\u00f3n por lucir el pelo recogido en un mo\u00f1o y sin m\u00e1s joyas que unos pendientes.<\/p>\n<p>Ester aprovech\u00f3 la boda para descansar unos d\u00edas en este paradis\u00edaco enclave tras pasar unas vacaciones en la isla colombiana de San Andr\u00e9s, donde aprovech\u00f3 para practicar el buceo. Es la actriz una amante de los deportes n\u00e1uticos, no solo del <strong>buceo<\/strong>, puesto que en sus visitas a <strong>A Mari\u00f1a<\/strong> es habitual verla por las playas de la comarca haciendo<strong> surf<\/strong> en compa\u00f1\u00eda de sus amigos.<\/p>\n<p>Exp\u00f3sito, que acaba de terminar el rodaje de Marfil y \u00c9bano, basado en un libro de <strong>Mercedes Ron<\/strong>, no para y su ritmo de trabajo es fren\u00e9tico. A\u00fan as\u00ed, ella cada vez que pueda visita Viveiro, adonde regresar\u00e1 seguramente para la fiesta de <strong>Os Naseiros<\/strong>, que ella no perdona.<\/p>\n<p>Parada en O Rei das Tartas en Abad\u00edn\u00a0<\/p>\n<p>La actriz pas\u00f3 al menos cinco d\u00edas en A Mari\u00f1a, puesto que al parecer regres\u00f3 a Madrid el pasado martes, ya que fue vista en el establecimiento que <strong>O Rei das Tartas,<\/strong>\u00a0en la A-8,\u00a0a la altura del municipio de\u00a0<strong>Abad\u00edn<\/strong>. All\u00ed fue reconocida, a pesar de que llevaba una visera para intentar pasar desapercibida y ocultar su rostro.<\/p>\n<p>A la vuelta ya la espera un nuevo proyecto: Dante de noche, un <strong>thriller psicol\u00f3gico<\/strong> escrito y dirigido por Hugo Ruiz, en el que trabajar\u00e1 con el actor argentino<strong> Chino Dar\u00edn<\/strong>. Ester Exp\u00f3sito dar\u00e1 vida a Mak.<\/p>\n","protected":false},"excerpt":{"rendered":"Ester Exp\u00f3sito es un icono de estilo con 24,8 millones de seguidores en Instagram, pero en Viveiro recupera&hellip;\n","protected":false},"author":2,"featured_media":15607,"comment_status":"","ping_status":"","sticky":false,"template":"","format":"standard","meta":{"footnotes":""},"categories":[174],"tags":[10327,3158,255,146,147,25,24,5232,256,23,5231],"class_list":{"0":"post-15606","1":"post","2":"type-post","3":"status-publish","4":"format-standard","5":"has-post-thumbnail","7":"category-famosos","8":"tag-a-marina","9":"tag-boda","10":"tag-celebrities","11":"tag-entertainment","12":"tag-entretenimiento","13":"tag-es","14":"tag-espana","15":"tag-ester-exposito","16":"tag-famosos","17":"tag-spain","18":"tag-viveiro"},"share_on_mastodon":{"url":"","error":""},"_links":{"self":[{"href":"https:\/\/www.europesays.com\/es\/wp-json\/wp\/v2\/posts\/15606","targetHints":{"allow":["GET"]}}],"collection":[{"href":"https:\/\/www.europesays.com\/es\/wp-json\/wp\/v2\/posts"}],"about":[{"href":"https:\/\/www.europesays.com\/es\/wp-json\/wp\/v2\/types\/post"}],"author":[{"embeddable":true,"href":"https:\/\/www.europesays.com\/es\/wp-json\/wp\/v2\/users\/2"}],"replies":[{"embeddable":true,"href":"https:\/\/www.europesays.com\/es\/wp-json\/wp\/v2\/comments?post=15606"}],"version-history":[{"count":0,"href":"https:\/\/www.europesays.com\/es\/wp-json\/wp\/v2\/posts\/15606\/revisions"}],"wp:featuredmedia":[{"embeddable":true,"href":"https:\/\/www.europesays.com\/es\/wp-json\/wp\/v2\/media\/15607"}],"wp:attachment":[{"href":"https:\/\/www.europesays.com\/es\/wp-json\/wp\/v2\/media?parent=15606"}],"wp:term":[{"taxonomy":"category","embeddable":true,"href":"https:\/\/www.europesays.com\/es\/wp-json\/wp\/v2\/categories?post=15606"},{"taxonomy":"post_tag","embeddable":true,"href":"https:\/\/www.europesays.com\/es\/wp-json\/wp\/v2\/tags?post=15606"}],"curies":[{"name":"wp","href":"https:\/\/api.w.org\/{rel}","templated":true}]}}