{"id":156060,"date":"2025-10-04T06:56:10","date_gmt":"2025-10-04T06:56:10","guid":{"rendered":"https:\/\/www.europesays.com\/es\/156060\/"},"modified":"2025-10-04T06:56:10","modified_gmt":"2025-10-04T06:56:10","slug":"detienen-en-colombia-a-jose-caracas-marquez-el-presunto-principal-articulador-logistico-y-financiero-del-tren-de-aragua","status":"publish","type":"post","link":"https:\/\/www.europesays.com\/es\/156060\/","title":{"rendered":"Detienen en Colombia a Jos\u00e9 \u00abCaracas\u00bb M\u00e1rquez, el presunto \u00abprincipal articulador log\u00edstico y financiero\u00bb del Tren de Aragua"},"content":{"rendered":"<p>      CNN Espa\u00f1ol<br \/>\n        \u00a0\u2014\u00a0<\/p>\n<p class=\"paragraph inline-placeholder vossi-paragraph\" data-uri=\"es.cms.cnn.com\/_components\/paragraph\/instances\/cmg9sxzu5000r28qa1nja8sxq@published\" data-editable=\"text\" data-component-name=\"paragraph\" data-article-gutter=\"true\">\n            La Polic\u00eda Nacional de Colombia inform\u00f3 este jueves que Jos\u00e9 Antonio M\u00e1rquez Morales, alias \u201cCaracas\u201d, se\u00f1alado como \u201cel principal articulador log\u00edstico y financiero\u201d de la organizaci\u00f3n criminal Tren de Aragua, fue detenido en el departamento colombiano del Cesar, en el norte del pa\u00eds.\n    <\/p>\n<p class=\"paragraph inline-placeholder vossi-paragraph\" data-uri=\"es.cms.cnn.com\/_components\/paragraph\/instances\/cmg9tj8mv0000356n9m2bij75@published\" data-editable=\"text\" data-component-name=\"paragraph\" data-article-gutter=\"true\">\n            M\u00e1rquez Morales era \u201crequerido por los delitos de terrorismo, homicidio calificado, tr\u00e1fico de armas y asociaci\u00f3n para delinquir\u201d, y contaba con ficha roja por parte de la Organizaci\u00f3n Internacional de Polic\u00eda Criminal (Interpol), dijo Carlos Fernando Triana Beltr\u00e1n, director de la Polic\u00eda colombiana, en un <a href=\"https:\/\/x.com\/DirectorPolicia\/status\/1973818969422508086\" target=\"_blank\" rel=\"nofollow\">mensaje en X<\/a>.\n    <\/p>\n<p class=\"paragraph inline-placeholder vossi-paragraph\" data-uri=\"es.cms.cnn.com\/_components\/paragraph\/instances\/cmg9u2s4u000k356n0ue3lrj5@published\" data-editable=\"text\" data-component-name=\"paragraph\" data-article-gutter=\"true\">\n            El operativo para su detenci\u00f3n, escribi\u00f3 Triana Beltr\u00e1n, se realiz\u00f3 en coordinaci\u00f3n con la Fiscal\u00eda colombiana, el Servicio de Alguaciles de Estados Unidos y autoridades del Reino Unido.\n    <\/p>\n<p class=\"paragraph inline-placeholder vossi-paragraph\" data-uri=\"es.cms.cnn.com\/_components\/paragraph\/instances\/cmg9tr1mj0004356nqa4oipq8@published\" data-editable=\"text\" data-component-name=\"paragraph\" data-article-gutter=\"true\">\n            Seg\u00fan el director de la Polic\u00eda de Colombia, el detenido fue designado como cabecilla de un brazo armado del Tren de Aragua por H\u00e9ctor \u201cNi\u00f1o\u201d Guerrero, quien es considerado el l\u00edder de la organizaci\u00f3n criminal y cuyo paradero a\u00fan se desconoce.\n    <\/p>\n<p class=\"paragraph inline-placeholder vossi-paragraph\" data-uri=\"es.cms.cnn.com\/_components\/paragraph\/instances\/cmg9tuvnc000b356nzqahgdf2@published\" data-editable=\"text\" data-component-name=\"paragraph\" data-article-gutter=\"true\">\n            Alias \u201cCaracas\u201d llevaba a cabo \u201cacciones terroristas con explosivos, homicidios, tr\u00e1fico de armas de fuego y \u2018control territorial\u2019 en la frontera colombo-venezolana\u201d, se\u00f1al\u00f3 el director de la Polic\u00eda Nacional de Colombia.\n    <\/p>\n<p class=\"paragraph inline-placeholder vossi-paragraph\" data-uri=\"es.cms.cnn.com\/_components\/paragraph\/instances\/cmg9txa3m000e356n6ef3ehe2@published\" data-editable=\"text\" data-component-name=\"paragraph\" data-article-gutter=\"true\">\n            Triana Beltr\u00e1n describi\u00f3 a M\u00e1rquez Morales como \u201cel principal articulador log\u00edstico y financiero\u201d del Tren Aragua, lo cual habr\u00eda logrado mediante \u201cextorsiones, narcotr\u00e1fico y contrabando\u201d, agreg\u00f3.\n    <\/p>\n<p class=\"paragraph inline-placeholder vossi-paragraph\" data-uri=\"es.cms.cnn.com\/_components\/paragraph\/instances\/cmg9u3c8f000n356nblcgh9z4@published\" data-editable=\"text\" data-component-name=\"paragraph\" data-article-gutter=\"true\">\n            CNN contact\u00f3 a la Polic\u00eda Nacional y a la Fiscal\u00eda de Colombia para saber si M\u00e1rquez Morales cuenta con representaci\u00f3n legal y espera respuesta.\n    <\/p>\n<p class=\"paragraph inline-placeholder vossi-paragraph\" data-uri=\"es.cms.cnn.com\/_components\/paragraph\/instances\/cmg9u967u000r356nwatbpw6q@published\" data-editable=\"text\" data-component-name=\"paragraph\" data-article-gutter=\"true\">\n            <a href=\"https:\/\/cnnespanol.cnn.com\/2025\/09\/02\/venezuela\/que-es-tren-de-aragua-lideres-operaciones-orix\" rel=\"nofollow noopener\" target=\"_blank\">El Tren de Aragua<\/a> es una banda criminal transnacional que se origin\u00f3 en una prisi\u00f3n de Venezuela y que lentamente se ha abierto camino hacia el sur y el norte del continente en los \u00faltimos a\u00f1os. En 2023, una investigaci\u00f3n de CNN revel\u00f3 la presencia de sus miembros en Estados Unidos.\n    <\/p>\n<p class=\"paragraph inline-placeholder vossi-paragraph\" data-uri=\"es.cms.cnn.com\/_components\/paragraph\/instances\/cmg9ue5e60010356ns97h0ybu@published\" data-editable=\"text\" data-component-name=\"paragraph\" data-article-gutter=\"true\">\n            La Fiscal\u00eda General de Venezuela <a href=\"https:\/\/cnnespanol.cnn.com\/2025\/01\/21\/venezuela\/fiscalia-desmantelar-tren-de-aragua-donde-esta-lider-orix\" rel=\"nofollow noopener\" target=\"_blank\">afirm\u00f3 en enero de 2025 haber desmantelado al Tren de Aragua<\/a>, pero no se ha reportado la detenci\u00f3n de Guerrero.\n    <\/p>\n<p class=\"paragraph inline-placeholder vossi-paragraph\" data-uri=\"es.cms.cnn.com\/_components\/paragraph\/instances\/cmg9ua2pe000u356n6nuy09z6@published\" data-editable=\"text\" data-component-name=\"paragraph\" data-article-gutter=\"true\">\n            El Tren de Aragua es catalogado como la banda criminal m\u00e1s grande y poderosa de Venezuela, de acuerdo con informes de la organizaci\u00f3n <a href=\"https:\/\/es.insightcrime.org\/noticias-crimen-organizado-venezuela\/tren-de-aragua\/\" target=\"_blank\" rel=\"nofollow noopener\">Insight Crime<\/a> y el <a href=\"https:\/\/www.state.gov\/reports\/2023-trafficking-in-persons-report\/colombia\/\" target=\"_blank\" rel=\"nofollow noopener\">Gobierno de Estados Unidos<\/a>.\n    <\/p>\n","protected":false},"excerpt":{"rendered":"CNN Espa\u00f1ol \u00a0\u2014\u00a0 La Polic\u00eda Nacional de Colombia inform\u00f3 este jueves que Jos\u00e9 Antonio M\u00e1rquez Morales, alias \u201cCaracas\u201d,&hellip;\n","protected":false},"author":2,"featured_media":156061,"comment_status":"","ping_status":"","sticky":false,"template":"","format":"standard","meta":{"footnotes":""},"categories":[42],"tags":[17,18,13,14,11,61,62,63,64,19,20,9,10,15,16,12,18292,21,22,65,66,67],"class_list":{"0":"post-156060","1":"post","2":"type-post","3":"status-publish","4":"format-standard","5":"has-post-thumbnail","7":"category-internacional","8":"tag-breaking-news","9":"tag-breakingnews","10":"tag-featured-news","11":"tag-featurednews","12":"tag-headlines","13":"tag-internacional","14":"tag-international","15":"tag-international-news","16":"tag-internationalnews","17":"tag-latest-news","18":"tag-latestnews","19":"tag-news","20":"tag-noticias","21":"tag-noticias-destacadas","22":"tag-noticiasdestacadas","23":"tag-titulares","24":"tag-tren-de-aragua","25":"tag-ultimas-noticias","26":"tag-ultimasnoticias","27":"tag-world","28":"tag-world-news","29":"tag-worldnews"},"share_on_mastodon":{"url":"","error":""},"_links":{"self":[{"href":"https:\/\/www.europesays.com\/es\/wp-json\/wp\/v2\/posts\/156060","targetHints":{"allow":["GET"]}}],"collection":[{"href":"https:\/\/www.europesays.com\/es\/wp-json\/wp\/v2\/posts"}],"about":[{"href":"https:\/\/www.europesays.com\/es\/wp-json\/wp\/v2\/types\/post"}],"author":[{"embeddable":true,"href":"https:\/\/www.europesays.com\/es\/wp-json\/wp\/v2\/users\/2"}],"replies":[{"embeddable":true,"href":"https:\/\/www.europesays.com\/es\/wp-json\/wp\/v2\/comments?post=156060"}],"version-history":[{"count":0,"href":"https:\/\/www.europesays.com\/es\/wp-json\/wp\/v2\/posts\/156060\/revisions"}],"wp:featuredmedia":[{"embeddable":true,"href":"https:\/\/www.europesays.com\/es\/wp-json\/wp\/v2\/media\/156061"}],"wp:attachment":[{"href":"https:\/\/www.europesays.com\/es\/wp-json\/wp\/v2\/media?parent=156060"}],"wp:term":[{"taxonomy":"category","embeddable":true,"href":"https:\/\/www.europesays.com\/es\/wp-json\/wp\/v2\/categories?post=156060"},{"taxonomy":"post_tag","embeddable":true,"href":"https:\/\/www.europesays.com\/es\/wp-json\/wp\/v2\/tags?post=156060"}],"curies":[{"name":"wp","href":"https:\/\/api.w.org\/{rel}","templated":true}]}}