{"id":156066,"date":"2025-10-04T07:03:14","date_gmt":"2025-10-04T07:03:14","guid":{"rendered":"https:\/\/www.europesays.com\/es\/156066\/"},"modified":"2025-10-04T07:03:14","modified_gmt":"2025-10-04T07:03:14","slug":"garbine-muguruza-anuncia-que-espera-su-primer-hijo-junto-a-su-marido-arthur-borges-el-mundo","status":"publish","type":"post","link":"https:\/\/www.europesays.com\/es\/156066\/","title":{"rendered":"Garbi\u00f1e Muguruza anuncia que espera su primer hijo junto a su marido, Arthur Borges &#8211; El Mundo"},"content":{"rendered":"<ol>\n<li><a href=\"https:\/\/news.google.com\/rss\/articles\/CBMigAFBVV95cUxNdklyQXN1VUpGcldOendpM1BhT09jcWUzeDh2U2thOHlWN2QxOWdyZzIzaW1fdzFhVm9nSlpVdXdGOHFrSk5QRXlHMk5zb0NqcmRZSTc0TkF2STdWMmtJR1VTUnNXeHNCWFBsYzlkVFN6RUlOaUpiYkJtSjVOZElZU9IBgAFBVV95cUxOcDZ4UTFQd2xELTE4aVAyeFNzTE15Nl94M2Vib3F1UVRfMTRBR1FWZUlPbTB3YmZZSkRFODFERzlUNVMxdWdHMV92b29OZE5CNnhIalVSWlctbEI0WUxSNGxrSnVXTG93M19sV0lVQm8yYjdJTFVyalhJdjFQcENzWA?oc=5\" target=\"_blank\" rel=\"nofollow noopener\">Garbi\u00f1e Muguruza anuncia que espera su primer hijo junto a su marido, Arthur Borges<\/a>&nbsp;&nbsp;El Mundo<\/li>\n<li><a href=\"https:\/\/news.google.com\/rss\/articles\/CBMilAFBVV95cUxOVXU4dmNGY09KYV9iY3lhdVg4TkxqLTJFSUdhQ3lzREtVR0VOSjhROVRVSnE1d3RWTkd1UVZXeGFwcWtORkppR1J1REZtRDU4RzlsWW5ZRnN2SkMxLXE4OHZSS1YtbGhlWjN5UVZvYjFXUVpFSVZ4UklLdkZOTERocGNCYTJFZmdrMzExOUN3QkpZaHZy?oc=5\" target=\"_blank\" rel=\"nofollow noopener\">La extenista Garbi\u00f1e Muguruza anuncia su embarazo<\/a>&nbsp;&nbsp;EL PA\u00cdS<\/li>\n<li><a href=\"https:\/\/news.google.com\/rss\/articles\/CBMirAFBVV95cUxNZWZhUHdqTURzaTRaanJxNF9RTWpDblF3WUNUa0FoV0pyajJQNEdjUmlOeFN3RW54QjhtVEVDS0txUmxOM1BhN2JRZXg5bmN3czdVeVU2T1FWZUNiTm1YV1dKaGxHalhRZ1RYdVBJV2lSLTE0VU42emttSHY5MjhEU19GOHBvelI2Q3oxRnNiNTdjVEQtRFNTQ1BYTGxPN09lRU9HUmxFem83S1Ix?oc=5\" target=\"_blank\" rel=\"nofollow noopener\">As\u00ed hablaba Garbi\u00f1e Muguruza a \u00a1HOLA! de su deseo de ser madre: \u00abMe encantar\u00eda, pero la decisi\u00f3n es un poco complicada\u00bb<\/a>&nbsp;&nbsp;HOLA<\/li>\n<li><a href=\"https:\/\/news.google.com\/rss\/articles\/CBMitwFBVV95cUxOZ0lGNnBKZmFNMXQwbWxqTGI4X1JWRFY1VkhSd2FhUUY0cEdWOUV1Q3l2cHBxNkxuLUVET2tDVFUzM3FsSWJVYnpXUGR6ODJkbVppdHRXOEpSTFhDT2hUMFA3RjlaUlNFbVotYXgxSlpfNVFkRmFzUUdKdi1VM0xPWkZ4bzF5LW03Zm5xRTB4MmFIT1V2Y0NMTVlEeEhwQVFScnVsQWFXdjRVWVZmN2twczUzRWpwSTg?oc=5\" target=\"_blank\" rel=\"nofollow noopener\">Garbi\u00f1e Muguruza desvela que est\u00e1 embarazada con dos im\u00e1genes en ba\u00f1ador: \u00abFamilia\u00bb<\/a>&nbsp;&nbsp;El Diario Vasco<\/li>\n<li><a href=\"https:\/\/news.google.com\/rss\/articles\/CBMimgFBVV95cUxORktlNEN3NmxldDAwaWVCU29lSlhIX29MTjIxSW5hNmFYVUNpUXJwWEUyS0JLWDJyRE5kWWJWREpjc21aMXU1NkNsQU9WeGNiTDR3d2xGZkU0OU16a2FLRWlBZnNMTFZQanI2OGNHY3Jqd05iZWtUUUtlY2RrTV9ibklHR3lMRmlCeGhpcjlicFo5bndScm94NDNn0gGfAUFVX3lxTE11WVFDc3hpb3N5YjZBbVByeXc0YXhzYWdreTVxUWs3bTlSOEVYQkxWMHJWY2pYY0R4a1hBbklYUFRMbURLakJRek1JV3lvaDlyeVNPOVVaTUZHUzN4SlRrd0NhUHVQNmFqcko3MzJULXVRV1JfSFI3VmppQ3VTOW5LMGtBSG9DOEwxai1DOE1KVW50YkhZcnFHR3JQZ3NrNA?oc=5\" target=\"_blank\" rel=\"nofollow noopener\">Garbi\u00f1e Muguruza o c\u00f3mo cuidar el cuerpo en el embarazo para recuperarse como Serena Williams<\/a>&nbsp;&nbsp;The Objective<\/li>\n<\/ol>\n","protected":false},"excerpt":{"rendered":"Garbi\u00f1e Muguruza anuncia que espera su primer hijo junto a su marido, Arthur Borges&nbsp;&nbsp;El Mundo La extenista Garbi\u00f1e&hellip;\n","protected":false},"author":2,"featured_media":156067,"comment_status":"","ping_status":"","sticky":false,"template":"","format":"standard","meta":{"footnotes":""},"categories":[274],"tags":[168,25,24,45309,720,23,167,327,326],"class_list":{"0":"post-156066","1":"post","2":"type-post","3":"status-publish","4":"format-standard","5":"has-post-thumbnail","7":"category-tenis","8":"tag-deportes","9":"tag-es","10":"tag-espana","11":"tag-garbine-muguruza","12":"tag-loc-famosos","13":"tag-spain","14":"tag-sports","15":"tag-tenis","16":"tag-tennis"},"share_on_mastodon":{"url":"","error":""},"_links":{"self":[{"href":"https:\/\/www.europesays.com\/es\/wp-json\/wp\/v2\/posts\/156066","targetHints":{"allow":["GET"]}}],"collection":[{"href":"https:\/\/www.europesays.com\/es\/wp-json\/wp\/v2\/posts"}],"about":[{"href":"https:\/\/www.europesays.com\/es\/wp-json\/wp\/v2\/types\/post"}],"author":[{"embeddable":true,"href":"https:\/\/www.europesays.com\/es\/wp-json\/wp\/v2\/users\/2"}],"replies":[{"embeddable":true,"href":"https:\/\/www.europesays.com\/es\/wp-json\/wp\/v2\/comments?post=156066"}],"version-history":[{"count":0,"href":"https:\/\/www.europesays.com\/es\/wp-json\/wp\/v2\/posts\/156066\/revisions"}],"wp:featuredmedia":[{"embeddable":true,"href":"https:\/\/www.europesays.com\/es\/wp-json\/wp\/v2\/media\/156067"}],"wp:attachment":[{"href":"https:\/\/www.europesays.com\/es\/wp-json\/wp\/v2\/media?parent=156066"}],"wp:term":[{"taxonomy":"category","embeddable":true,"href":"https:\/\/www.europesays.com\/es\/wp-json\/wp\/v2\/categories?post=156066"},{"taxonomy":"post_tag","embeddable":true,"href":"https:\/\/www.europesays.com\/es\/wp-json\/wp\/v2\/tags?post=156066"}],"curies":[{"name":"wp","href":"https:\/\/api.w.org\/{rel}","templated":true}]}}