{"id":156068,"date":"2025-10-04T07:05:08","date_gmt":"2025-10-04T07:05:08","guid":{"rendered":"https:\/\/www.europesays.com\/es\/156068\/"},"modified":"2025-10-04T07:05:08","modified_gmt":"2025-10-04T07:05:08","slug":"hasta-un-choque-tonto-singapur-se-llena-de-accidentes-en-formula-1","status":"publish","type":"post","link":"https:\/\/www.europesays.com\/es\/156068\/","title":{"rendered":"\u00a1Hasta un choque &#8216;tonto&#8217;! Singapur se llena de accidentes en F\u00f3rmula 1"},"content":{"rendered":"\n<p>Se realizaron las pruebas libres, el <b>FP1 y FP2 del <a href=\"https:\/\/www.mediotiempo.com\/automovilismo\/f1\/fox-sports-mexico-paso-practicas-gp-singapur-clientes-quejan-redes\" target=\"_blank\" style=\"color: rgb(247, 150, 70);\" rel=\"nofollow noopener\">Gran Premio de Singapur<\/a>,\u00a0<\/b><b>Oscar Piastri de McLaren <\/b>termin\u00f3 en primer lugar, seguido por<b>\u00a0<\/b><b>Isack Hadjar de Racing Bulls\u00a0<\/b>y en tercero<b>\u00a0<\/b><b>Max Verstappen de Red Bull<\/b>.<\/p>\n<p><b>Fernando Alonso de Aston Martin<\/b> lider\u00f3 la primera sesi\u00f3n de libres y fue cuarto en la segunda, en un d\u00eda de pruebas que termin\u00f3 muy accidentada.<\/p>\n<p>\u200bLos accidentes en F1 en Singapur<\/p>\n<p><a href=\"https:\/\/www.mediotiempo.com\/otros-mundos\/television\/fox-sports-mexico-y-grupo-lauman-pierden-la-f1-esta-televisora-la-transmitira-a-partir-de-2026\" target=\"_blank\" rel=\"nofollow noopener\"><b>Singapur<\/b><\/a> no fue una cita f\u00e1cil este viernes, con mucha humedad, la cual afect\u00f3 a la <b>escuder\u00eda Williams<\/b>, pues <b>Alex Albon t<\/b>ras\u00a0completar las primeras vueltas, lo sacaron a boxes, ya que <b>la parte trasera se cubr\u00eda de humo y ard\u00edan los frenos.<\/b><\/p>\n<p>El equipo brit\u00e1nico no abri\u00f3 completamente el conducto de sus frenos y todo fue un desastre.<\/p>\n<p>Siguieron los choques<\/p>\n<p>En la FP2, <b>George Russell sufri\u00f3 el primer accidente<\/b> en esta prueba, en la curva 16, iba a mucha velocidad y salv\u00f3 el sobreviraje, pero no pudo evitar ir <b>contra el muro de protecci\u00f3n<\/b>, que dej\u00f3 mal el tren delantero.<\/p>\n<p>Russell volvi\u00f3 a box y perdi\u00f3 varios minutos; poco despu\u00e9s,\u00a0<b>Lawson golpe\u00f3 el muro y perdi\u00f3 una rueda<\/b>; esto provoc\u00f3 que se mostraran dos banderas rojas.<\/p>\n<p>Un choque &#8216;tonto&#8217;<\/p>\n<p><b>Lando Norris<\/b>, quien es segundo en el campeonato, sufri\u00f3 un choque que algunos comentaristas de la <a href=\"https:\/\/www.mediotiempo.com\/automovilismo\/f1\/fox-sports-transmitio-practica-sprint-qualy-gp-miami-aficionados-estallan\" target=\"_blank\" rel=\"nofollow noopener\"><b>F\u00f3rmula 1<\/b><\/a> consideraron <b>\u00abextra\u00f1o y tonto\u00bb.<\/b><\/p>\n<p>Y es que durante el FP2 de este viernes del Gran Premio de Singapur, <b>Charles Leclerc, quien tambi\u00e9n es favorito para el domingo, le choc\u00f3 a Norris, cuando sal\u00edan del box.<\/b><\/p>\n<p>Leclerc no midi\u00f3 su incorporaci\u00f3n y choc\u00f3 a Norris, aunque a baja velocidad, pero lo llev\u00f3 a tocar las paredes del muro de boxes, algo que parec\u00eda incre\u00edble.<\/p>\n<p><\/p>\n<p>\u200b<\/p>\n<p>\u200b<\/p>\n<p>\u200b<\/p>\n<p>\u200b<\/p>\n<p>\u200b<\/p>\n<p>\u200b<\/p>\n<p>\u200b<\/p>\n<p>\u200b<\/p>\n","protected":false},"excerpt":{"rendered":"Se realizaron las pruebas libres, el FP1 y FP2 del Gran Premio de Singapur,\u00a0Oscar Piastri de McLaren termin\u00f3&hellip;\n","protected":false},"author":2,"featured_media":156069,"comment_status":"","ping_status":"","sticky":false,"template":"","format":"standard","meta":{"footnotes":""},"categories":[270],"tags":[168,25,24,306,271,272,44837,46734,23,167],"class_list":{"0":"post-156068","1":"post","2":"type-post","3":"status-publish","4":"format-standard","5":"has-post-thumbnail","7":"category-formula-1","8":"tag-deportes","9":"tag-es","10":"tag-espana","11":"tag-f1","12":"tag-formula-1","13":"tag-formula1","14":"tag-gp-de-singapur","15":"tag-pruebas-libres","16":"tag-spain","17":"tag-sports"},"share_on_mastodon":{"url":"","error":""},"_links":{"self":[{"href":"https:\/\/www.europesays.com\/es\/wp-json\/wp\/v2\/posts\/156068","targetHints":{"allow":["GET"]}}],"collection":[{"href":"https:\/\/www.europesays.com\/es\/wp-json\/wp\/v2\/posts"}],"about":[{"href":"https:\/\/www.europesays.com\/es\/wp-json\/wp\/v2\/types\/post"}],"author":[{"embeddable":true,"href":"https:\/\/www.europesays.com\/es\/wp-json\/wp\/v2\/users\/2"}],"replies":[{"embeddable":true,"href":"https:\/\/www.europesays.com\/es\/wp-json\/wp\/v2\/comments?post=156068"}],"version-history":[{"count":0,"href":"https:\/\/www.europesays.com\/es\/wp-json\/wp\/v2\/posts\/156068\/revisions"}],"wp:featuredmedia":[{"embeddable":true,"href":"https:\/\/www.europesays.com\/es\/wp-json\/wp\/v2\/media\/156069"}],"wp:attachment":[{"href":"https:\/\/www.europesays.com\/es\/wp-json\/wp\/v2\/media?parent=156068"}],"wp:term":[{"taxonomy":"category","embeddable":true,"href":"https:\/\/www.europesays.com\/es\/wp-json\/wp\/v2\/categories?post=156068"},{"taxonomy":"post_tag","embeddable":true,"href":"https:\/\/www.europesays.com\/es\/wp-json\/wp\/v2\/tags?post=156068"}],"curies":[{"name":"wp","href":"https:\/\/api.w.org\/{rel}","templated":true}]}}