{"id":156074,"date":"2025-10-04T07:10:09","date_gmt":"2025-10-04T07:10:09","guid":{"rendered":"https:\/\/www.europesays.com\/es\/156074\/"},"modified":"2025-10-04T07:10:09","modified_gmt":"2025-10-04T07:10:09","slug":"la-cova-dos-libros-fantasticos-retoma-en-el-pazo-sus-actividades","status":"publish","type":"post","link":"https:\/\/www.europesays.com\/es\/156074\/","title":{"rendered":"La Cova dos Libros Fant\u00e1sticos retoma en el Pazo sus actividades"},"content":{"rendered":"<p class=\"ft-text\">A Cova dos Libros, un espacio destinado a los ni\u00f1os y familias que re\u00fane m\u00e1s de 4.000 t\u00edtulos de literatura infantil y juvenil, retoma hoy su actividad en la Sala de Obradoiros del Pazo da Cultura. Abrir\u00e1 hasta finales de diciembre los martes de 17 a 20 horas y los s\u00e1bados de 11 a 13. La entrada es libre pero es necesario asociarse para llevar ejemplares para casa.<\/p>\n<p><a id=\"comments\" name=\"comments\" title=\"\" class=\"ft-anchor ft-anchor--absolute ft-helper-spacer-voffset-xlg\" rel=\"\"><\/a><\/p>\n","protected":false},"excerpt":{"rendered":"A Cova dos Libros, un espacio destinado a los ni\u00f1os y familias que re\u00fane m\u00e1s de 4.000 t\u00edtulos&hellip;\n","protected":false},"author":2,"featured_media":122381,"comment_status":"","ping_status":"","sticky":false,"template":"","format":"standard","meta":{"footnotes":""},"categories":[172],"tags":[224,23167,209,146,147,25,24,2628,225,1805,2932,46735,32152,23],"class_list":{"0":"post-156074","1":"post","2":"type-post","3":"status-publish","4":"format-standard","5":"has-post-thumbnail","7":"category-libros","8":"tag-books","9":"tag-cova","10":"tag-cultura","11":"tag-entertainment","12":"tag-entretenimiento","13":"tag-es","14":"tag-espana","15":"tag-fantasticos","16":"tag-libros","17":"tag-literatura-infantil","18":"tag-ninos","19":"tag-pazo","20":"tag-retoma","21":"tag-spain"},"share_on_mastodon":{"url":"","error":""},"_links":{"self":[{"href":"https:\/\/www.europesays.com\/es\/wp-json\/wp\/v2\/posts\/156074","targetHints":{"allow":["GET"]}}],"collection":[{"href":"https:\/\/www.europesays.com\/es\/wp-json\/wp\/v2\/posts"}],"about":[{"href":"https:\/\/www.europesays.com\/es\/wp-json\/wp\/v2\/types\/post"}],"author":[{"embeddable":true,"href":"https:\/\/www.europesays.com\/es\/wp-json\/wp\/v2\/users\/2"}],"replies":[{"embeddable":true,"href":"https:\/\/www.europesays.com\/es\/wp-json\/wp\/v2\/comments?post=156074"}],"version-history":[{"count":0,"href":"https:\/\/www.europesays.com\/es\/wp-json\/wp\/v2\/posts\/156074\/revisions"}],"wp:featuredmedia":[{"embeddable":true,"href":"https:\/\/www.europesays.com\/es\/wp-json\/wp\/v2\/media\/122381"}],"wp:attachment":[{"href":"https:\/\/www.europesays.com\/es\/wp-json\/wp\/v2\/media?parent=156074"}],"wp:term":[{"taxonomy":"category","embeddable":true,"href":"https:\/\/www.europesays.com\/es\/wp-json\/wp\/v2\/categories?post=156074"},{"taxonomy":"post_tag","embeddable":true,"href":"https:\/\/www.europesays.com\/es\/wp-json\/wp\/v2\/tags?post=156074"}],"curies":[{"name":"wp","href":"https:\/\/api.w.org\/{rel}","templated":true}]}}