{"id":156078,"date":"2025-10-04T07:16:09","date_gmt":"2025-10-04T07:16:09","guid":{"rendered":"https:\/\/www.europesays.com\/es\/156078\/"},"modified":"2025-10-04T07:16:09","modified_gmt":"2025-10-04T07:16:09","slug":"10-jerseys-de-zara-que-las-madrilenas-de-35-y-45-llevan-a-comidas-y-cenas","status":"publish","type":"post","link":"https:\/\/www.europesays.com\/es\/156078\/","title":{"rendered":"10 jerseys de Zara que las madrile\u00f1as de 35+ y 45+ llevan a comidas y cenas"},"content":{"rendered":"<p data-journey-content=\"true\" data-node-id=\"0\" class=\"css-6wxqfj emevuu60\">Si tienes un<strong data-node-id=\"0.1\"> <a href=\"https:\/\/www.elle.com\/es\/moda\/tendencias\/a62633925\/como-combinar-jerseys-finos-tendencias-looks\/\" data-vars-ga-outbound-link=\"https:\/\/www.elle.com\/es\/moda\/tendencias\/a62633925\/como-combinar-jerseys-finos-tendencias-looks\/\" data-vars-ga-ux-element=\"Hyperlink\" data-vars-ga-call-to-action=\"jersey fino cl\u00e1sico\" data-node-id=\"0.1.1\" class=\"body-link css-103hk4r emevuu60\" rel=\"nofollow noopener\" target=\"_blank\">jersey fino cl\u00e1sico<\/a><\/strong>, tienes un tesoro para los mejores looks de oto\u00f1o y entretiempo. No hay estilismo que no quede bien con ellos, y si se trata de dise\u00f1os de colores b\u00e1sicos que van con toda tu ropa, la rentabilidad y versatilidad es innegable. Por eso <strong data-node-id=\"0.3\"><a href=\"https:\/\/www.elle.com\/es\/zara-mujer-novedades\/\" data-vars-ga-outbound-link=\"https:\/\/www.elle.com\/es\/zara-mujer-novedades\/\" data-vars-ga-ux-element=\"Hyperlink\" data-vars-ga-call-to-action=\"Zara\" data-node-id=\"0.3.0\" class=\"body-link css-103hk4r emevuu60\" rel=\"nofollow noopener\" target=\"_blank\">Zara<\/a><\/strong>, que sabe bien que sus clientas buscan caprichos de vez en cuando, s\u00ed, pero los b\u00e1sicos especiales las hacen sentir bien, apuesta por ellos. <strong data-node-id=\"0.5\">Si hablamos de clientas, las madrile\u00f1as de 35  y 45 a\u00f1os, que tienen en su agenda muchas citas para comer y cenar entre semana<\/strong> y el fin de semana tienen como prenda comod\u00edn al jersey fino en todas sus opciones y modalidades. En concreto, los mejores looks de entretiempo en los restaurantes, bares y tabernas de la capital, sobre todo en la zona centro y barrios de moda, es habitual ver a mujeres con alguno de estos 10 <strong data-node-id=\"0.7\"><a href=\"https:\/\/www.elle.com\/es\/moda\/noticias\/a66121789\/mango-jerseys-finos-clasicos-mujer-baratos-looks-de-cena-con-amigas-en-septiembre\/\" data-vars-ga-outbound-link=\"https:\/\/www.elle.com\/es\/moda\/noticias\/a66121789\/mango-jerseys-finos-clasicos-mujer-baratos-looks-de-cena-con-amigas-en-septiembre\/\" data-vars-ga-ux-element=\"Hyperlink\" data-vars-ga-call-to-action=\"jerseys finos de Zara\" data-node-id=\"0.7.0\" class=\"body-link css-103hk4r emevuu60\" rel=\"nofollow noopener\" target=\"_blank\">jerseys finos de Zara<\/a><\/strong>. Son cl\u00e1sicos, <strong data-node-id=\"0.9\">b\u00e1sicos, elegantes y van con todo, y cuestan 22,95 euros. <\/strong><\/p>\n<p data-journey-content=\"true\" data-node-id=\"1\" class=\"css-6wxqfj emevuu60\"><strong data-node-id=\"1.0\">En un paseo reciente por la zona de Salesas,<\/strong> llena de bares y restaurantes, ca\u00ed en que todas las mujeres que me gustaba como iban vestidas, llevaban un jersey fino. Con una <strong data-node-id=\"1.2\">falda larga satinada, con pantalones de vestir y zapatillas New Balance<\/strong>, con vaqueros blancos, vaqueros azules cl\u00e1sicos, con faldas l\u00e1piz especiales y de tendencia, con bombachos. En fin, que es que son la prenda que una experta como yo denomina &#8216;infalible&#8217; ya que evita quebraderos de cabeza a la hora de elegir c\u00f3mo combinar ciertas prendas.<\/p>\n<p data-journey-content=\"true\" data-node-id=\"2\" class=\"css-6wxqfj emevuu60\"> Zara lo pone sencillo al vender los <strong data-node-id=\"2.1\">dise\u00f1os m\u00e1s neutros <\/strong>para que siempre vayan con tu ropa. <\/p>\n<p>10 jerseys finos de Zara para looks cl\u00e1sicos de comida y cena en Madrid<\/p>\n<p data-journey-content=\"true\" data-node-id=\"5\" class=\"css-6wxqfj emevuu60\"><strong data-node-id=\"5.0\">Zara vende estos jerseys finos de tendencia cl\u00e1sica <\/strong>de las m\u00e1s estilosas en tonos f\u00e1ciles de combinar: el azul marino, negro, chocolate, beige, vis\u00f3n y gris, pero tambi\u00e9n en tonos que nos alegran un poco la cara: mantequilla, p\u00farpura. Y como digo,<strong data-node-id=\"5.2\"> por 22,95\u20ac una buena compra que vas a usar mucho<\/strong>, lo que hace que su precio sea emocionalmente menor. <\/p>\n<p>Jersey fino de Zara en color vis\u00f3n (22,95\u20ac)Jersey fino de Zara en color morado (22,95\u20ac) Jersey fino de Zara en color mantequilla (22,95\u20ac) Jersey fino de Zara en color gris (22,95\u20ac)Jersey fino de Zara en color negro (22,95\u20ac)Jersey fino de Zara en color arena (22,95\u20ac)Jersey fino de Zara en color azul marino (22,95\u20ac)Jersey fino de Zara en color chocolate (22,95\u20ac)<br data-node-id=\"22.0\"\/><img src=\"https:\/\/www.europesays.com\/es\/wp-content\/uploads\/2025\/10\/1759562169_3_d87bcd66-0484-4385-a508-98d9bf758058_1548085786.jpg\" alt=\"Headshot of Paula Llanos\" title=\"Headshot of Paula Llanos\" width=\"100%\" height=\"100%\" decoding=\"async\" loading=\"lazy\" class=\"css-o0wq4v ev8dhu53\"\/><\/p>\n<p>Paula Llanos es Jefa de moda en ELLE.es. Licenciada en Periodismo en la Universidad Pontificia de Salamanca, con experiencia en prensa escrita, radio y televisi\u00f3n pero con total vocaci\u00f3n digital. Desde el a\u00f1o 2000 (18 a\u00f1os) \u00a0en internet, en prensa femenina 13 a\u00f1os y 10 a\u00f1os en Elle.es Adicta a la moda, las compras e Instagram. Experta en crear necesidades e identificar prendas y accesorios con una sola foto y en hacer titulares con juegos de palabras.<\/p>\n","protected":false},"excerpt":{"rendered":"Si tienes un jersey fino cl\u00e1sico, tienes un tesoro para los mejores looks de oto\u00f1o y entretiempo. No&hellip;\n","protected":false},"author":2,"featured_media":156079,"comment_status":"","ping_status":"","sticky":false,"template":"","format":"standard","meta":{"footnotes":""},"categories":[91],"tags":[1655,253,146,147,25,24,23],"class_list":{"0":"post-156078","1":"post","2":"type-post","3":"status-publish","4":"format-standard","5":"has-post-thumbnail","7":"category-entretenimiento","8":"tag-afiliacion","9":"tag-discover","10":"tag-entertainment","11":"tag-entretenimiento","12":"tag-es","13":"tag-espana","14":"tag-spain"},"share_on_mastodon":{"url":"","error":""},"_links":{"self":[{"href":"https:\/\/www.europesays.com\/es\/wp-json\/wp\/v2\/posts\/156078","targetHints":{"allow":["GET"]}}],"collection":[{"href":"https:\/\/www.europesays.com\/es\/wp-json\/wp\/v2\/posts"}],"about":[{"href":"https:\/\/www.europesays.com\/es\/wp-json\/wp\/v2\/types\/post"}],"author":[{"embeddable":true,"href":"https:\/\/www.europesays.com\/es\/wp-json\/wp\/v2\/users\/2"}],"replies":[{"embeddable":true,"href":"https:\/\/www.europesays.com\/es\/wp-json\/wp\/v2\/comments?post=156078"}],"version-history":[{"count":0,"href":"https:\/\/www.europesays.com\/es\/wp-json\/wp\/v2\/posts\/156078\/revisions"}],"wp:featuredmedia":[{"embeddable":true,"href":"https:\/\/www.europesays.com\/es\/wp-json\/wp\/v2\/media\/156079"}],"wp:attachment":[{"href":"https:\/\/www.europesays.com\/es\/wp-json\/wp\/v2\/media?parent=156078"}],"wp:term":[{"taxonomy":"category","embeddable":true,"href":"https:\/\/www.europesays.com\/es\/wp-json\/wp\/v2\/categories?post=156078"},{"taxonomy":"post_tag","embeddable":true,"href":"https:\/\/www.europesays.com\/es\/wp-json\/wp\/v2\/tags?post=156078"}],"curies":[{"name":"wp","href":"https:\/\/api.w.org\/{rel}","templated":true}]}}