{"id":156084,"date":"2025-10-04T07:19:05","date_gmt":"2025-10-04T07:19:05","guid":{"rendered":"https:\/\/www.europesays.com\/es\/156084\/"},"modified":"2025-10-04T07:19:05","modified_gmt":"2025-10-04T07:19:05","slug":"trump-decide-que-estados-unidos-ha-entrado-en-guerra-con-los-carteles-de-la-droga-internacional","status":"publish","type":"post","link":"https:\/\/www.europesays.com\/es\/156084\/","title":{"rendered":"Trump decide que Estados Unidos ha entrado en guerra con los carteles de la droga | Internacional"},"content":{"rendered":"<p class=\"\">El presidente de Estados Unidos, Donald Trump, ha decidido que su pa\u00eds ha entrado en <a href=\"https:\/\/elpais.com\/internacional\/2025-08-08\/trump-ordena-al-ejercito-de-estados-unidos-combatir-a-los-carteles-de-la-droga-extranjeros.html\" target=\"_self\" rel=\"nofollow noopener\" title=\"https:\/\/elpais.com\/internacional\/2025-08-08\/trump-ordena-al-ejercito-de-estados-unidos-combatir-a-los-carteles-de-la-droga-extranjeros.html\">una guerra \u201cno internacional\u201d con los carteles de la droga<\/a>, a cuyos miembros considera ahora \u201ccombatientes ilegales\u201d. As\u00ed lo indica un memor\u00e1ndum notificado al Congreso y filtrado a varios medios del pa\u00eds.<\/p>\n<p class=\"\">El paso, del que el peri\u00f3dico The New York Times ha sido en primero en informar, se da despu\u00e9s de que las fuerzas estadounidenses hundieran en el \u00faltimo mes al menos tres lanchas que supuestamente transportaban droga en aguas internacionales en el Caribe, en ataques en los que han muerto 17 personas. Al menos dos de las embarcaciones hab\u00edan partido de las costas venezolanas. Un grupo de senadores dem\u00f3cratas hab\u00eda exigido a la Casa Blanca en una carta explicaciones sobre la legalidad de los ataques y le recordaba que el Congreso debe dar permiso al presidente para que autorice un ataque militar, de acuerdo con la ley estadounidense de poderes de guerra. <\/p>\n<p class=\"\">Seg\u00fan el New York Times, el memor\u00e1ndum confidencial se envi\u00f3 esta semana a varios comit\u00e9s del Congreso. En \u00e9l se especifica que Estados Unidos se encuentra en un \u201cconflicto armado\u201d con los <a href=\"https:\/\/elpais.com\/mexico\/2025-02-19\/estados-unidos-designa-como-organizaciones-terroristas-globales-a-seis-carteles-mexicanos-y-dos-pandillas.html\" target=\"_self\" rel=\"nofollow noopener\" title=\"https:\/\/elpais.com\/mexico\/2025-02-19\/estados-unidos-designa-como-organizaciones-terroristas-globales-a-seis-carteles-mexicanos-y-dos-pandillas.html\">carteles de la droga que la Administraci\u00f3n ha declarado organizaciones terroristas<\/a>, y los traficantes de esos grupos son \u201ccombatientes ilegales\u201d. <\/p>\n<p class=\"\">En un conflicto armado, una naci\u00f3n puede atacar a los combatientes de otra aunque esos guerreros no est\u00e9n peleando en esos momentos, puede detenerlos y puede someterlos a juicios militares. Al caracterizar la campa\u00f1a contra los carteles como un conflicto armado, la Administraci\u00f3n Trump parece estar tratando de alegar poderes extraordinarios de guerra para justificar los ataques contra las lanchas en el Caribe. Numerosos expertos y organizaciones de los derechos humanos consideran esos ataques ilegales.<\/p>\n<p class=\"\">Seg\u00fan la agencia de noticias AP, funcionarios del Pent\u00e1gono no han podido ofrecer una lista de cu\u00e1les son las organizaciones designadas como terroristas incluidas en este conflicto no internacional, algo que representa \u201cuna gran fuente de frustraci\u00f3n para algunos de los legisladores\u201d a los que se ha notificado el memor\u00e1ndum, seg\u00fan las fuente citadas por este medio.<\/p>\n<p class=\"\">\u201cLo que la Administraci\u00f3n present\u00f3 en una sesi\u00f3n informativa a puerta cerrada se percibi\u00f3 entre varios senadores como la b\u00fasqueda de un nuevo marco legal que genera interrogantes, en particular sobre el papel del Congreso para autorizar ese tipo de acciones\u201d, indica la agencia, que cita a una persona conocedora del asunto.<\/p>\n<p class=\"\">El primer ataque se perpetr\u00f3 el pasado 2 de septiembre y lo dio a conocer el propio Trump mientras participaba en un acto en el Despacho Oval. Entonces, el presidente estadounidense sostuvo, sin haber aportado hasta el momento pruebas en p\u00fablico, que las once personas a bordo -todas ellas muertas en el incidente- eran miembros de la organizaci\u00f3n delictiva venezolana Tren de Aragua.<\/p>\n<p class=\"\">La <a href=\"https:\/\/elpais.com\/us\/2025-08-19\/estados-unidos-dispuesto-a-usar-todo-su-poder-contra-el-narcotrafico-desde-venezuela.html\" target=\"_self\" rel=\"nofollow noopener\" title=\"https:\/\/elpais.com\/us\/2025-08-19\/estados-unidos-dispuesto-a-usar-todo-su-poder-contra-el-narcotrafico-desde-venezuela.html\">Administraci\u00f3n Trump incluy\u00f3 al Tren de Aragua<\/a> en su lista de organizaciones terroristas extranjeras a comienzos de este a\u00f1o. Este gobierno asegura que la entrada de drogas en Estados Unidos ha alcanzado un nivel tan peligroso que hace necesaria la acci\u00f3n militar para atajarla. <\/p>\n<p class=\"\">Cerca de 100.000 estadounidenses mueren cada a\u00f1o por sobredosis de droga, aunque la mayor parte de esos fallecimientos se deben al consumo de fentanilo. Ese narc\u00f3tico procede en su mayor parte de M\u00e9xico, seg\u00fan apuntan los expertos, y no de Venezuela. Pero el narcotr\u00e1fico se ha convertido en uno de los grandes argumentos que alega Washington para aumentar la presi\u00f3n contra el pa\u00eds caribe\u00f1o y su Gobierno. La Administraci\u00f3n Trump caracteriza al presidente venezolano, Nicol\u00e1s Maduro, como un cabecilla del narcotr\u00e1fico y ha aumentado a cincuenta millones de d\u00f3lares la recompensa que ofrece por su captura.<\/p>\n<p class=\"\">El abogado militar retirado Geoffrey Corn, antiguo asesor principal del Ej\u00e9rcito de Tierra sobre el Derecho b\u00e9lico, ha explicado al Times que los carteles no participan en \u201chostilidades\u201d contra Estados Unidos, porque vender una sustancia peligrosa no es lo mismo que combatir. La existencia de hostilidades es el est\u00e1ndar que se emplea para determinar que efectivamente hay un conflicto armado desde el punto de vista legal.<\/p>\n<p class=\"\">Y es ilegal para las fuerzas armadas atacar de manera deliberada a civiles, aunque est\u00e9n participando en delitos, si esas personas no est\u00e1n participando en hostilidades, recuerda el abogado militar. <\/p>\n<p class=\"\">La portavoz de la Casa Blanca Anna Kelly ha declarado sobre los ataques a las lanchas que \u201cel presidente actu\u00f3 de acuerdo con la ley de conflicto armado para proteger a nuestro pa\u00eds de aquellos que intentan llevar veneno mortal a nuestras costas, y est\u00e1 cumpliendo su promesa de enfrentarse a los carteles e impedir que estas amenazas contra la seguridad nacional maten a m\u00e1s estadounidenses\u201d.<\/p>\n<p class=\"\">El memor\u00e1ndum, seg\u00fan el Times, indica que Trump ha \u201cdeterminado\u201d que los c\u00e1rteles del narcotr\u00e1fico son \u201cgrupos armados no adscritos a un Estado\u201d cuyas acciones \u201cconstituyen un ataque armado contra Estados Unidos\u201d. Y describe su enfrentamiento con ellos como un \u201cconflicto armado no internacional\u201d, un t\u00e9rmino que hace referencia a una guerra contra alg\u00fan tipo de entidad que no es un pa\u00eds.<\/p>\n<p class=\"\">\u201cBas\u00e1ndose en el efecto acumulado de estos actos hostiles contra los ciudadanos e intereses de Estados Unidos y naciones extranjeras amigas, el presidente ha determinado que Estados Unidos se encuentra en un conflicto armado contra estas organizaciones designadas como terroristas\u201d, apunta el memor\u00e1ndum.<\/p>\n","protected":false},"excerpt":{"rendered":"El presidente de Estados Unidos, Donald Trump, ha decidido que su pa\u00eds ha entrado en una guerra \u201cno&hellip;\n","protected":false},"author":2,"featured_media":156085,"comment_status":"","ping_status":"","sticky":false,"template":"","format":"standard","meta":{"footnotes":""},"categories":[42],"tags":[17,18,46736,1616,352,794,629,13,14,69,11,61,62,63,64,19,20,7337,9,1194,10,15,16,17921,12,21,22,1192,65,66,67],"class_list":{"0":"post-156084","1":"post","2":"type-post","3":"status-publish","4":"format-standard","5":"has-post-thumbnail","7":"category-internacional","8":"tag-breaking-news","9":"tag-breakingnews","10":"tag-combatientes","11":"tag-defensa","12":"tag-donald-trump","13":"tag-drogas","14":"tag-estados-unidos","15":"tag-featured-news","16":"tag-featurednews","17":"tag-guerra","18":"tag-headlines","19":"tag-internacional","20":"tag-international","21":"tag-international-news","22":"tag-internationalnews","23":"tag-latest-news","24":"tag-latestnews","25":"tag-narcotrafico","26":"tag-news","27":"tag-nicolas-maduro","28":"tag-noticias","29":"tag-noticias-destacadas","30":"tag-noticiasdestacadas","31":"tag-pentagono","32":"tag-titulares","33":"tag-ultimas-noticias","34":"tag-ultimasnoticias","35":"tag-venezuela","36":"tag-world","37":"tag-world-news","38":"tag-worldnews"},"share_on_mastodon":{"url":"","error":""},"_links":{"self":[{"href":"https:\/\/www.europesays.com\/es\/wp-json\/wp\/v2\/posts\/156084","targetHints":{"allow":["GET"]}}],"collection":[{"href":"https:\/\/www.europesays.com\/es\/wp-json\/wp\/v2\/posts"}],"about":[{"href":"https:\/\/www.europesays.com\/es\/wp-json\/wp\/v2\/types\/post"}],"author":[{"embeddable":true,"href":"https:\/\/www.europesays.com\/es\/wp-json\/wp\/v2\/users\/2"}],"replies":[{"embeddable":true,"href":"https:\/\/www.europesays.com\/es\/wp-json\/wp\/v2\/comments?post=156084"}],"version-history":[{"count":0,"href":"https:\/\/www.europesays.com\/es\/wp-json\/wp\/v2\/posts\/156084\/revisions"}],"wp:featuredmedia":[{"embeddable":true,"href":"https:\/\/www.europesays.com\/es\/wp-json\/wp\/v2\/media\/156085"}],"wp:attachment":[{"href":"https:\/\/www.europesays.com\/es\/wp-json\/wp\/v2\/media?parent=156084"}],"wp:term":[{"taxonomy":"category","embeddable":true,"href":"https:\/\/www.europesays.com\/es\/wp-json\/wp\/v2\/categories?post=156084"},{"taxonomy":"post_tag","embeddable":true,"href":"https:\/\/www.europesays.com\/es\/wp-json\/wp\/v2\/tags?post=156084"}],"curies":[{"name":"wp","href":"https:\/\/api.w.org\/{rel}","templated":true}]}}