{"id":156088,"date":"2025-10-04T07:21:07","date_gmt":"2025-10-04T07:21:07","guid":{"rendered":"https:\/\/www.europesays.com\/es\/156088\/"},"modified":"2025-10-04T07:21:07","modified_gmt":"2025-10-04T07:21:07","slug":"santander-convoca-la-ii-edicion-del-certamen-de-fotografia-de-ciriego","status":"publish","type":"post","link":"https:\/\/www.europesays.com\/es\/156088\/","title":{"rendered":"Santander convoca la II edici\u00f3n del Certamen de Fotograf\u00eda de Ciriego"},"content":{"rendered":"<tr>\n<td>\n\t\t\t\t\t\t<img decoding=\"async\" src=\"https:\/\/www.europesays.com\/es\/wp-content\/uploads\/2025\/10\/ii_certamen_fotografia_ciriego.jpg\" alt=\"noticias\/imagen-asociada\/2025\/10\/ii_certamen_fotografia_ciriego.jpg\" class=\"col-xs-12 col-md-12 img-responsive img-left\"\/>\n\t\t\t\t\t<\/td>\n<\/tr>\n<p class=\"lead\">\n\t\t\t\tEl certamen se celebrar\u00e1 entre los d\u00edas 24 y 31 de octubre, en horario de 08.30 a 17.45 horas, y las inscripciones estar\u00e1n abiertas del 13 al 20 de octubre a trav\u00e9s del correo cjc@cementeriodeciriego.com \t\t\t<\/p>\n<p style=\"text-align: justify;\">El Ayuntamiento de Santander y el Cementerio de Ciriego, con el patrocinio del Grupo C\u00e1ntabro, han presentado la segunda edici\u00f3n del Certamen de Fotograf\u00eda de Ciriego, una iniciativa que busca invitar a la ciudadan\u00eda a mirar este espacio singular con respeto, memoria y sensibilidad art\u00edstica.<\/p>\n<p style=\"text-align: justify;\">El certamen se celebrar\u00e1 entre los d\u00edas 24 y 31 de octubre, en horario de 08.30 a 17.45 horas, y las inscripciones estar\u00e1n abiertas del 13 al 20 de octubre a trav\u00e9s del correo electr\u00f3nico <a href=\"https:\/\/www.santander.es\/content\/mailto:cjc@cementeriodeciriego.com\" rel=\"nofollow noopener\" target=\"_blank\">cjc@cementeriodeciriego.com<\/a>.<\/p>\n<p style=\"text-align: justify;\">Seg\u00fan establecen las bases del concurso, podr\u00e1n participar todas las personas mayores de 18 a\u00f1os y residentes en Espa\u00f1a, quedando excluidos los miembros del jurado, empleados y familiares directos de la entidad organizadora.<\/p>\n<p style=\"text-align: justify;\">La tem\u00e1tica girar\u00e1 en torno a Ciriego en todos sus \u00e1mbitos: arquitectura, jardines y naturaleza, sostenibilidad, entorno de trabajo, entre otros.<\/p>\n<p style=\"text-align: justify;\">Cada participante podr\u00e1 presentar una obra original e in\u00e9dita, que no podr\u00e1 ser alterada electr\u00f3nicamente ni realizada mediante inteligencia artificial. \u00danicamente se admitir\u00e1n correcciones m\u00ednimas de color y luminosidad.<\/p>\n<p style=\"text-align: justify;\">El plazo de entrega de las fotograf\u00edas ser\u00e1 del 7 al 14 de noviembre en las oficinas del cementerio o a trav\u00e9s del correo electr\u00f3nico citado anteriormente, hasta el d\u00eda 14, a las 17.30 horas.<\/p>\n<p style=\"text-align: justify;\">El concurso otorgar\u00e1 tres premios principales: primer premio (400 euros), segundo premio (200 euros) y tercer premio (100 euros) y adem\u00e1s se seleccionar\u00e1n doce obras finalistas, que formar\u00e1n parte de una exposici\u00f3n colectiva organizada por el Cementerio Jard\u00edn de Cantabria y recibir\u00e1n diploma acreditativo.<\/p>\n<p style=\"text-align: justify;\">El jurado estar\u00e1 compuesto por Manuela Alonso Laza, responsable del Centro de Documentaci\u00f3n de la Imagen de Santander (CDIS), Bel\u00e9n de Benito, fot\u00f3grafa; Domingo de la Lastra, artista; y Mar\u00eda Bolado, directora del Cementerio de Ciriego, que actuar\u00e1 como secretaria.<\/p>\n<p style=\"text-align: justify;\">El fallo se dar\u00e1 a conocer el 24 de noviembre y ser\u00e1 difundido tanto a los premiados como a trav\u00e9s de la web y los canales de comunicaci\u00f3n de Ciriego.<\/p>\n<p style=\"text-align: justify;\">Las personas que deseen ampliar informaci\u00f3n o consultar las bases pueden hacer en la web <a href=\"https:\/\/www.cementeriodeciriego.es\/\" rel=\"nofollow noopener\" target=\"_blank\">https:\/\/www.cementeriodeciriego.es\/<\/a><\/p>\n","protected":false},"excerpt":{"rendered":"El certamen se celebrar\u00e1 entre los d\u00edas 24 y 31 de octubre, en horario de 08.30 a 17.45&hellip;\n","protected":false},"author":2,"featured_media":156089,"comment_status":"","ping_status":"","sticky":false,"template":"","format":"standard","meta":{"footnotes":""},"categories":[5],"tags":[17,18,25,24,13,14,11,19,20,9,10,15,16,23,12,21,22],"class_list":{"0":"post-156088","1":"post","2":"type-post","3":"status-publish","4":"format-standard","5":"has-post-thumbnail","7":"category-titulares","8":"tag-breaking-news","9":"tag-breakingnews","10":"tag-es","11":"tag-espana","12":"tag-featured-news","13":"tag-featurednews","14":"tag-headlines","15":"tag-latest-news","16":"tag-latestnews","17":"tag-news","18":"tag-noticias","19":"tag-noticias-destacadas","20":"tag-noticiasdestacadas","21":"tag-spain","22":"tag-titulares","23":"tag-ultimas-noticias","24":"tag-ultimasnoticias"},"share_on_mastodon":{"url":"","error":""},"_links":{"self":[{"href":"https:\/\/www.europesays.com\/es\/wp-json\/wp\/v2\/posts\/156088","targetHints":{"allow":["GET"]}}],"collection":[{"href":"https:\/\/www.europesays.com\/es\/wp-json\/wp\/v2\/posts"}],"about":[{"href":"https:\/\/www.europesays.com\/es\/wp-json\/wp\/v2\/types\/post"}],"author":[{"embeddable":true,"href":"https:\/\/www.europesays.com\/es\/wp-json\/wp\/v2\/users\/2"}],"replies":[{"embeddable":true,"href":"https:\/\/www.europesays.com\/es\/wp-json\/wp\/v2\/comments?post=156088"}],"version-history":[{"count":0,"href":"https:\/\/www.europesays.com\/es\/wp-json\/wp\/v2\/posts\/156088\/revisions"}],"wp:featuredmedia":[{"embeddable":true,"href":"https:\/\/www.europesays.com\/es\/wp-json\/wp\/v2\/media\/156089"}],"wp:attachment":[{"href":"https:\/\/www.europesays.com\/es\/wp-json\/wp\/v2\/media?parent=156088"}],"wp:term":[{"taxonomy":"category","embeddable":true,"href":"https:\/\/www.europesays.com\/es\/wp-json\/wp\/v2\/categories?post=156088"},{"taxonomy":"post_tag","embeddable":true,"href":"https:\/\/www.europesays.com\/es\/wp-json\/wp\/v2\/tags?post=156088"}],"curies":[{"name":"wp","href":"https:\/\/api.w.org\/{rel}","templated":true}]}}