{"id":156094,"date":"2025-10-04T07:30:15","date_gmt":"2025-10-04T07:30:15","guid":{"rendered":"https:\/\/www.europesays.com\/es\/156094\/"},"modified":"2025-10-04T07:30:15","modified_gmt":"2025-10-04T07:30:15","slug":"derbi-vasco-sabado-1-de-noviembre-a-las-1830","status":"publish","type":"post","link":"https:\/\/www.europesays.com\/es\/156094\/","title":{"rendered":"derbi vasco, s\u00e1bado 1 de noviembre a las 18:30"},"content":{"rendered":"<p data-mrf-recirculation=\"Links P\u00e1rrafos\" class=\"ue-c-article__paragraph paragraph ue-c-article--first-letter-highlighted\">Ya se conocen los horarios para la <strong>jornada 11 de LaLiga EA Sports<\/strong>. Empezar\u00e1 el <strong>viernes 31 de octubre a las 21:00<\/strong> con el duelo que enfrentar\u00e1 al <strong>Getafe <\/strong>y al <strong>Girona <\/strong>en el <strong>Coliseum <\/strong>y finalizar\u00e1 el <strong>lunes 3 de noviembre<\/strong>\u00a0a las 21:00 con el partido que disputar\u00e1n el <strong>Real Oviedo<\/strong> y <strong>Osasuna <\/strong>en el <strong>Estadio Carlos Tartiere<\/strong>. Todo en una jornada que estar\u00e1 marcada por ser la posterior a la <strong>primera eliminatoria de la Capa del Rey<\/strong>, lo que provoca que los horarios marcados puedan ser suscepctibles de sufrir modificaciones.<\/p>\n<p data-mrf-recirculation=\"Links P\u00e1rrafos\" class=\"ue-c-article__paragraph paragraph\">El actual l\u00edder en solitario de la competici\u00f3n, el <strong>Bar\u00e7a<\/strong>, recibir\u00e1 el <strong>domingo 2 de noviembre a las 18:30<\/strong> a la revelaci\u00f3n del campeonato, el <strong>Elche<\/strong>. El <strong>Real Madrid<\/strong> se enfrentar\u00e1 en el <strong>Estadio Santiago Bernab\u00e9u<\/strong> un d\u00eda antes, el <strong>s\u00e1bado 1 de noviembre<\/strong>, al <strong>Valencia <\/strong>a las <strong>21:00<\/strong>. Por su parte, el <strong>Atl\u00e9tico de Madrid<\/strong>, el mismo s\u00e1bado, jugar\u00e1 a las <strong>16:15<\/strong> contra el <strong>Sevilla <\/strong>en el <strong>Riyadh Air Metropolitano<\/strong>.\u00a0<\/p>\n<p data-mrf-recirculation=\"Links P\u00e1rrafos\" class=\"ue-c-article__paragraph paragraph\">Otro de los grandes atractivos de esta und\u00e9cima jornada es el <strong>derbi vasco<\/strong> entre la <strong>Real Sociedad <\/strong>y el <strong>Athletic Club<\/strong>. Los txuri-urdin recibir\u00e1n el <strong>s\u00e1bado a las 18:30<\/strong> a los bilba\u00ednos.\u00a0<\/p>\n<p>Horarios de la jornada 11 en La Liga EA Sports<\/p>\n<ul class=\"ue-c-article__list ue-c-article__ ue-c-article__list--unordered\">\n<li>Getafe CF &#8211; Girona FC: Viernes 31 de octubre a las 21:00 horas<\/li>\n<li>Villarreal CF &#8211; Rayo Vallecano: S\u00e1bado 1 de noviembre a las 14:00 horas<\/li>\n<li>Atl\u00e9tico de Madrid &#8211; Sevilla FC: S\u00e1bado 1 de noviembre a las 16:15 horas<\/li>\n<li>Real Sociedad &#8211; Athletic Club: S\u00e1bado 1 de noviembre a las 18:30 horas\u00a0<\/li>\n<li>Real Madrid &#8211; Valencia CF: S\u00e1bado 1 de noviembre a las 21:00<\/li>\n<li>Levante UD &#8211; Celta: Domingo 2 de noviembre a las 14:00 horas<\/li>\n<li>Deportivo Alav\u00e9s &#8211; RCD Espanyol de Barcelona:\u00a0Domingo 2 de noviembre a las 16:15 horas<\/li>\n<li>FC Barcelona &#8211; Elche CF:\u00a0Domingo 2 de noviembre a las 18:30 horas<\/li>\n<li>Real Betis &#8211; RCD Mallorca:\u00a0Domingo 2 de noviembre a las 21:00 horas<\/li>\n<li>Real Oviedo &#8211; CA Osasuna: Lunes 3 de noviembre a las 21:00 horas<\/li>\n<\/ul>\n","protected":false},"excerpt":{"rendered":"Ya se conocen los horarios para la jornada 11 de LaLiga EA Sports. Empezar\u00e1 el viernes 31 de&hellip;\n","protected":false},"author":2,"featured_media":156095,"comment_status":"","ping_status":"","sticky":false,"template":"","format":"standard","meta":{"footnotes":""},"categories":[268],"tags":[168,25,24,280,282,281,23,167],"class_list":{"0":"post-156094","1":"post","2":"type-post","3":"status-publish","4":"format-standard","5":"has-post-thumbnail","7":"category-futbol","8":"tag-deportes","9":"tag-es","10":"tag-espana","11":"tag-football","12":"tag-futbol","13":"tag-soccer","14":"tag-spain","15":"tag-sports"},"share_on_mastodon":{"url":"","error":""},"_links":{"self":[{"href":"https:\/\/www.europesays.com\/es\/wp-json\/wp\/v2\/posts\/156094","targetHints":{"allow":["GET"]}}],"collection":[{"href":"https:\/\/www.europesays.com\/es\/wp-json\/wp\/v2\/posts"}],"about":[{"href":"https:\/\/www.europesays.com\/es\/wp-json\/wp\/v2\/types\/post"}],"author":[{"embeddable":true,"href":"https:\/\/www.europesays.com\/es\/wp-json\/wp\/v2\/users\/2"}],"replies":[{"embeddable":true,"href":"https:\/\/www.europesays.com\/es\/wp-json\/wp\/v2\/comments?post=156094"}],"version-history":[{"count":0,"href":"https:\/\/www.europesays.com\/es\/wp-json\/wp\/v2\/posts\/156094\/revisions"}],"wp:featuredmedia":[{"embeddable":true,"href":"https:\/\/www.europesays.com\/es\/wp-json\/wp\/v2\/media\/156095"}],"wp:attachment":[{"href":"https:\/\/www.europesays.com\/es\/wp-json\/wp\/v2\/media?parent=156094"}],"wp:term":[{"taxonomy":"category","embeddable":true,"href":"https:\/\/www.europesays.com\/es\/wp-json\/wp\/v2\/categories?post=156094"},{"taxonomy":"post_tag","embeddable":true,"href":"https:\/\/www.europesays.com\/es\/wp-json\/wp\/v2\/tags?post=156094"}],"curies":[{"name":"wp","href":"https:\/\/api.w.org\/{rel}","templated":true}]}}