{"id":156098,"date":"2025-10-04T07:33:12","date_gmt":"2025-10-04T07:33:12","guid":{"rendered":"https:\/\/www.europesays.com\/es\/156098\/"},"modified":"2025-10-04T07:33:12","modified_gmt":"2025-10-04T07:33:12","slug":"julie-belgrado-cesa-como-directora-de-la-federacion-europea-e-internacional-de-libreros-eibf","status":"publish","type":"post","link":"https:\/\/www.europesays.com\/es\/156098\/","title":{"rendered":"Julie Belgrado cesa como directora de la Federaci\u00f3n Europea e Internacional de Libreros (EIBF)"},"content":{"rendered":"<p>Despu\u00e9s de m\u00e1s de diez a\u00f1os de servicio dedicado a la Federaci\u00f3n Europea e Internacional de Libreros (EIBF), Julie Belgrado ha informado a la organizaci\u00f3n de su decisi\u00f3n de dejar su cargo de Directora para convertirse en la Directora Ejecutiva de la Federaci\u00f3n de Directores de Cine Europeos (FERA).<\/p>\n<p>Su partida marca el final de un cap\u00edtulo destacado en la historia de la Federaci\u00f3n y el inicio de una nueva etapa de desarrollo. A lo largo de su d\u00e9cada en la EIBF, incluyendo siete a\u00f1os como Directora, Julie ha desempe\u00f1ado un papel fundamental en la conducci\u00f3n de la Federaci\u00f3n a trav\u00e9s de un per\u00edodo de crecimiento, transformaci\u00f3n y logros. Bajo su liderazgo, la EIBF fortaleci\u00f3 su presencia en la pol\u00edtica cultural europea y garantiz\u00f3 que la voz de los libreros se escuchara al m\u00e1s alto nivel pol\u00edtico. Supervis\u00f3 la expansi\u00f3n de la Secretar\u00eda en Bruselas, lider\u00f3 el lanzamiento de la red de venta de libros RISE, financiada por Europa Creativa, y foment\u00f3 la colaboraci\u00f3n entre las asociaciones de libreros de toda Europa y el resto del mundo. Julie tambi\u00e9n impuls\u00f3 iniciativas que promueven la alfabetizaci\u00f3n, la sostenibilidad y la resiliencia en el sector librero.<\/p>\n<p>Su trayectoria se ha caracterizado por la apertura, la colaboraci\u00f3n y la innovaci\u00f3n, y por una profunda convicci\u00f3n de que los libreros prosperan cuando se conectan, comparten conocimientos y se mantienen unidos.<\/p>\n<p>Al reflexionar sobre su decisi\u00f3n, Julie Belgrado expres\u00f3 que \u00abdurante los \u00faltimos a\u00f1os, EIBF ha sido mucho m\u00e1s que un trabajo para m\u00ed. Ha sido un espacio de aprendizaje, pasi\u00f3n y crecimiento, donde confiaron en m\u00ed para probar nuevas ideas, me apoyaron para hacerlas realidad y me animaron a compartir mis conocimientos. Estoy orgullosa del legado que dejo y agradecida por el extraordinario compromiso y apoyo de los miembros de EIBF, especialmente del Comit\u00e9 Ejecutivo. A pesar de los desaf\u00edos que he enfrentado en el camino, me llevo recuerdos maravillosos: encuentros inspiradores por todo el mundo, la pasi\u00f3n y la amabilidad de los libreros, su resiliencia, creatividad y un fuerte sentido de comunidad. Ha sido un honor y un privilegio representar su voz durante los \u00faltimos diez a\u00f1os y asegurar que se escuchen donde m\u00e1s importa\u00bb.<\/p>\n<p>Fabian Paagman, presidente de EIBF, coment\u00f3: \u00abEn nombre del Comit\u00e9 Ejecutivo y de toda nuestra red, quiero expresar mi m\u00e1s sincero agradecimiento a Julie por su excepcional liderazgo, visi\u00f3n y dedicaci\u00f3n durante la \u00faltima d\u00e9cada. Ha fortalecido el papel y la visibilidad de EIBF a nivel europeo e internacional, poniendo siempre a los libreros en el centro de nuestra misi\u00f3n. Nos entristece su partida, pero tambi\u00e9n nos enorgullece lo que se ha logrado bajo su direcci\u00f3n, y le deseamos mucho \u00e9xito en el futuro\u00bb.<\/p>\n<p>En las pr\u00f3ximas semanas, el Comit\u00e9 Ejecutivo iniciar\u00e1 el proceso de nombramiento de un nuevo Director. Durante la transici\u00f3n, Julie apoyar\u00e1 el traspaso para garantizar la continuidad y la estabilidad.<\/p>\n","protected":false},"excerpt":{"rendered":"Despu\u00e9s de m\u00e1s de diez a\u00f1os de servicio dedicado a la Federaci\u00f3n Europea e Internacional de Libreros (EIBF),&hellip;\n","protected":false},"author":2,"featured_media":156099,"comment_status":"","ping_status":"","sticky":false,"template":"","format":"standard","meta":{"footnotes":""},"categories":[172],"tags":[224,146,147,25,24,225,23],"class_list":{"0":"post-156098","1":"post","2":"type-post","3":"status-publish","4":"format-standard","5":"has-post-thumbnail","7":"category-libros","8":"tag-books","9":"tag-entertainment","10":"tag-entretenimiento","11":"tag-es","12":"tag-espana","13":"tag-libros","14":"tag-spain"},"share_on_mastodon":{"url":"","error":""},"_links":{"self":[{"href":"https:\/\/www.europesays.com\/es\/wp-json\/wp\/v2\/posts\/156098","targetHints":{"allow":["GET"]}}],"collection":[{"href":"https:\/\/www.europesays.com\/es\/wp-json\/wp\/v2\/posts"}],"about":[{"href":"https:\/\/www.europesays.com\/es\/wp-json\/wp\/v2\/types\/post"}],"author":[{"embeddable":true,"href":"https:\/\/www.europesays.com\/es\/wp-json\/wp\/v2\/users\/2"}],"replies":[{"embeddable":true,"href":"https:\/\/www.europesays.com\/es\/wp-json\/wp\/v2\/comments?post=156098"}],"version-history":[{"count":0,"href":"https:\/\/www.europesays.com\/es\/wp-json\/wp\/v2\/posts\/156098\/revisions"}],"wp:featuredmedia":[{"embeddable":true,"href":"https:\/\/www.europesays.com\/es\/wp-json\/wp\/v2\/media\/156099"}],"wp:attachment":[{"href":"https:\/\/www.europesays.com\/es\/wp-json\/wp\/v2\/media?parent=156098"}],"wp:term":[{"taxonomy":"category","embeddable":true,"href":"https:\/\/www.europesays.com\/es\/wp-json\/wp\/v2\/categories?post=156098"},{"taxonomy":"post_tag","embeddable":true,"href":"https:\/\/www.europesays.com\/es\/wp-json\/wp\/v2\/tags?post=156098"}],"curies":[{"name":"wp","href":"https:\/\/api.w.org\/{rel}","templated":true}]}}