{"id":156108,"date":"2025-10-04T07:41:08","date_gmt":"2025-10-04T07:41:08","guid":{"rendered":"https:\/\/www.europesays.com\/es\/156108\/"},"modified":"2025-10-04T07:41:08","modified_gmt":"2025-10-04T07:41:08","slug":"como-se-liquidarael-canje-de-acciones-de-bbva-sabadell-expansion","status":"publish","type":"post","link":"https:\/\/www.europesays.com\/es\/156108\/","title":{"rendered":"C\u00f3mo se liquidar\u00e1\nel canje de acciones de BBVA-Sabadell &#8211; Expansi\u00f3n"},"content":{"rendered":"<ol>\n<li><a href=\"https:\/\/news.google.com\/rss\/articles\/CBMiiAFBVV95cUxQZGp0UHJ4SWJBWlN1NzJEaDR1YjNuT1JaeWlBZVQ4bENrNzlWQ1doVG55S05FQ1JMNnNORXpWVWdLZTFsbDNLVGhxcFpROGZCN3BHa0lsdXdYM0lFaGRhR0J4bldxMThidVhuRXJWazVUTmVuU3lxcUdsMkFySnRwdGdNUlk4M2h20gGIAUFVX3lxTE9rekVGaFRZa2g0TDR4WHJIc0w3dnhSOXBOTDRDa05MdElPamNDX0ExMGNVampRUmR5cVZ3c1dFLU1qQWY2bzRNT3BkemRBZVVpRk9IeE1EQllaRU1yMnRNblc5X2lXX2Q0WlphY3FiWFZQaUh6ejFFcGJhOGJUWkJKLWVzQ3ZmOGo?oc=5\" target=\"_blank\" rel=\"nofollow noopener\">C\u00f3mo se liquidar\u00e1<br \/>\nel canje de acciones de BBVA-Sabadell<\/a>&nbsp;&nbsp;Expansi\u00f3n<\/li>\n<li><a href=\"https:\/\/news.google.com\/rss\/articles\/CBMiqgFBVV95cUxOQmtWbU1sV0wzZ2pyelY5enZ4Z2VpS0tiT0hhRGJGdUNjSnN4U1ZyNlB2b0Y1LUdQdnJpMnFZajhPcURoaGQxQVl3RTJVU25YQkhsZnZpR2psX3ZXTWhaVDJjZnZHVm9NOFcydjYzUWlEbEU4TEx0SWZURU5pcUczYzhRYnpQTmtoeWZvSElXV3VoODRPZnhvN1MtcWxrSndOU3IySEV6VG5VQQ?oc=5\" target=\"_blank\" rel=\"nofollow noopener\">BBVA y Sabadell recrudecen la batalla: qui\u00e9n va ganando en la semana final de la OPA<\/a>&nbsp;&nbsp;elDiario.es<\/li>\n<li><a href=\"https:\/\/news.google.com\/rss\/articles\/CBMipgFBVV95cUxPS2ZybE1xaFlzRElMUVB6YjJTMTZKY3JvOFQ4RmJqTFlmcUIzZnBTUkgtbzhGakxjZXVaUnUzZS1ZMXBNcHJfYUdua3NWWHlJZGRJQ3hhdWhYUVVPa19Ga20xZ3BpQTdFTGlmaXhUNkZXLS1MUGpRRmloaUZfV0s1U3RZMmw0aFlCVDVGblctQVBEVUNiT0F6VEFfeUlxbGVzSFBuUndR?oc=5\" target=\"_blank\" rel=\"nofollow noopener\">Gira de Gonz\u00e1lez-Bueno en Londres para convencer a los fondos del fracaso de la opa de BBVA<\/a>&nbsp;&nbsp;El Confidencial<\/li>\n<li><a href=\"https:\/\/news.google.com\/rss\/articles\/CBMigAFBVV95cUxNREMxVVJsTDM3bWdfd3k3OW93emhGcnNmVDF2a0hQV1k2dFVlSTJWTk1EQlg5eS1IblJWcm5GZlhtOGxqbXBCdERqMWg0VG52LW9xZnE0WXZOZlZNNTFKVXV5QXpjbk9HSm1sV1ZwTmlmbXlIY1BaU0xnRWJrN1VTd9IBgAFBVV95cUxNN2VoN1d1Zm1qb2tnYzBEaVgwcFNVd0Fqb0NJWnZtODBtLUJwck02TFhSVmVUU1VZNmJ2Q0RfUUlIZDNBOGpyMjZkQkZHME5YaV9GSE1FVXBQeTZJMk01LW5kLURVUy1OU0xDN1UyZWpQb3J3UkQ4emdmQ3pFeUNwSA?oc=5\" target=\"_blank\" rel=\"nofollow noopener\">Qu\u00e9 dividendos cobrar\u00e1n los accionistas de BBVA y Sabadell<\/a>&nbsp;&nbsp;Expansi\u00f3n<\/li>\n<li><a href=\"https:\/\/news.google.com\/rss\/articles\/CBMipAFBVV95cUxPUEFIYkxRNmg2RTlDMlVjanJaa0ZPYzlqRGRiN0hKWHlnZHFuNUlleDM2YjlPQjhPLTZiMFJTUFFXSjE1T1lzR1pCWmstbG14cDlnQk82bXktNHdDdW1qVHlvZUhQaS03eTNZM2toZU9KZFRSSE9xdGc4ZDBlSnlzTktwNlFFUHhGVGFmTkVMRVJRQUp6SzZNUG5BOWlpcV9GVGRwZg?oc=5\" target=\"_blank\" rel=\"nofollow noopener\">Cuerpo recuerda que la CNMV debe velar por las condiciones legales entorno a la OPA<\/a>&nbsp;&nbsp;ABC<\/li>\n<\/ol>\n","protected":false},"excerpt":{"rendered":"C\u00f3mo se liquidar\u00e1 el canje de acciones de BBVA-Sabadell&nbsp;&nbsp;Expansi\u00f3n BBVA y Sabadell recrudecen la batalla: qui\u00e9n va ganando&hellip;\n","protected":false},"author":2,"featured_media":156109,"comment_status":"","ping_status":"","sticky":false,"template":"","format":"standard","meta":{"footnotes":""},"categories":[80],"tags":[5219,82,95,94,6133,25,24,114,23],"class_list":{"0":"post-156108","1":"post","2":"type-post","3":"status-publish","4":"format-standard","5":"has-post-thumbnail","7":"category-economia","8":"tag-banca","9":"tag-business","10":"tag-economia","11":"tag-economy","12":"tag-empresas-banca","13":"tag-es","14":"tag-espana","15":"tag-mercados","16":"tag-spain"},"share_on_mastodon":{"url":"","error":""},"_links":{"self":[{"href":"https:\/\/www.europesays.com\/es\/wp-json\/wp\/v2\/posts\/156108","targetHints":{"allow":["GET"]}}],"collection":[{"href":"https:\/\/www.europesays.com\/es\/wp-json\/wp\/v2\/posts"}],"about":[{"href":"https:\/\/www.europesays.com\/es\/wp-json\/wp\/v2\/types\/post"}],"author":[{"embeddable":true,"href":"https:\/\/www.europesays.com\/es\/wp-json\/wp\/v2\/users\/2"}],"replies":[{"embeddable":true,"href":"https:\/\/www.europesays.com\/es\/wp-json\/wp\/v2\/comments?post=156108"}],"version-history":[{"count":0,"href":"https:\/\/www.europesays.com\/es\/wp-json\/wp\/v2\/posts\/156108\/revisions"}],"wp:featuredmedia":[{"embeddable":true,"href":"https:\/\/www.europesays.com\/es\/wp-json\/wp\/v2\/media\/156109"}],"wp:attachment":[{"href":"https:\/\/www.europesays.com\/es\/wp-json\/wp\/v2\/media?parent=156108"}],"wp:term":[{"taxonomy":"category","embeddable":true,"href":"https:\/\/www.europesays.com\/es\/wp-json\/wp\/v2\/categories?post=156108"},{"taxonomy":"post_tag","embeddable":true,"href":"https:\/\/www.europesays.com\/es\/wp-json\/wp\/v2\/tags?post=156108"}],"curies":[{"name":"wp","href":"https:\/\/api.w.org\/{rel}","templated":true}]}}