{"id":156112,"date":"2025-10-04T07:43:08","date_gmt":"2025-10-04T07:43:08","guid":{"rendered":"https:\/\/www.europesays.com\/es\/156112\/"},"modified":"2025-10-04T07:43:08","modified_gmt":"2025-10-04T07:43:08","slug":"la-policia-local-de-burriana-intensifica-la-vigilancia-contra-las-distracciones-al-volante-en-colaboracion-con-la-dgt","status":"publish","type":"post","link":"https:\/\/www.europesays.com\/es\/156112\/","title":{"rendered":"La Polic\u00eda Local de Burriana intensifica la vigilancia contra las distracciones al volante en colaboraci\u00f3n con la DGT"},"content":{"rendered":"<ul class=\"wp-block-list\">\n<li>La campa\u00f1a especial de control se desarrollar\u00e1 del 6 al 12 de octubre en diversos puntos del t\u00e9rmino municipal, con el objetivo de prevenir siniestros relacionados con el uso del tel\u00e9fono m\u00f3vil y otras conductas de riesgo.<\/li>\n<\/ul>\n<p><strong>Burriana, 04.10.25<\/strong>.- La Polic\u00eda Local de Burriana se adhiere a la Campa\u00f1a de vigilancia y control de distracciones al volante impulsada por la Direcci\u00f3n General de Tr\u00e1fico (DGT), que se llevar\u00e1 a cabo del 6 al 12 de octubre en el municipio de la capital de la Plana Baixa. Esta iniciativa tiene como finalidad primordial concienciar, prevenir y reducir la siniestralidad asociada a este factor de riesgo en la conducci\u00f3n.<\/p>\n<p>Los controles se desarrollar\u00e1n en ubicaciones y horarios aleatorios dentro del t\u00e9rmino municipal de Burriana. La distracci\u00f3n al volante se produce cuando el conductor desv\u00eda su atenci\u00f3n de la tarea de conducir, siendo el uso del tel\u00e9fono m\u00f3vil la principal causa de accidentes de tr\u00e1fico relacionados con este factor. Est\u00e1 demostrado que el uso del m\u00f3vil al conducir multiplica por cuatro el riesgo de sufrir un siniestro, equipar\u00e1ndose a la probabilidad de conducir bajo los efectos del alcohol o las drogas.<\/p>\n<p>Adem\u00e1s del m\u00f3vil, la campa\u00f1a tambi\u00e9n vigilar\u00e1 otras conductas que implican distracci\u00f3n, como el uso de cascos o auriculares conectados a reproductores de sonido, comer, abrocharse el cintur\u00f3n durante la marcha, o configurar la radio o el dispositivo GPS.<\/p>\n<p>Asimismo, se recuerda que el cansancio del conductor como pueden ser el sue\u00f1o, una comida copiosa, o el consumo de sustancias tambi\u00e9n es una fuente de distracci\u00f3n, por lo que es vital descansar adecuadamente y estar alerta ante cualquier se\u00f1al de fatiga.<\/p>\n<p>Cabe destacar que, seg\u00fan la campa\u00f1a nacional del pasado a\u00f1o, el 42,7% de los conductores denunciados lo fueron por usar el tel\u00e9fono m\u00f3vil sujet\u00e1ndolo con la mano, una infracci\u00f3n que conlleva una multa de 200 euros y la p\u00e9rdida de 6 puntos del permiso de conducci\u00f3n.<\/p>\n<p>El concejal de Seguridad Ciudadana, Antonio Ferr\u00e1ndiz, ha querido destacar la importancia de esta acci\u00f3n preventiva. \u00ab<strong>La seguridad en nuestras carreteras es una prioridad. Estas campa\u00f1as de vigilancia son esenciales para recordar a todos los conductores que la distracci\u00f3n es un factor de riesgo alt\u00edsimo. El mensaje es claro, porque un segundo que desviamos la vista para mirar el m\u00f3vil puede costarnos la vida a nosotros o a un tercero<\/strong>\u201d, ha valorado Ferr\u00e1ndiz, quien ha incidido que \u201c<strong>esta campa\u00f1a no es para sancionar, sino sobre todo para concienciar y evitar que se produzcan accidentes por estas conductas\u201d<\/strong><\/p>\n","protected":false},"excerpt":{"rendered":"La campa\u00f1a especial de control se desarrollar\u00e1 del 6 al 12 de octubre en diversos puntos del t\u00e9rmino&hellip;\n","protected":false},"author":2,"featured_media":156113,"comment_status":"","ping_status":"","sticky":false,"template":"","format":"standard","meta":{"footnotes":""},"categories":[8],"tags":[17,18,25,24,13,14,11,19,20,9,10,15,16,23,12,21,22],"class_list":{"0":"post-156112","1":"post","2":"type-post","3":"status-publish","4":"format-standard","5":"has-post-thumbnail","7":"category-espana","8":"tag-breaking-news","9":"tag-breakingnews","10":"tag-es","11":"tag-espana","12":"tag-featured-news","13":"tag-featurednews","14":"tag-headlines","15":"tag-latest-news","16":"tag-latestnews","17":"tag-news","18":"tag-noticias","19":"tag-noticias-destacadas","20":"tag-noticiasdestacadas","21":"tag-spain","22":"tag-titulares","23":"tag-ultimas-noticias","24":"tag-ultimasnoticias"},"share_on_mastodon":{"url":"","error":""},"_links":{"self":[{"href":"https:\/\/www.europesays.com\/es\/wp-json\/wp\/v2\/posts\/156112","targetHints":{"allow":["GET"]}}],"collection":[{"href":"https:\/\/www.europesays.com\/es\/wp-json\/wp\/v2\/posts"}],"about":[{"href":"https:\/\/www.europesays.com\/es\/wp-json\/wp\/v2\/types\/post"}],"author":[{"embeddable":true,"href":"https:\/\/www.europesays.com\/es\/wp-json\/wp\/v2\/users\/2"}],"replies":[{"embeddable":true,"href":"https:\/\/www.europesays.com\/es\/wp-json\/wp\/v2\/comments?post=156112"}],"version-history":[{"count":0,"href":"https:\/\/www.europesays.com\/es\/wp-json\/wp\/v2\/posts\/156112\/revisions"}],"wp:featuredmedia":[{"embeddable":true,"href":"https:\/\/www.europesays.com\/es\/wp-json\/wp\/v2\/media\/156113"}],"wp:attachment":[{"href":"https:\/\/www.europesays.com\/es\/wp-json\/wp\/v2\/media?parent=156112"}],"wp:term":[{"taxonomy":"category","embeddable":true,"href":"https:\/\/www.europesays.com\/es\/wp-json\/wp\/v2\/categories?post=156112"},{"taxonomy":"post_tag","embeddable":true,"href":"https:\/\/www.europesays.com\/es\/wp-json\/wp\/v2\/tags?post=156112"}],"curies":[{"name":"wp","href":"https:\/\/api.w.org\/{rel}","templated":true}]}}