{"id":156114,"date":"2025-10-04T07:44:09","date_gmt":"2025-10-04T07:44:09","guid":{"rendered":"https:\/\/www.europesays.com\/es\/156114\/"},"modified":"2025-10-04T07:44:09","modified_gmt":"2025-10-04T07:44:09","slug":"la-escuela-de-formacion-teatral-de-la-uca-impartira-un-seminario-en-el-marco-de-la-programacion-del-festival-iberoamericano-de-teatro-de-cadiz-universidad-de-cadiz","status":"publish","type":"post","link":"https:\/\/www.europesays.com\/es\/156114\/","title":{"rendered":"La Escuela de Formaci\u00f3n Teatral de la UCA impartir\u00e1 un seminario en el marco de la programaci\u00f3n del Festival Iberoamericano de Teatro de C\u00e1diz &#8211; Universidad de C\u00e1diz"},"content":{"rendered":"<ol>\n<li><a href=\"https:\/\/news.google.com\/rss\/articles\/CBMi_wFBVV95cUxQYVYzOEJZaDg2N2lOcWtKcXdnY0FwSGw4NFctMjM1bV81VVF1TklfSmFfXy1tQ1UxTlNQb0JHVVI1Y0RDUDFBcnRSS0hhUW54ZFdvZThId1V5RVVOMkVvTVhPLWM2ZE9GdHNHczh2MzduZ2Ztb3FCM2EtVWtMdW0yTE12dk50bHRnM2wxanVjV25hQ1hrTmVYT1FKNUd6ZGJEVDBHaHlPa25WeThYZXJPSmdSVTR0bE5pemktUEN0OHN1MVVyd1picE1xQUlqRUoydnFZTDBUdnY3RXZkb3lCWGxnUFZDT09YVldqbjhvdnMwTjBqMmtYV0VTbG9VNDQ?oc=5\" target=\"_blank\" rel=\"nofollow noopener\">La Escuela de Formaci\u00f3n Teatral de la UCA impartir\u00e1 un seminario en el marco de la programaci\u00f3n del Festival Iberoamericano de Teatro de C\u00e1diz<\/a>&nbsp;&nbsp;Universidad de C\u00e1diz<\/li>\n<li><a href=\"https:\/\/news.google.com\/rss\/articles\/CBMingFBVV95cUxNMHVXQlRhSmphRDlIZUhGeVdmLWdScFlNei1JbTAwbU5IR1UwZ2plZ21ZVkJYWHFQWXlUQ2tRMUN5ZGJZenZpZmlEMkEwQjgybmZQNk1iOVgzNEswUTVjdldzSVNjWF92QVFCSndKWEJ4Qk0tMDAyalV2US1KZ2QxbTRaam9jVzB0NGdrSFdRX1phYldoWkk5dUJXaE5Ud9IBowFBVV95cUxNT19kb3FsM3JIRElnaS01aWdUZlQwaF95anZkQW13TVJKbm5YRjMyZkp2QW5DdXhjVThmTG02dlJnbkp0dE1RQ2k5S2V5RDhYZkhaNEI2cGFULXhzMFdoQVFqNGh6UjhLaktIY21BSjc4bTYzanRZbHIwbVhvT2MxUFpaUm5UTjNwSk1ZSnhubElKMVhTZXYxalRENUYwZHF1bmow?oc=5\" target=\"_blank\" rel=\"nofollow noopener\">El Gran Teatro Falla, el Teatro del T\u00edtere de la T\u00eda Norica y la Sala Central Lechera se preparan para acoger una nueva edici\u00f3n del FIT<\/a>&nbsp;&nbsp;Diario de C\u00e1diz<\/li>\n<li><a href=\"https:\/\/news.google.com\/rss\/articles\/CBMi2AFBVV95cUxOa3Z2dGJfREIweTVETFl1VEI4MHB4U3lMaWNTS0REbVJ5ZjJIbUJlLXZpaXFWUjc5RG0tR0FNczBOdUYtYlhPRnFpUjVjdlNlUVBicHltbmg4dEROcTE3Sjh3ZmctUXRYdXRfaE1tU2lWRTBtSV9PM2stSXlRVkpPNHJGWGxkdldMTHY3dGFDZ1VOdGRoWndOVE5TX29CM2FfQ1Q0aXpNRmQ5d1pqanlxaGZuNzVacjNGdFg2STJ2SUl0blFLdDh5N0NDUzhvTi1lYUJla3pBSFE?oc=5\" target=\"_blank\" rel=\"nofollow noopener\">El Festival Iberoamericano de Teatro de C\u00e1diz celebrar\u00e1 su edici\u00f3n m\u00e1s internacional este a\u00f1o<\/a>&nbsp;&nbsp;BroadwayWorld.com<\/li>\n<li><a href=\"https:\/\/news.google.com\/rss\/articles\/CBMi5gFBVV95cUxPZkJJNV9hUUFoTlo1cHZleDNmRHRYaHFsY0lNUG1UOGc1eWNjd3J6THJzUl8yRGx0SEhabzdGRkcwTWIxZHhieWM0QkhHZ3BfV1hPeGRpVDF5V2s3QXlEekw5dVpONTZLdF9kel9RSlZXdDBkcUFDdHo4Mzg1VlNnNURCMEc4MTNZeXBTMlJuaTBiWURpMXpnSXI3SXlDUmxYTE9rU0xGay0yTEEwdkx1V0FkMHlkdUdIdUlYRWd6RHhycUVlZ0YyQnNZNnhWM3c5MmdFblZtMEthaG9EUFZHSVdUNTdRUQ?oc=5\" target=\"_blank\" rel=\"nofollow noopener\">Abierta la inscripci\u00f3n para el primer m\u00f3dulo del curso \u2018Textualidades y representaciones: la construcci\u00f3n de la mirada cr\u00edtica\u2019<\/a>&nbsp;&nbsp;Universidad de C\u00e1diz<\/li>\n<li><a href=\"https:\/\/news.google.com\/rss\/articles\/CBMi1gFBVV95cUxNb05vUDRvUFJsWDRXTE8zRXlXeW13T1FadmhkV2V0aExIbVpyTGZaaExMcnlEOWpiRWpxLXpLWHh3ekxhZTlUbjhqeG51T3VPWm4zMndZTXRTdVlpeVltaDBvR1dZNXlrWV9oZzhlalBULU5jY3dUOGxuUDZGQm1XV3lLRVhRRktWVnI1UkszWTc4SFowbFZ4M2ZPY0FrU2JfY3pNOTZOWWQwbnFpaDJYMkNsd1JuWmtndGhwTlN3YVBsYVZWWkF6aUFGRUxPWmNkZ2kxS1JB0gHbAUFVX3lxTE1BQVltWk9EYWJTLXNvUkFqdlJYdlVWWFc2MmpRR19ZanZqOXdwZ1BQS0Z4cjZ2clJscVdCX3NnMEV6UWoteDFoTkY0SVc3UmIwMlRVdjBQRWRxcTNqWXhNRUxFdGpkbHF1Tl9LMTJEeHlwUnYwZXNEcWJ1Qkg2ZW1UWmFOM2dxd3Y2X1ZWbWdkV1BlcFk0ZVE4Q0pKZ1Zxbkc2bk1TZktSbFBYQnVVSloxYnk0SmRYRXFDRmUwYTVsSk93bUpVRnI3VWF5ZmZjcklFTG9LWVV4djg0RQ?oc=5\" target=\"_blank\" rel=\"nofollow noopener\">C\u00e1diz se convierte en capital del teatro iberoamericano con el 40\u00ba FIT<\/a>&nbsp;&nbsp;Andaluc\u00eda Informaci\u00f3n<\/li>\n<\/ol>\n","protected":false},"excerpt":{"rendered":"La Escuela de Formaci\u00f3n Teatral de la UCA impartir\u00e1 un seminario en el marco de la programaci\u00f3n del&hellip;\n","protected":false},"author":2,"featured_media":155649,"comment_status":"","ping_status":"","sticky":false,"template":"","format":"standard","meta":{"footnotes":""},"categories":[5],"tags":[17,18,25,24,13,14,11,19,20,9,10,15,16,23,12,21,22],"class_list":{"0":"post-156114","1":"post","2":"type-post","3":"status-publish","4":"format-standard","5":"has-post-thumbnail","7":"category-titulares","8":"tag-breaking-news","9":"tag-breakingnews","10":"tag-es","11":"tag-espana","12":"tag-featured-news","13":"tag-featurednews","14":"tag-headlines","15":"tag-latest-news","16":"tag-latestnews","17":"tag-news","18":"tag-noticias","19":"tag-noticias-destacadas","20":"tag-noticiasdestacadas","21":"tag-spain","22":"tag-titulares","23":"tag-ultimas-noticias","24":"tag-ultimasnoticias"},"share_on_mastodon":{"url":"","error":""},"_links":{"self":[{"href":"https:\/\/www.europesays.com\/es\/wp-json\/wp\/v2\/posts\/156114","targetHints":{"allow":["GET"]}}],"collection":[{"href":"https:\/\/www.europesays.com\/es\/wp-json\/wp\/v2\/posts"}],"about":[{"href":"https:\/\/www.europesays.com\/es\/wp-json\/wp\/v2\/types\/post"}],"author":[{"embeddable":true,"href":"https:\/\/www.europesays.com\/es\/wp-json\/wp\/v2\/users\/2"}],"replies":[{"embeddable":true,"href":"https:\/\/www.europesays.com\/es\/wp-json\/wp\/v2\/comments?post=156114"}],"version-history":[{"count":0,"href":"https:\/\/www.europesays.com\/es\/wp-json\/wp\/v2\/posts\/156114\/revisions"}],"wp:featuredmedia":[{"embeddable":true,"href":"https:\/\/www.europesays.com\/es\/wp-json\/wp\/v2\/media\/155649"}],"wp:attachment":[{"href":"https:\/\/www.europesays.com\/es\/wp-json\/wp\/v2\/media?parent=156114"}],"wp:term":[{"taxonomy":"category","embeddable":true,"href":"https:\/\/www.europesays.com\/es\/wp-json\/wp\/v2\/categories?post=156114"},{"taxonomy":"post_tag","embeddable":true,"href":"https:\/\/www.europesays.com\/es\/wp-json\/wp\/v2\/tags?post=156114"}],"curies":[{"name":"wp","href":"https:\/\/api.w.org\/{rel}","templated":true}]}}