{"id":156115,"date":"2025-10-04T07:45:23","date_gmt":"2025-10-04T07:45:23","guid":{"rendered":"https:\/\/www.europesays.com\/es\/156115\/"},"modified":"2025-10-04T07:45:23","modified_gmt":"2025-10-04T07:45:23","slug":"inquietud-en-la-asamblea-de-socios-del-bidasoa-por-el-pabellon-de-ficoba","status":"publish","type":"post","link":"https:\/\/www.europesays.com\/es\/156115\/","title":{"rendered":"Inquietud en la asamblea de socios del Bidasoa por el pabell\u00f3n de Ficoba"},"content":{"rendered":"<p>\n        La <strong>demanda del nuevo pabell\u00f3n multiusos en Irun<\/strong> ha protagonizado parte de la asamblea general ordinaria del <a href=\"https:\/\/www.noticiasdegipuzkoa.eus\/tags\/cd-bidasoa\/\" title=\"CD Bidasoa\" target=\"_blank\" class=\"link copy\" rel=\"nofollow noopener\">CD Bidasoa<\/a>, que se ha celebrado este viernes por la tarde en Ficoba. En esta reuni\u00f3n, la masa social bidasotarra ha dado luz verde a un <strong>presupuesto que supera los dos millones de euros<\/strong>, por encima del de la pasada temporada.\n<\/p>\n<p class=\"article-body__text \">\n        Fuera del orden del d\u00eda, <strong>la preocupaci\u00f3n sobre la nueva instalaci\u00f3n se ha abierto paso en los puntos de car\u00e1cter econ\u00f3mico<\/strong>, por la trascendencia que tiene la hipot\u00e9tica instalaci\u00f3n en la viabilidad de la entidad irundarra. En \u00e9l, varios socios se han mostrado <strong>contrariados por la falta de avances palpables<\/strong> y han reflexionado sobre <strong>lo que puede hacer la masa social bidasotarra para evitar una par\u00e1lisis<\/strong> que puede terminar con su equipo en Donostia o incluso Pamplona.\n<\/p>\n<p>  Meses cruciales para Ficoba y Txenperenea<\/p>\n<p class=\"article-body__text \">\n        Lo cierto es que el plan de Ficoba, al igual que el traslado de las pistas de rugby y atletismo desde Plaiaundi a Txenperenea, afronta unos meses cruciales a tenor de la informaci\u00f3n institucional: <strong>el Ayuntamiento de Irun acaba de encargar el plan director<\/strong> que alumbrar\u00e1 el modelo de gesti\u00f3n de la hipot\u00e9tica instalaci\u00f3n, que incluso examinar\u00e1 si hace falta la propia instalaci\u00f3n; mientras que ha hecho lo propio, <a href=\"https:\/\/www.noticiasdegipuzkoa.eus\/gipuzkoa\/bertan\/2025\/09\/14\/pabellon-multiusos-irun-ficoba-empresa-proyecte-10078532.html\" title=\"como avanz\u00f3 NOTICIAS DE GIPUZKOA en exclusiva\" target=\"_blank\" class=\"link copy\" rel=\"nofollow noopener\">como avanz\u00f3 NOTICIAS DE GIPUZKOA en exclusiva<\/a>, con <strong>el estudio de alternativas y el proyecto b\u00e1sico<\/strong> que dar\u00e1 forma a la infraestructura que m\u00e1s all\u00e1 de las grandes directrices, podr\u00eda guardar en su aspecto definitivo poca relaci\u00f3n con los bocetos conocidos hasta la fecha.\n<\/p>\n<p>            <a href=\"https:\/\/www.noticiasdegipuzkoa.eus\/gipuzkoa\/bertan\/2025\/09\/14\/pabellon-multiusos-irun-ficoba-empresa-proyecte-10078532.html\" title=\"El pabell\u00f3n multiusos de Irun ya tiene la empresa que lo dise\u00f1ar\u00e1\" class=\"new__media\" rel=\"nofollow noopener\" target=\"_blank\"><\/p>\n<p>                <img alt=\"El pabell\u00f3n multiusos de Irun ya tiene la empresa que lo dise\u00f1ar\u00e1\" data-src=\"https:\/\/www.europesays.com\/es\/wp-content\/uploads\/2025\/10\/26150223-e557-4778-9d74-7449c9cf2193_16-9-aspect-ratio_default_0.jpg\" class=\"lozad\"\/><\/p>\n<p>        <\/a><\/p>\n<p>        <a href=\"https:\/\/www.noticiasdegipuzkoa.eus\/gipuzkoa\/bertan\/2025\/09\/14\/pabellon-multiusos-irun-ficoba-empresa-proyecte-10078532.html\" title=\"El pabell\u00f3n multiusos de Irun ya tiene la empresa que lo dise\u00f1ar\u00e1\" class=\"new__headline\" rel=\"nofollow noopener\" target=\"_blank\"><br \/>\n            El pabell\u00f3n multiusos de Irun ya tiene la empresa que lo dise\u00f1ar\u00e1<br \/>\n        <\/a><\/p>\n<p class=\"article-body__text \">\n        Seg\u00fan el discurso institucional, acogido con un <strong>escepticismo creciente a tenor de varias intervenciones<\/strong> de la asamblea bidasotarra, con alrededor de 80 asistentes, llega la hora de concretar la idea del multiusos que el PSE lanz\u00f3 en 2022 en la precampa\u00f1a electoral del a\u00f1o siguiente.\n<\/p>\n<p class=\"article-body__text \">\n        Como <a href=\"https:\/\/www.noticiasdegipuzkoa.eus\/gipuzkoa\/bertan\/2025\/09\/22\/irun-ultimo-empujon-pabellon-multiusos-txenperenea-10111101.html\" title=\"ya se relat\u00f3\" target=\"_blank\" class=\"link copy\" rel=\"nofollow noopener\">ya se relat\u00f3<\/a>, este movimiento gener\u00f3 por sus formas recelos en otros grupos, en especial el PNV, aunque todos los partidos han coincidido en las necesidades existentes en la ciudad de la muga.\n<\/p>\n<p class=\"article-body__text \">\n        La realidad no enga\u00f1a, como ya radiografi\u00f3 este diario hace unas semanas: con la <strong>ampliaci\u00f3n del polideportivo de Azken Portu sin acometer<\/strong>, los 65.000 habitantes de Irun y sus clubes solo cuentan con <strong>una \u00fanica pista polivalente reglamentaria cubierta<\/strong> (la de Artaleku, inaugurada en 1987).\n<\/p>\n<p class=\"article-body__text \">\n        El crecimiento del primer equipo bidasotarra y su presencia europea habitual le llevan a nuevos escenarios al club por las exigencias de la Federaci\u00f3n Europea y de la competici\u00f3n estatal, aunque la preocupaci\u00f3n de la entidad y en familias de la cantera mira tambi\u00e9n adentro: <strong>faltan pistas y horas de entrenamiento, una demanda compartida por otros clubes de la ciudad<\/strong>.\n<\/p>\n<p>            <a href=\"https:\/\/www.noticiasdegipuzkoa.eus\/gipuzkoa\/bertan\/2025\/09\/22\/irun-ultimo-empujon-pabellon-multiusos-txenperenea-10111101.html\" title=\"Irun, ante el \u00faltimo empuj\u00f3n del pabell\u00f3n multiusos y Txenperenea\" class=\"new__media\" rel=\"nofollow noopener\" target=\"_blank\"><\/p>\n<p>                <img alt=\"Irun, ante el \u00faltimo empuj\u00f3n del pabell\u00f3n multiusos y Txenperenea\" data-src=\"https:\/\/www.europesays.com\/es\/wp-content\/uploads\/2025\/10\/d8502cb5-a2c8-4408-b3e8-289efe0e8c82_16-9-aspect-ratio_default_0.jpg\" class=\"lozad\"\/><\/p>\n<p>        <\/a><\/p>\n<p>        <a href=\"https:\/\/www.noticiasdegipuzkoa.eus\/gipuzkoa\/bertan\/2025\/09\/22\/irun-ultimo-empujon-pabellon-multiusos-txenperenea-10111101.html\" title=\"Irun, ante el \u00faltimo empuj\u00f3n del pabell\u00f3n multiusos y Txenperenea\" class=\"new__headline\" rel=\"nofollow noopener\" target=\"_blank\"><br \/>\n            Irun, ante el \u00faltimo empuj\u00f3n del pabell\u00f3n multiusos y Txenperenea<br \/>\n        <\/a><\/p>\n<p>  Por encima de los dos millones<\/p>\n<p class=\"article-body__text \">\n        En la cita, que se ha celebrado en Ficoba por espacio de casi dos horas, la asamblea del Bidasoa ha dado luz verde a las cuentas de la pasada temporada, que ascienden a unos 1,905 millones de euros; as\u00ed como al presupuesto de la temporada reci\u00e9n comenzada, que <strong>ascender\u00e1 hasta los 2,177 millones de euros<\/strong>.<\/p>\n","protected":false},"excerpt":{"rendered":"La demanda del nuevo pabell\u00f3n multiusos en Irun ha protagonizado parte de la asamblea general ordinaria del CD&hellip;\n","protected":false},"author":2,"featured_media":156116,"comment_status":"","ping_status":"","sticky":false,"template":"","format":"standard","meta":{"footnotes":""},"categories":[278],"tags":[19345,376,46739,168,25,24,46738,375,524,15356,9249,23,167],"class_list":{"0":"post-156115","1":"post","2":"type-post","3":"status-publish","4":"format-standard","5":"has-post-thumbnail","7":"category-balonmano","8":"tag-asamblea","9":"tag-balonmano","10":"tag-cd-bidasoa","11":"tag-deportes","12":"tag-es","13":"tag-espana","14":"tag-ficoba","15":"tag-handball","16":"tag-nuevo","17":"tag-pabellon","18":"tag-presente","19":"tag-spain","20":"tag-sports"},"share_on_mastodon":{"url":"","error":""},"_links":{"self":[{"href":"https:\/\/www.europesays.com\/es\/wp-json\/wp\/v2\/posts\/156115","targetHints":{"allow":["GET"]}}],"collection":[{"href":"https:\/\/www.europesays.com\/es\/wp-json\/wp\/v2\/posts"}],"about":[{"href":"https:\/\/www.europesays.com\/es\/wp-json\/wp\/v2\/types\/post"}],"author":[{"embeddable":true,"href":"https:\/\/www.europesays.com\/es\/wp-json\/wp\/v2\/users\/2"}],"replies":[{"embeddable":true,"href":"https:\/\/www.europesays.com\/es\/wp-json\/wp\/v2\/comments?post=156115"}],"version-history":[{"count":0,"href":"https:\/\/www.europesays.com\/es\/wp-json\/wp\/v2\/posts\/156115\/revisions"}],"wp:featuredmedia":[{"embeddable":true,"href":"https:\/\/www.europesays.com\/es\/wp-json\/wp\/v2\/media\/156116"}],"wp:attachment":[{"href":"https:\/\/www.europesays.com\/es\/wp-json\/wp\/v2\/media?parent=156115"}],"wp:term":[{"taxonomy":"category","embeddable":true,"href":"https:\/\/www.europesays.com\/es\/wp-json\/wp\/v2\/categories?post=156115"},{"taxonomy":"post_tag","embeddable":true,"href":"https:\/\/www.europesays.com\/es\/wp-json\/wp\/v2\/tags?post=156115"}],"curies":[{"name":"wp","href":"https:\/\/api.w.org\/{rel}","templated":true}]}}