{"id":156119,"date":"2025-10-04T07:51:09","date_gmt":"2025-10-04T07:51:09","guid":{"rendered":"https:\/\/www.europesays.com\/es\/156119\/"},"modified":"2025-10-04T07:51:09","modified_gmt":"2025-10-04T07:51:09","slug":"a-que-hora-es-y-donde-ver-en-tv-la-qualy-de-sainz-y-alonso-2","status":"publish","type":"post","link":"https:\/\/www.europesays.com\/es\/156119\/","title":{"rendered":"a qu\u00e9 hora es y d\u00f3nde ver en TV la &#8216;qualy&#8217; de Sainz y Alonso"},"content":{"rendered":"<p data-mrf-recirculation=\"Links P\u00e1rrafos\" class=\"ue-c-article__paragraph paragraph ue-c-article--first-letter-highlighted\">E<strong>l Gran Premio de Singapur<\/strong> promete emociones tras lo vivido en las primeras sesiones de entrenamientos libres. Ahora, el <strong>Circuito callejero de Marina Bay<\/strong> tiene todo preparado para dar comienzo al d\u00eda m\u00e1s r\u00e1pido del fin de semana. Todos los pilotos tienen todo preparado para\u00a0a tercera, y \u00faltima, pr\u00e1ctica del fin de semana, as\u00ed como en la tan <strong>importante sesi\u00f3n de clasificaci\u00f3n.<\/strong><\/p>\n<p data-mrf-recirculation=\"Links P\u00e1rrafos\" class=\"ue-c-article__paragraph paragraph\"><strong>Fernando Alonso<\/strong> fue el encargado de entregar la primera sorpresa del fin de semana al quedarse con el crono m\u00e1s r\u00e1pido de la <strong>FP1<\/strong>. El asturiano gir\u00f3 d\u00e9cima y media m\u00e1s veloz que <strong>Charles Leclerc (2\u00ba)<\/strong>, mientras que <strong>Max Verstappen<\/strong> fue el encargado de cerrar el podio de la primera sesi\u00f3n de entrenamientos libres. El neerland\u00e9s le dio las peores de las noticias a <strong>Oscar Piastri (5\u00ba) y Lando Norris (6\u00ba)<\/strong>, quienes temen que la pelea por el t\u00edtulo sea entre tres y no de dos.\u00a0<\/p>\n<p><img decoding=\"async\" width=\"1080\" height=\"1350\" class=\"ue-c-article__image lazyload\" alt=\"Resultados de la FP2 en el GP de Singapur.\" loading=\"lazy\" src=\"https:\/\/www.europesays.com\/es\/wp-content\/uploads\/2025\/10\/68dfe10891b95.jpeg\"\/><\/p>\n<p>Resultados de la FP2 en el GP de Singapur.@F1<\/p>\n<p data-mrf-recirculation=\"Links P\u00e1rrafos\" class=\"ue-c-article__paragraph paragraph\">No obstante, el l\u00edder del <strong>Mundial<\/strong> fue el encargado de colocar todo en orden al final del primer d\u00eda de actividades. Con la vuelta m\u00e1s r\u00e1pida del fin de semana, por delante de un sorpresivo <strong>Hadjar <\/strong>y el inevitable <strong>Verstappen<\/strong>, demostr\u00f3 que los &#8216;<strong>papaya<\/strong>&#8216; siguen teniendo el coche m\u00e1s r\u00e1pido de la parrilla. <strong>Fernando Alonso (4\u00ba)<\/strong> tambi\u00e9n finaliz\u00f3 con todos los rumores sobre su rendimiento en el primer d\u00eda de actividades, qued\u00e1ndose con el cuarto mejor tiempo a solo <strong>20 mil\u00e9simas del campe\u00f3n del mundo.\u00a0<\/strong><\/p>\n<p data-mrf-recirculation=\"Links P\u00e1rrafos\" class=\"ue-c-article__paragraph paragraph\"><strong>Carlos Sainz (8\u00ba)<\/strong> tambi\u00e9n llen\u00f3 de esperanza a cada uno de los aficionados. El madrile\u00f1o demostr\u00f3 tener el ritmo suficiente para pelear por un lugar en la <strong>Q3 <\/strong>y, en consecuencia, regresar a los puntos para seguir escalando posiciones en la general.\u00a0<\/p>\n<p>Horarios de la clasificaci\u00f3n del GP de Singapur de F1<\/p>\n<p data-mrf-recirculation=\"Links P\u00e1rrafos\" class=\"ue-c-article__paragraph paragraph\">Los horarios para el segundo d\u00eda de actividades ser\u00e1n los mismos que los del primer d\u00eda. <strong>La\u00a0tercera sesi\u00f3n de entrenamientos libres<\/strong> se vivir\u00e1 por la ma\u00f1ana, mientras que la <strong>clasificaci\u00f3n <\/strong>se disputar\u00e1 a primeras horas de la tarde.<\/p>\n<ul class=\"ue-c-article__list ue-c-article__ ue-c-article__list--unordered\">\n<li>Entrenamientos Libres 3 (FP3): 11:30 &#8211; 12:30 horas<\/li>\n<li>Clasificaci\u00f3n: 15:00 horas<\/li>\n<\/ul>\n<p>\u00bfD\u00f3nde ver en TV y online los libres y la &#8216;qualy&#8217; del GP de Singapur de F1?<\/p>\n<p data-mrf-recirculation=\"Links P\u00e1rrafos\" class=\"ue-c-article__paragraph paragraph\"><strong>El Gran Premio de Singapur de F\u00f3rmula 1 2025<\/strong> se podr\u00e1 ver en TV en la plataforma de <strong>DAZN F1 y en Movistar+. <\/strong>Tambi\u00e9n, tienes la opci\u00f3n de seguir todo lo que suceda en el fin de semana en <strong>Marina Bay<\/strong> en directo a trav\u00e9s de <strong>MARCA.com y Radio MARCA.<\/strong><\/p>\n","protected":false},"excerpt":{"rendered":"El Gran Premio de Singapur promete emociones tras lo vivido en las primeras sesiones de entrenamientos libres. Ahora,&hellip;\n","protected":false},"author":2,"featured_media":156120,"comment_status":"","ping_status":"","sticky":false,"template":"","format":"standard","meta":{"footnotes":""},"categories":[270],"tags":[168,25,24,306,271,272,23,167],"class_list":{"0":"post-156119","1":"post","2":"type-post","3":"status-publish","4":"format-standard","5":"has-post-thumbnail","7":"category-formula-1","8":"tag-deportes","9":"tag-es","10":"tag-espana","11":"tag-f1","12":"tag-formula-1","13":"tag-formula1","14":"tag-spain","15":"tag-sports"},"share_on_mastodon":{"url":"","error":""},"_links":{"self":[{"href":"https:\/\/www.europesays.com\/es\/wp-json\/wp\/v2\/posts\/156119","targetHints":{"allow":["GET"]}}],"collection":[{"href":"https:\/\/www.europesays.com\/es\/wp-json\/wp\/v2\/posts"}],"about":[{"href":"https:\/\/www.europesays.com\/es\/wp-json\/wp\/v2\/types\/post"}],"author":[{"embeddable":true,"href":"https:\/\/www.europesays.com\/es\/wp-json\/wp\/v2\/users\/2"}],"replies":[{"embeddable":true,"href":"https:\/\/www.europesays.com\/es\/wp-json\/wp\/v2\/comments?post=156119"}],"version-history":[{"count":0,"href":"https:\/\/www.europesays.com\/es\/wp-json\/wp\/v2\/posts\/156119\/revisions"}],"wp:featuredmedia":[{"embeddable":true,"href":"https:\/\/www.europesays.com\/es\/wp-json\/wp\/v2\/media\/156120"}],"wp:attachment":[{"href":"https:\/\/www.europesays.com\/es\/wp-json\/wp\/v2\/media?parent=156119"}],"wp:term":[{"taxonomy":"category","embeddable":true,"href":"https:\/\/www.europesays.com\/es\/wp-json\/wp\/v2\/categories?post=156119"},{"taxonomy":"post_tag","embeddable":true,"href":"https:\/\/www.europesays.com\/es\/wp-json\/wp\/v2\/tags?post=156119"}],"curies":[{"name":"wp","href":"https:\/\/api.w.org\/{rel}","templated":true}]}}