{"id":156125,"date":"2025-10-04T07:56:15","date_gmt":"2025-10-04T07:56:15","guid":{"rendered":"https:\/\/www.europesays.com\/es\/156125\/"},"modified":"2025-10-04T07:56:15","modified_gmt":"2025-10-04T07:56:15","slug":"mar-surf-misterios-sin-resolver-y-nuevas-amistades","status":"publish","type":"post","link":"https:\/\/www.europesays.com\/es\/156125\/","title":{"rendered":"mar, surf, misterios sin resolver y nuevas amistades"},"content":{"rendered":"<p class=\"paragraph\">Al terminar el curso, Jero, un adolescente madrile\u00f1o, se ve obligado a pasar el verano en el viejo caser\u00f3n que su abuela posee junto al mar, en Burriana. La casa parece desmoronarse poco a poco, al igual que los secretos que guarda y que comienzan a revelarse desde las primeras p\u00e1ginas de la novela. All\u00ed deja atr\u00e1s su nueva relaci\u00f3n con Sara para encontrarse con su prima Irene, skater como \u00e9l, y un grupo local de surferos, los Cullerots, enfrentados a otra pandilla llamada Smugies. Son j\u00f3venes que valoran por encima de todo la amistad: \u00abEste mar, esta playa, nuestra amistad\u2026 que resiste a todo\u00bb.<\/p>\n<p>        <img decoding=\"async\" src=\"https:\/\/imagenes.eldebate.com\/files\/image_150_240\/files\/fp\/uploads\/2025\/10\/02\/68de2707be1fa.r_d.830-2116.webp\" data-full-src=\"https:\/\/www.europesays.com\/es\/wp-content\/uploads\/2025\/10\/68de2707be1fa.webp.webp\" alt=\"Cubierta de 'Nunca amanece en la isla de los alacranes'\" width=\"150px\" height=\"240px\"\/><\/p>\n<p>Edeb\u00e9 (2025). 194 p\u00e1ginas<\/p>\n<p>    Nunca amanece en la isla de los alacranes<\/p>\n<p class=\"c-detail__review__author\">\u00c1ngel Gil Cheza<\/p>\n<p class=\"paragraph\">Junto a su casa vive Irta, una joven enferma que no sale y con quien Jero entabla comunicaci\u00f3n a trav\u00e9s del seto del jard\u00edn, a pesar de la prohibici\u00f3n de la abuela de la muchacha, que parece resentida por un turbio y raro asunto del pasado. Mientras se conocen, descubren que un tesoro pirata permanece oculto desde hace d\u00e9cadas, y se ven atrapados en una muerte sin resolver, por lo que comienza as\u00ed <b>un verano lleno de misterio, peligro y descubrimientos<\/b>.<\/p>\n<p class=\"paragraph\">Estos dos son los protagonistas principales de la novela, que cada noche se encontrar\u00e1n para intentar avanzar en los secretos que los rodean, entre ellos, el asesinato del abuelo de Irta, sucedido cincuenta a\u00f1os atr\u00e1s. Jero pasar\u00e1 as\u00ed de ser un chico urbano, preocupado \u00fanicamente por su monopat\u00edn, a convertirse en <b>alguien capaz de conectar con otras personas, afrontar los numerosos problemas que se le presenten y tomar decisiones propias<\/b>. Irta, por su parte, aporta a la novela una profunda carga emocional: aislada por su enfermedad, vivir\u00e1 por primera vez un verano lleno de esperanza, pese a su confinamiento. Por otro lado, aparecer\u00e1n diversos personajes secundarios que quedan sin ning\u00fan tipo de profundidad, cumpliendo una mera funci\u00f3n de relleno.<\/p>\n<p class=\"paragraph\">Como temas centrales, hallamos los cl\u00e1sicos de una novela juvenil de verano: el surf, las rivalidades entre bandas, las aventuras y fiestas nocturnas, el primer amor, la verdadera amistad, la intolerancia, los encuentros inesperados y antiguos secretos escondidos. La b\u00fasqueda de un legendario tesoro perteneciente a una guerrera visigoda \u2013cuyo recuerdo a\u00fan pervive en las leyendas y canciones del lugar\u2013 se entrelaza con la relaci\u00f3n entre Jero y su vecina, dando origen a un mundo de descubrimientos y empat\u00eda entre ambos.<\/p>\n<p class=\"paragraph\">La novela, como todas las juveniles publicadas por la editorial Edeb\u00e9, propone entre sus p\u00e1ginas valores educativos tales como <b>la amistad, la educaci\u00f3n para la igualdad, el respeto familiar y la moral c\u00edvica<\/b>. Esta lectura est\u00e1 pensada para alumnos de doce a catorce a\u00f1os y fue ideada por su autor como ideal para lecturas colectivas en clase; de hecho, muchos adolescentes la fueron leyendo en tiempo real mientras el autor escrib\u00eda algunos cap\u00edtulos.<\/p>\n<p class=\"paragraph\">Algo positivo de esta obra es su agilidad r\u00edtmica, se lee en apenas hora y media, as\u00ed como su frescura juvenil, desde el ambiente mediterr\u00e1neo con su trama fresca y veraniega, hasta los ingredientes que m\u00e1s aprecian los j\u00f3venes en sus lecturas: romance, misterio, secretos y aventuras din\u00e1micas y peligrosas. Sin embargo, es posible que este estilo tan juvenil no atraiga a adultos al carecer de profundidad y dejar muchos conflictos sin resolver, pues est\u00e1 pensada para crear una saga juvenil, sin mucha complejidad.<\/p>\n<p class=\"paragraph\">Lo m\u00e1s aut\u00e9ntico de sus p\u00e1ginas es la capacidad del autor para recrear una atm\u00f3sfera veraniega en el Mediterr\u00e1neo, poblada de secretos y pandillas, y para tejer, al mismo tiempo, <b>una odisea juvenil que combina elementos de thriller y romanticismo<\/b>. Por ello, la considero una lectura entretenida para motivar a j\u00f3venes lectores a que sigan leyendo, pues Nunca amanece en la isla de los alacranes es solo el primer libro de la trilog\u00eda juvenil Surferr\u00e1nea de \u00c1ngel Gil Cheza, continuada por Alguien silba en la niebla y Nadie lee la misma carta dos veces. Estas continuaciones retoman la historia con Jero, que regresa al pueblo un a\u00f1o despu\u00e9s y profundiza su relaci\u00f3n con Irta, con nuevas aventuras en la costa mediterr\u00e1nea, y con m\u00e1s misterios que tendr\u00e1n que resolver.<\/p>\n","protected":false},"excerpt":{"rendered":"Al terminar el curso, Jero, un adolescente madrile\u00f1o, se ve obligado a pasar el verano en el viejo&hellip;\n","protected":false},"author":2,"featured_media":156126,"comment_status":"","ping_status":"","sticky":false,"template":"","format":"standard","meta":{"footnotes":""},"categories":[172],"tags":[224,146,147,25,24,225,23],"class_list":{"0":"post-156125","1":"post","2":"type-post","3":"status-publish","4":"format-standard","5":"has-post-thumbnail","7":"category-libros","8":"tag-books","9":"tag-entertainment","10":"tag-entretenimiento","11":"tag-es","12":"tag-espana","13":"tag-libros","14":"tag-spain"},"share_on_mastodon":{"url":"","error":""},"_links":{"self":[{"href":"https:\/\/www.europesays.com\/es\/wp-json\/wp\/v2\/posts\/156125","targetHints":{"allow":["GET"]}}],"collection":[{"href":"https:\/\/www.europesays.com\/es\/wp-json\/wp\/v2\/posts"}],"about":[{"href":"https:\/\/www.europesays.com\/es\/wp-json\/wp\/v2\/types\/post"}],"author":[{"embeddable":true,"href":"https:\/\/www.europesays.com\/es\/wp-json\/wp\/v2\/users\/2"}],"replies":[{"embeddable":true,"href":"https:\/\/www.europesays.com\/es\/wp-json\/wp\/v2\/comments?post=156125"}],"version-history":[{"count":0,"href":"https:\/\/www.europesays.com\/es\/wp-json\/wp\/v2\/posts\/156125\/revisions"}],"wp:featuredmedia":[{"embeddable":true,"href":"https:\/\/www.europesays.com\/es\/wp-json\/wp\/v2\/media\/156126"}],"wp:attachment":[{"href":"https:\/\/www.europesays.com\/es\/wp-json\/wp\/v2\/media?parent=156125"}],"wp:term":[{"taxonomy":"category","embeddable":true,"href":"https:\/\/www.europesays.com\/es\/wp-json\/wp\/v2\/categories?post=156125"},{"taxonomy":"post_tag","embeddable":true,"href":"https:\/\/www.europesays.com\/es\/wp-json\/wp\/v2\/tags?post=156125"}],"curies":[{"name":"wp","href":"https:\/\/api.w.org\/{rel}","templated":true}]}}