{"id":156131,"date":"2025-10-04T08:02:08","date_gmt":"2025-10-04T08:02:08","guid":{"rendered":"https:\/\/www.europesays.com\/es\/156131\/"},"modified":"2025-10-04T08:02:08","modified_gmt":"2025-10-04T08:02:08","slug":"33-anos-menor-que-el-su-origen-libanes-y-su-profesion","status":"publish","type":"post","link":"https:\/\/www.europesays.com\/es\/156131\/","title":{"rendered":"33 a\u00f1os menor que \u00e9l, su origen liban\u00e9s y su profesi\u00f3n"},"content":{"rendered":"<p class=\"voc-p\" style=\"\"><strong>Cayetano Mart\u00ednez de Irujo<\/strong>, quien fue considerado por mucho tiempo como uno de los solteros de oro de nuestro pa\u00eds, se casa este s\u00e1bado con B\u00e1rbara Mirjan tras diez a\u00f1os de relaci\u00f3n. Tras su divorcio con Genoveva Casanova, el hijo de la duquesa de Alb vuelve al altar de la mano de<strong> B\u00e1rbara Mirjan<\/strong>, su novia <strong>33 a\u00f1os menor que \u00e9l<\/strong>. Pero, \u00bfqui\u00e9n es la mujer que ha conquistado su coraz\u00f3n? <\/p>\n<p class=\"voc-p\" style=\"\">A sus <strong>29 a\u00f1os<\/strong>, B\u00e1rbara es conocida como un persona tremendamente discreta, algo dif\u00edcil de mantener en este c\u00edrculo social. Es hija de un empresario de origen liban\u00e9s llamada Javier Mirjan y desde peque\u00f1a ha tenido acceso a todo tipo de privilegios. Hizo la primaria en el International School of Madrid y la secundaria en el Runnymede College de La Moraleja, donde tambi\u00e9n estudiaron <strong>los hijos<\/strong> de Cayetano. Adem\u00e1s, tiene dos carreras: <strong>Filolog\u00eda Francesa<\/strong> y <strong>Gesti\u00f3n de Empresas<\/strong>, realizadas en la King&#8217;s College de Londres, donde se gradu\u00f3 en 2019. <\/p>\n<p>\nA qu\u00e9 se dedica B\u00e1rbara Mirjan\n<\/p>\n<p class=\"voc-p\" style=\"\">Comenz\u00f3 su vida laboral haciendo pr\u00e1cticas en la galer\u00eda Marlborough y la pasteler\u00eda Mallorca, organizando todo tipo de eventos. Adem\u00e1s, ha trabajado diversos lugares como el conocido bufete de abogados Palacio y Asociados, en La Garanderie &amp; Associ\u00e9s de Par\u00eds y en el banco Mirabaud en Ginebra. Seg\u00fan su LinkedIn, actualmente es <strong>coordinadora de eventos en el peri\u00f3dico digital &#8216;OK Diario<\/strong>&#8216;.<\/p>\n<p class=\"voc-p\" style=\"\">Cabe resaltar que adem\u00e1s de su amplia experiencia laboral, B\u00e1rbara cuenta con un talento oculto, es pol\u00edglota y puede hablar cinco idiomas: castellano, ingl\u00e9s, franc\u00e9s, italiano y \u00e1rabe. Adem\u00e1s, se destaca por ser una persona fil\u00e1ntropa, motivo por el cual ha colaborado con diversas asociaciones ben\u00e9ficas como la Fundaci\u00f3n Aladina. <\/p>\n<p><img decoding=\"async\" loading=\"lazy\" src=\"https:\/\/www.europesays.com\/es\/wp-content\/uploads\/2025\/10\/barb-k2EH-U701679521628nTD-760x427@diario_abc.JPG\" class=\"voc-img\" width=\"760\" height=\"427\" alt=\"Qui\u00e9n es B\u00e1rbara Mirjan, la mujer de Cayetano Mart\u00ednez de Irujo: 33 a\u00f1os menor que \u00e9l, su origen liban\u00e9s y su profesi\u00f3n\" data-voc-vtm-id=\"in-text-traffic\"\/><\/p>\n<p>GTRES<\/p>\n<p>\nSu historia de amor con Cayetano Mart\u00ednez de Irujo\n<\/p>\n<p class=\"voc-p\" style=\"\">La pareja <strong>se conoci\u00f3 en el 2015<\/strong>, durante una fiesta en Marbella y, a partir de ese momento, nunca m\u00e1s se separaron. Sin embargo, no fue hasta septiembre del 2016 que la revista &#8216;\u00a1Hola!&#8217; revel\u00f3 que el duque de Arjona hab\u00eda recuperado la ilusi\u00f3n. La presentaci\u00f3n oficial se dio durante el Concurso H\u00edpico Nacional de Saltos de Obst\u00e1culos en el campo de Tiro y Deportes de Salamanca, a penas unos meses despu\u00e9s del fallecimiento de la duquesa de Alba. \u00abLleva poco tiempo en mi vida, pero es como si hubiera estado siempre\u00bb, declar\u00f3 el jinete al medio en menci\u00f3n al inicio de su relaci\u00f3n. <\/p>\n<p class=\"voc-p\" style=\"\">B\u00e1rbara <strong>es muy cercana a la familia de Cayetano<\/strong>, sobre todo con sus hijos, Amina y Luis, de 23 a\u00f1os y con su hermana, Eugenia Mart\u00ednez de Irujo. Incluso, se dice que la joven fue una persona clave en la reconciliaci\u00f3n de ambos. Adem\u00e1s, se sabe que es una apasionada de la moda, motivo por el cual hace unos a\u00f1os lanz\u00f3 una colecci\u00f3n de prendas junto a sus amigas Carlota Tr\u00edas y Aranguren Zunzunegui. \ufeff<\/p>\n<p><img decoding=\"async\" loading=\"lazy\" src=\"https:\/\/www.europesays.com\/es\/wp-content\/uploads\/2025\/10\/mr-k2EH-U701679521628c3H-760x427@diario_abc.JPG\" class=\"voc-img\" width=\"760\" height=\"427\" alt=\"Qui\u00e9n es B\u00e1rbara Mirjan, la mujer de Cayetano Mart\u00ednez de Irujo: 33 a\u00f1os menor que \u00e9l, su origen liban\u00e9s y su profesi\u00f3n\" data-voc-vtm-id=\"in-text-traffic\"\/><\/p>\n<p>GTRES<\/p>\n<p class=\"voc-p\" style=\"\">Ahora, tras una d\u00e9cada juntos, la pareja va a dar el siguiente paso: darse el &#8216;s\u00ed, quiero&#8217; en el altar, acompa\u00f1ados de sus amigos y familiares. <\/p>\n<p>Reportar un error<\/p>\n","protected":false},"excerpt":{"rendered":"Cayetano Mart\u00ednez de Irujo, quien fue considerado por mucho tiempo como uno de los solteros de oro de&hellip;\n","protected":false},"author":2,"featured_media":156132,"comment_status":"","ping_status":"","sticky":false,"template":"","format":"standard","meta":{"footnotes":""},"categories":[91],"tags":[988,38503,4812,146,147,25,24,2394,11486,36166,16761,825,2126,45927,31617,3338,23],"class_list":{"0":"post-156131","1":"post","2":"type-post","3":"status-publish","4":"format-standard","5":"has-post-thumbnail","7":"category-entretenimiento","8":"tag-anos","9":"tag-barbara","10":"tag-cayetano","11":"tag-entertainment","12":"tag-entretenimiento","13":"tag-es","14":"tag-espana","15":"tag-esposa","16":"tag-futura","17":"tag-irujo","18":"tag-libanes","19":"tag-martinez","20":"tag-menor","21":"tag-mirjan","22":"tag-oficio","23":"tag-origen","24":"tag-spain"},"share_on_mastodon":{"url":"","error":""},"_links":{"self":[{"href":"https:\/\/www.europesays.com\/es\/wp-json\/wp\/v2\/posts\/156131","targetHints":{"allow":["GET"]}}],"collection":[{"href":"https:\/\/www.europesays.com\/es\/wp-json\/wp\/v2\/posts"}],"about":[{"href":"https:\/\/www.europesays.com\/es\/wp-json\/wp\/v2\/types\/post"}],"author":[{"embeddable":true,"href":"https:\/\/www.europesays.com\/es\/wp-json\/wp\/v2\/users\/2"}],"replies":[{"embeddable":true,"href":"https:\/\/www.europesays.com\/es\/wp-json\/wp\/v2\/comments?post=156131"}],"version-history":[{"count":0,"href":"https:\/\/www.europesays.com\/es\/wp-json\/wp\/v2\/posts\/156131\/revisions"}],"wp:featuredmedia":[{"embeddable":true,"href":"https:\/\/www.europesays.com\/es\/wp-json\/wp\/v2\/media\/156132"}],"wp:attachment":[{"href":"https:\/\/www.europesays.com\/es\/wp-json\/wp\/v2\/media?parent=156131"}],"wp:term":[{"taxonomy":"category","embeddable":true,"href":"https:\/\/www.europesays.com\/es\/wp-json\/wp\/v2\/categories?post=156131"},{"taxonomy":"post_tag","embeddable":true,"href":"https:\/\/www.europesays.com\/es\/wp-json\/wp\/v2\/tags?post=156131"}],"curies":[{"name":"wp","href":"https:\/\/api.w.org\/{rel}","templated":true}]}}