{"id":156135,"date":"2025-10-04T08:04:07","date_gmt":"2025-10-04T08:04:07","guid":{"rendered":"https:\/\/www.europesays.com\/es\/156135\/"},"modified":"2025-10-04T08:04:07","modified_gmt":"2025-10-04T08:04:07","slug":"el-gobierno-anula-la-adjudicacion-a-masorange-del-contrato-de-ciberseguridad-del-estado-economia","status":"publish","type":"post","link":"https:\/\/www.europesays.com\/es\/156135\/","title":{"rendered":"El Gobierno anula la adjudicaci\u00f3n a MasOrange del contrato de ciberseguridad del Estado | Econom\u00eda"},"content":{"rendered":"<p class=\"\">El Ministerio para la Transformaci\u00f3n Digital y la Funci\u00f3n P\u00fablica ha acordado anular la adjudicaci\u00f3n a la uni\u00f3n temporal de empresas (UTE) formada por MasOrange, TRC y Mnemo <a href=\"https:\/\/cincodias.elpais.com\/companias\/2025-07-25\/masorange-y-telefonica-logran-el-grueso-de-los-340-millones-del-megacontrato-de-telecomunicaciones-de-la-age.html\" rel=\"nofollow noopener\" target=\"_blank\">del lote 3 del megacontrato centralizado de telecomunicaciones de la Administraci\u00f3n Central, conocido como CORA III,<\/a> que agrupaba los servicios de interconexi\u00f3n de centros de datos, seguridad e Internet, seg\u00fan conta en la resoluci\u00f3n publicada en la Plataforma de la Contrataci\u00f3n P\u00fablica.<\/p>\n<p class=\"\">La decisi\u00f3n del Ministerio que dirige \u00d3scar L\u00f3pez de \u201cretrotraer actuaciones hasta el momento anterior a la adjudicaci\u00f3n del contrato a la UTE\u201d, seg\u00fan reza la resoluci\u00f3n, responde al recurso presentado por el grupo encabezado por Telef\u00f3nica e Indra que compet\u00eda con MasOrange por la adjudicaci\u00f3n de ese lote 3. La operadora aleg\u00f3 en su recurso que la empresa de ciberseguridad Mnemo no dispon\u00eda de un plan de igualdad, un requisito imprescindible para presentarse al concurso seg\u00fan las bases del mismo.<\/p>\n<p class=\"\">Por tal motivo, Telef\u00f3nica, participada por el Estado en un 10%, present\u00f3 un recurso el pasado mes de agosto ante el Tribunal Administrativo Central de Recursos Contractuales (TACRC), un organismo dependiente del Ministerio de Hacienda, encargado de resolver los recursos contra las adjudicaciones p\u00fablicas del Gobierno que ahora le ha dado la raz\u00f3n. Consecuentemente, el Ministerio de Transformaci\u00f3n Digital ha anulado la adjuicaci\u00f3n. <\/p>\n<p class=\"\">Las puntuaciones de la mesa de contrataci\u00f3n de MasOrange y Telef\u00f3nica fueron muy similares. En la valoraci\u00f3n t\u00e9cnico-cuantitativa, los dos grupos lograron la m\u00e1xima puntuaci\u00f3n en todos los cap\u00edtulos, para sumar un total de 26 puntos cada uno. Pero MasOrange rebaj\u00f3 su oferta econ\u00f3mica en 8 millones respecto a la de Telef\u00f3nica, lo que propici\u00f3 que se llevara el concurso, logrando 35 puntos por los 30,06 de Telef\u00f3nica.<\/p>\n<p>Pol\u00e9mica adjudicaci\u00f3n <\/p>\n<p class=\"\">El tribunal deber\u00e1 decidir ahora si anula la candidatura de MasOrange y adjudica directamente el lote 3 a Telef\u00f3nica o vuelve a convocar el concurso. La adjudicaci\u00f3n a MasOrange no estuvo exenta de pol\u00e9mica ya que llam\u00f3 la atenci\u00f3n de que arrebatara este lote de ciberseguridad a Telef\u00f3nica, su tradicional adjudicatario, puesto que una de las razones que dio el Gobierno para la entrada en el capital de Telef\u00f3nica a trav\u00e9s de la SEPI en mayo de 2024 con un desembolso de m\u00e1s de 2.000 millones de euros, fue precisamente su car\u00e1cter estrat\u00e9gico para asegurar las comunicaciones del Estado. <\/p>\n<p class=\"\"><a href=\"https:\/\/cincodias.elpais.com\/companias\/2025-07-25\/masorange-y-telefonica-logran-el-grueso-de-los-340-millones-del-megacontrato-de-telecomunicaciones-de-la-age.html\" rel=\"nofollow noopener\" target=\"_blank\">El contrato en disputa es uno de los m\u00e1s importantes de la Administraci\u00f3n Central<\/a>. Su valoraci\u00f3n inicial era de 103,9 millones de euros, aunque finalmente se adjudic\u00f3 por 55,26 millones sin IVA. El contrato tiene vigencia durante un periodo de prestaci\u00f3n que asciende a 5 a\u00f1os, incluy\u00e9ndose cuatro a\u00f1os de servicio y uno adicional de pr\u00f3rroga. <\/p>\n<p class=\"\">El CORA III (Comisi\u00f3n para la Reforma de las Administraciones P\u00fablicas, en su tercera edici\u00f3n) es el contrato m\u00e1s importante de la Administraci\u00f3n, ya que agrupa a m\u00e1s de 85 organismos, bajo la coordinaci\u00f3n del Ministerio para la Transformaci\u00f3n Digital y de la Funci\u00f3n P\u00fablica. <\/p>\n<p class=\"\">De un importe total pr\u00f3ximo a los 504 millones de euros, MasOrange gan\u00f3 servicios valorados en 262 millones, correspondientes al lote 2 de telefon\u00eda fija y p\u00fablica, por 158 millones de euros, as\u00ed como el citado lote 3 de los servicios de ciberseguridad e interconexi\u00f3n de centros de datos por 104 millones.<\/p>\n<p class=\"\">La esperada licitaci\u00f3n, la mayor del sector p\u00fablico en el \u00e1mbito de las telecomunicaciones, pretende mejorar la eficiencia y eficacia de la actividad p\u00fablica, en b\u00fasqueda de sinergias y precios especialmente ventajosos, por espacio de los pr\u00f3ximos 45 meses a partir de finales de este mes.<\/p>\n<p class=\"\">Telef\u00f3nica perdi\u00f3 peso respecto a ediciones anteriores al conservar solo uno de los cuatro lotes en licitaci\u00f3n, de 152,1 millones de euros, correspondiente a la conectividad de la red nacional multiservicio. A su vez, Evolutio -compa\u00f1\u00eda especializada en servicios cloud para el sector corporativo, anteriormente conocida como BT-, se llev\u00f3 el lote restante, por valor de 90 millones de euros, para la provisi\u00f3n de servicios de telecomunicaciones para las embajadas y organismo p\u00fablicos situados en el extranjero.<\/p>\n","protected":false},"excerpt":{"rendered":"El Ministerio para la Transformaci\u00f3n Digital y la Funci\u00f3n P\u00fablica ha acordado anular la adjudicaci\u00f3n a la uni\u00f3n&hellip;\n","protected":false},"author":2,"featured_media":79169,"comment_status":"","ping_status":"","sticky":false,"template":"","format":"standard","meta":{"footnotes":""},"categories":[80],"tags":[82,95,94,25,24,13913,38573,23,6538,1826,41517,493,17961],"class_list":{"0":"post-156135","1":"post","2":"type-post","3":"status-publish","4":"format-standard","5":"has-post-thumbnail","7":"category-economia","8":"tag-business","9":"tag-economia","10":"tag-economy","11":"tag-es","12":"tag-espana","13":"tag-masorange","14":"tag-seguridad-internet","15":"tag-spain","16":"tag-telecomunicaciones","17":"tag-telefonica","18":"tag-transformacion-digital","19":"tag-tribunales","20":"tag-usuarios-internet"},"share_on_mastodon":{"url":"","error":""},"_links":{"self":[{"href":"https:\/\/www.europesays.com\/es\/wp-json\/wp\/v2\/posts\/156135","targetHints":{"allow":["GET"]}}],"collection":[{"href":"https:\/\/www.europesays.com\/es\/wp-json\/wp\/v2\/posts"}],"about":[{"href":"https:\/\/www.europesays.com\/es\/wp-json\/wp\/v2\/types\/post"}],"author":[{"embeddable":true,"href":"https:\/\/www.europesays.com\/es\/wp-json\/wp\/v2\/users\/2"}],"replies":[{"embeddable":true,"href":"https:\/\/www.europesays.com\/es\/wp-json\/wp\/v2\/comments?post=156135"}],"version-history":[{"count":0,"href":"https:\/\/www.europesays.com\/es\/wp-json\/wp\/v2\/posts\/156135\/revisions"}],"wp:featuredmedia":[{"embeddable":true,"href":"https:\/\/www.europesays.com\/es\/wp-json\/wp\/v2\/media\/79169"}],"wp:attachment":[{"href":"https:\/\/www.europesays.com\/es\/wp-json\/wp\/v2\/media?parent=156135"}],"wp:term":[{"taxonomy":"category","embeddable":true,"href":"https:\/\/www.europesays.com\/es\/wp-json\/wp\/v2\/categories?post=156135"},{"taxonomy":"post_tag","embeddable":true,"href":"https:\/\/www.europesays.com\/es\/wp-json\/wp\/v2\/tags?post=156135"}],"curies":[{"name":"wp","href":"https:\/\/api.w.org\/{rel}","templated":true}]}}