{"id":156148,"date":"2025-10-04T08:17:13","date_gmt":"2025-10-04T08:17:13","guid":{"rendered":"https:\/\/www.europesays.com\/es\/156148\/"},"modified":"2025-10-04T08:17:13","modified_gmt":"2025-10-04T08:17:13","slug":"de-paula-echevarria-a-chenoa","status":"publish","type":"post","link":"https:\/\/www.europesays.com\/es\/156148\/","title":{"rendered":"de Paula Echevarr\u00eda a Chenoa"},"content":{"rendered":"<p class=\"paragraph\">Miki Nadal celebr\u00f3 este lunes 29 de septiembre su aniversario. El c\u00f3mico y presentador <b>sopl\u00f3 las velas de sus 58 a\u00f1os<\/b> junto a su pareja, Helena Aldea <a href=\"https:\/\/www.heraldo.es\/noticias\/ocio-y-cultura\/2025\/09\/29\/conmovedor-mensaje-miki-nadal-hijas-cumpleanos-1857692.html\" title=\"El conmovedor mensaje de Miki Nadal a sus hijas por su cumplea\u00f1os: &quot;Por vosotras muero&quot;\" rel=\"nofollow noopener\" target=\"_blank\">y sus tres hijas, Carmen, Galatea y \u00c1ngela. Un d\u00eda muy feliz en el que el zaragozano tambi\u00e9n recibi\u00f3 el calor y el cari\u00f1o de un buen n\u00famero de famosos.\u00a0<\/a><\/p>\n<p class=\"paragraph\">La cantante Chenoa le dedic\u00f3 las siguientes palabras: \u00abFelicidades, rey. Sois luz\u00bb. <b>Tambi\u00e9n se acord\u00f3 de \u00e9l la actriz e &#8216;influencer&#8217; Paula Echevarr\u00eda,<\/b> con este mensaje: \u00ab\u00a1Felicidades Miki. \u00a1Qu\u00e9 bonita familia! \u00a1El mejor regalo!\u00bb.\u00a0<\/p>\n<p class=\"paragraph\"><b>La tambi\u00e9n actriz mexicana Jaydi Michel se ha dirigido al aragon\u00e9s<\/b> a trav\u00e9s de las redes sociales: \u00abMuchas felicidades Miki. Disfruta a tope con tu hermosa familia\u00bb. En una l\u00ednea muy parecida se han expresado la int\u00e9rprete Elena Furiase (\u00abMuchas felicidades Miki\u00bb) y la presentadora Anna Sim\u00f3n (\u00abMuch\u00edsimas felicidades, t\u00edo Miki\u00bb).\u00a0<\/p>\n<p class=\"paragraph\">Compa\u00f1eros y excompa\u00f1eros del zaragozano tampoco se han olvidado de \u00e9l en una jornada tan especial. <b>Como Frank Blanco<\/b> (\u00abFeliz cumplea\u00f1os, feliz vida\u00bb), Irene Junquera (\u00abFeliz cumple\u00bb), Graciela Lobo (\u00abFelicidades, Miki, qu\u00e9 bien rodeado\u00bb) o Susana Guasch (\u00abMuch\u00edsimas felicidades\u00bb).\u00a0<\/p>\n<p class=\"paragraph\">Pero, sin duda, el comentario que m\u00e1s ilusi\u00f3n habr\u00e1 hecho a Miki Nadal es el que ha compartido su pareja, Helena Aldea.<b> \u00abNo me extra\u00f1a que tus hijas te adoren<\/b> y te quieran con locura. Eres un padre incre\u00edble. Siempre est\u00e1s y siempre velas por nosotras. Te queremos a rabiar\u00bb, ha se\u00f1alado.\u00a0\u00a0<\/p>\n","protected":false},"excerpt":{"rendered":"Miki Nadal celebr\u00f3 este lunes 29 de septiembre su aniversario. El c\u00f3mico y presentador sopl\u00f3 las velas de&hellip;\n","protected":false},"author":2,"featured_media":156149,"comment_status":"","ping_status":"","sticky":false,"template":"","format":"standard","meta":{"footnotes":""},"categories":[174],"tags":[255,6996,146,147,25,24,256,45014,23],"class_list":{"0":"post-156148","1":"post","2":"type-post","3":"status-publish","4":"format-standard","5":"has-post-thumbnail","7":"category-famosos","8":"tag-celebrities","9":"tag-cumpleanos","10":"tag-entertainment","11":"tag-entretenimiento","12":"tag-es","13":"tag-espana","14":"tag-famosos","15":"tag-miki-nadal","16":"tag-spain"},"share_on_mastodon":{"url":"","error":""},"_links":{"self":[{"href":"https:\/\/www.europesays.com\/es\/wp-json\/wp\/v2\/posts\/156148","targetHints":{"allow":["GET"]}}],"collection":[{"href":"https:\/\/www.europesays.com\/es\/wp-json\/wp\/v2\/posts"}],"about":[{"href":"https:\/\/www.europesays.com\/es\/wp-json\/wp\/v2\/types\/post"}],"author":[{"embeddable":true,"href":"https:\/\/www.europesays.com\/es\/wp-json\/wp\/v2\/users\/2"}],"replies":[{"embeddable":true,"href":"https:\/\/www.europesays.com\/es\/wp-json\/wp\/v2\/comments?post=156148"}],"version-history":[{"count":0,"href":"https:\/\/www.europesays.com\/es\/wp-json\/wp\/v2\/posts\/156148\/revisions"}],"wp:featuredmedia":[{"embeddable":true,"href":"https:\/\/www.europesays.com\/es\/wp-json\/wp\/v2\/media\/156149"}],"wp:attachment":[{"href":"https:\/\/www.europesays.com\/es\/wp-json\/wp\/v2\/media?parent=156148"}],"wp:term":[{"taxonomy":"category","embeddable":true,"href":"https:\/\/www.europesays.com\/es\/wp-json\/wp\/v2\/categories?post=156148"},{"taxonomy":"post_tag","embeddable":true,"href":"https:\/\/www.europesays.com\/es\/wp-json\/wp\/v2\/tags?post=156148"}],"curies":[{"name":"wp","href":"https:\/\/api.w.org\/{rel}","templated":true}]}}