{"id":156163,"date":"2025-10-04T08:28:07","date_gmt":"2025-10-04T08:28:07","guid":{"rendered":"https:\/\/www.europesays.com\/es\/156163\/"},"modified":"2025-10-04T08:28:07","modified_gmt":"2025-10-04T08:28:07","slug":"el-partido-gobernante-en-japon-opta-por-primera-vez-por-una-mujer-como-aspirante-a-liderar-el-pais-internacional","status":"publish","type":"post","link":"https:\/\/www.europesays.com\/es\/156163\/","title":{"rendered":"El partido gobernante en Jap\u00f3n opta por primera vez por una mujer como aspirante a liderar el pa\u00eds | Internacional"},"content":{"rendered":"<p class=\"\">Sanae Takaichi, una pol\u00edtica de corte conservador y nacionalista, ha ganado la carrera para presidir el gobernante Partido Liberal Dem\u00f3crata (PLD) de Jap\u00f3n. La formaci\u00f3n la ha elegido como su presidenta este s\u00e1bado, en una contienda que es algo m\u00e1s que unas primarias: la vencedora tiene una alt\u00edsima probabilidad de convertirse en los pr\u00f3ximos d\u00edas en la primera ministra del pa\u00eds asi\u00e1tico, previa votaci\u00f3n en el Parlamento.<\/p>\n<p class=\"\">El nombramiento, de confirmarse, ser\u00eda hist\u00f3rico. Takaichi, de 64 a\u00f1os, se convertir\u00eda en la primera mujer en ocupar la jefatura del Gobierno nip\u00f3n. En las primarias del partido se ha impuesto, en la segunda ronda, a Shinjiro Koizumi, actual ministro de Agricultura e <a href=\"https:\/\/elpais.com\/diario\/2006\/09\/20\/internacional\/1158703218_850215.html\" rel=\"nofollow noopener\" title=\"https:\/\/elpais.com\/diario\/2006\/09\/20\/internacional\/1158703218_850215.html\" target=\"_blank\">hijo del exprimer ministro Junichiro Koizumi<\/a>. \u00c9l aspiraba a ser el primer ministro m\u00e1s joven desde la posguerra. <\/p>\n<p class=\"\">La reci\u00e9n elegida sustituir\u00e1 al frente de la organizaci\u00f3n conservadora al actual primer ministro, <a href=\"https:\/\/elpais.com\/internacional\/2025-09-07\/el-primer-ministro-japones-anuncia-su-dimision-como-jefe-del-partido-gobernante.html\" target=\"_blank\" rel=\"noreferrer nofollow noopener\" title=\"https:\/\/elpais.com\/internacional\/2025-09-07\/el-primer-ministro-japones-anuncia-su-dimision-como-jefe-del-partido-gobernante.html\">Shigeru Ishiba, que anunci\u00f3 a principios de septiembre su dimisi\u00f3n, <\/a>despu\u00e9s de menos de un a\u00f1o en el cargo. El a\u00fan mandatario (sigue de momento, para evitar un vaci\u00f3 de poder) fue forzado por sus compa\u00f1eros de filas a abandonar despu\u00e9s de que el partido, con \u00e9l al frente, sufriera dos contundentes batacazos en las urnas, perdiendo la mayor\u00eda de la que gozaba en ambas c\u00e1maras de la Dieta (el parlamento nip\u00f3n). <\/p>\n<p class=\"\">Aunque puede pasar de todo, la investidura se da casi por hecho dado que la coalici\u00f3n que forma el PLD con su tradicional socio minoritario, el partido Komeito, sigue siendo, a pesar del declive en las urnas, la fuerza m\u00e1s importante, y la oposici\u00f3n carece de coherencia como para formar un bloque alternativo. <\/p>\n<p class=\"\">Una vez al frente del Ejecutivo, Takaichi tendr\u00e1 que afrontar un buen n\u00famero de problemas: desde la inflaci\u00f3n que atenaza a los hogares a la renqueante marcha de la cuarta econom\u00eda del planeta. Tambi\u00e9n deber\u00e1 cambiar los vientos internos del PLD para dejar atr\u00e1s <a href=\"https:\/\/elpais.com\/internacional\/2024-08-14\/el-primer-ministro-de-japon-renuncia-azotado-por-un-escandalo-de-financiacion-y-su-baja-popularidad.html\" target=\"_blank\" rel=\"noreferrer nofollow noopener\" title=\"https:\/\/elpais.com\/internacional\/2024-08-14\/el-primer-ministro-de-japon-renuncia-azotado-por-un-escandalo-de-financiacion-y-su-baja-popularidad.html\">los grandes esc\u00e1ndalos de corrupci\u00f3n<\/a> cuyas heridas siguen sin cerrar, y que han contribuido a laminar el apoyo ciudadano. <\/p>\n<p class=\"\">Takaichi, una veterana que entr\u00f3 en pol\u00edtica en los noventa, ha ocupado numerosos altos cargos, entre ellos el de ministra de Seguridad Econ\u00f3mica. Se confiesa una admiradora de la <a href=\"https:\/\/elpais.com\/internacional\/2013\/04\/08\/actualidad\/1365422190_056320.html\" rel=\"nofollow noopener\" title=\"https:\/\/elpais.com\/internacional\/2013\/04\/08\/actualidad\/1365422190_056320.html\" target=\"_blank\">hist\u00f3rica premier brit\u00e1nica Margaret Thatcher<\/a>: \u201cMi objetivo es ser la \u2018Dama de hierro\u201d, dijo la semana pasada en un debate televisado con el resto de candidatos. <\/p>\n<p class=\"\">Entr\u00f3 en pol\u00edtica en los a\u00f1os noventa, y se presenta a s\u00ed misma como la heredera pol\u00edtica del <a href=\"https:\/\/elpais.com\/internacional\/2022-07-08\/muere-el-ex-primer-ministro-de-japon-shinzo-abe-tras-recibir-varios-disparos-en-un-mitin-en-plena-calle.html\" rel=\"nofollow noopener\" title=\"https:\/\/elpais.com\/internacional\/2022-07-08\/muere-el-ex-primer-ministro-de-japon-shinzo-abe-tras-recibir-varios-disparos-en-un-mitin-en-plena-calle.html\" target=\"_blank\">exprimer ministro Shinzo Abe, asesinado en 2022<\/a>, y de sus pol\u00edticas en materia de finanzas, las conocidas como\u201cabenomics\u201d. Fue \u00e9l quien la llam\u00f3 por primera vez en 2006 para ocupar un cargo en un gabinete.<\/p>\n<p class=\"\">Su elecci\u00f3n es un hito en un pa\u00eds donde la participaci\u00f3n de las mujeres en la pol\u00edtica va bastante rezagada. El actual Ejecutivo, de 20 miembros, solo cuenta con dos mujeres. En el <a href=\"https:\/\/reports.weforum.org\/docs\/WEF_GGGR_2025.pdf\" rel=\"nofollow noopener\" title=\"https:\/\/reports.weforum.org\/docs\/WEF_GGGR_2025.pdf\" target=\"_blank\">Informe de Brecha de G\u00e9nero 2025 del Foro Econ\u00f3mico Mundial<\/a>, Jap\u00f3n ocupa el puesto 118\u00ba entre 148 pa\u00edses, el m\u00e1s bajo de entre los miembros del G7, y el porcentaje de mujeres en la C\u00e1mara de Representantes es de en torno al 15%. Takaichi, en cualquier caso, no destaca por ser una defensora de las pol\u00edticas feministas ni de las minor\u00edas<\/p>\n<p class=\"\">Su elecci\u00f3n la convierte en la tercera l\u00edder del PLD en poco m\u00e1s de un a\u00f1o, despu\u00e9s de que Ishiba sustituyera a su vez Fumio Kishida, que abandon\u00f3 en 2024 con la formaci\u00f3n azotada por un caso de financiaci\u00f3n irregular. Tambi\u00e9n ser\u00e1, previsiblemente, la tercera primera ministra en ese breve lapso de tiempo, signo de que Jap\u00f3n anda sumido en la inestabilidad pol\u00edtica desde el abandono de Abe en 2021 por motivos de salud. <\/p>\n<p class=\"\">A los p\u00e9rdida de votantes del PLD ha contribuido tambi\u00e9n<a href=\"https:\/\/elpais.com\/internacional\/2025-08-10\/el-trumpismo-triunfa-en-la-politica-de-japon.html\" target=\"_blank\" rel=\"noreferrer nofollow noopener\" title=\"https:\/\/elpais.com\/internacional\/2025-08-10\/el-trumpismo-triunfa-en-la-politica-de-japon.html\"> el auge de formaciones populistas y de corte trumpista, como Sanseito<\/a>, con sus mensajes antiinmigraci\u00f3n y nost\u00e1lgicos de un supuesto pasado glorioso. Este partido de ultraderecha, nacido en 2020, goza de un especial tir\u00f3n entre los j\u00f3venes desencantados de la pol\u00edtica tradicional y sumidos en un c\u00f3ctel de descontento en el que se mezclan el <a href=\"https:\/\/elpais.com\/internacional\/2024-11-17\/nanmoku-el-pueblo-japones-mas-envejecido-en-la-nacion-mas-envejecida-del-mundo.html\" rel=\"nofollow noopener\" title=\"https:\/\/elpais.com\/internacional\/2024-11-17\/nanmoku-el-pueblo-japones-mas-envejecido-en-la-nacion-mas-envejecida-del-mundo.html\" target=\"_blank\">elevado coste de la vida, el precio de la vivienda, el envejecimiento<\/a> y los exiguos aumentos salariales. <\/p>\n<p class=\"\">La nueva l\u00edder deber\u00e1 buscar el reequilibrio con Estados Unidos, el gran aliado de Jap\u00f3n, tras la tempestuosa llegada de Donald Trump a la Casa Blanca, y sus ansias arancelarias. El saliente Ishiba acord\u00f3 con el magnate que Tokio <a href=\"https:\/\/elpais.com\/internacional\/2025-07-22\/trump-anuncia-un-acuerdo-comercial-con-japon-pais-al-que-impone-un-arancel-del-15-a-todos-sus-productos.html\" rel=\"nofollow noopener\" title=\"https:\/\/elpais.com\/internacional\/2025-07-22\/trump-anuncia-un-acuerdo-comercial-con-japon-pais-al-que-impone-un-arancel-del-15-a-todos-sus-productos.html\" target=\"_blank\">aceptar\u00eda grav\u00e1menes del 15%<\/a> para la mayor\u00eda de productos, incluido su poderoso sector automotriz, e invertir\u00eda a cambio 550.000 millones de d\u00f3lares (unos 469.223 millones de euros) en el pa\u00eds norteamericano. <\/p>\n<p class=\"\">Podr\u00e1n discutir de todo esto en breve: Trump tiene previsto visitar Jap\u00f3n a finales de octubre, seg\u00fan fuentes diplom\u00e1ticas an\u00f3nimas citadas por la agencia japonesa Yonhap esta semana.<\/p>\n<p class=\"\">En la votaci\u00f3n, Takaichi se ha impuesto en la segunda ronda. Despu\u00e9s de que ninguno de los cinco contendientes lograra la mayor\u00eda suficiente en la primera, han pasado a la fase de desempate ella y Koizumi, los dos con m\u00e1s apoyos entre los militantes de base y los parlamentarios. En la segunda ronda, donde prima la decisi\u00f3n de los parlamentarios, se ha impuesto finalmente Takaichi, que ya lideraba las encuestas publicadas esta semana. <\/p>\n<p class=\"\">Bajo el sistema electoral nip\u00f3n, los votantes eligen a los miembros de la C\u00e1mara de Representantes (la C\u00e1mara baja), y el partido que obtenga la mayor\u00eda de los esca\u00f1os es el encargado de nominar al primer ministro, quien es m\u00e1s tarde designado formalmente por la Dieta Nacional. <\/p>\n<p class=\"\">El PLD ha mantenido el control parlamentario de manera pr\u00e1cticamente ininterrumpida desde su fundaci\u00f3n en 1955, y ha gobernado el pa\u00eds desde entonces con solo dos breves interrupciones, entre 1993 y 1994 y de 2009 a 2012. En estos momentos, al haber perdido la mayor\u00eda con la que contaba junto a Komeito, la aspirante se ver\u00e1 obligada a llegar a acuerdos con la oposici\u00f3n para ser investida y lograr un Gobierno estable. <\/p>\n","protected":false},"excerpt":{"rendered":"Sanae Takaichi, una pol\u00edtica de corte conservador y nacionalista, ha ganado la carrera para presidir el gobernante Partido&hellip;\n","protected":false},"author":2,"featured_media":156164,"comment_status":"","ping_status":"","sticky":false,"template":"","format":"standard","meta":{"footnotes":""},"categories":[42],"tags":[1237,17,18,4374,13,14,11,61,62,63,64,3564,19,20,9,10,15,16,952,29232,46741,12,21,22,65,66,67],"class_list":{"0":"post-156163","1":"post","2":"type-post","3":"status-publish","4":"format-standard","5":"has-post-thumbnail","7":"category-internacional","8":"tag-asia","9":"tag-breaking-news","10":"tag-breakingnews","11":"tag-elecciones","12":"tag-featured-news","13":"tag-featurednews","14":"tag-headlines","15":"tag-internacional","16":"tag-international","17":"tag-international-news","18":"tag-internationalnews","19":"tag-japon","20":"tag-latest-news","21":"tag-latestnews","22":"tag-news","23":"tag-noticias","24":"tag-noticias-destacadas","25":"tag-noticiasdestacadas","26":"tag-politica","27":"tag-populismo","28":"tag-shinzo-abe","29":"tag-titulares","30":"tag-ultimas-noticias","31":"tag-ultimasnoticias","32":"tag-world","33":"tag-world-news","34":"tag-worldnews"},"share_on_mastodon":{"url":"","error":""},"_links":{"self":[{"href":"https:\/\/www.europesays.com\/es\/wp-json\/wp\/v2\/posts\/156163","targetHints":{"allow":["GET"]}}],"collection":[{"href":"https:\/\/www.europesays.com\/es\/wp-json\/wp\/v2\/posts"}],"about":[{"href":"https:\/\/www.europesays.com\/es\/wp-json\/wp\/v2\/types\/post"}],"author":[{"embeddable":true,"href":"https:\/\/www.europesays.com\/es\/wp-json\/wp\/v2\/users\/2"}],"replies":[{"embeddable":true,"href":"https:\/\/www.europesays.com\/es\/wp-json\/wp\/v2\/comments?post=156163"}],"version-history":[{"count":0,"href":"https:\/\/www.europesays.com\/es\/wp-json\/wp\/v2\/posts\/156163\/revisions"}],"wp:featuredmedia":[{"embeddable":true,"href":"https:\/\/www.europesays.com\/es\/wp-json\/wp\/v2\/media\/156164"}],"wp:attachment":[{"href":"https:\/\/www.europesays.com\/es\/wp-json\/wp\/v2\/media?parent=156163"}],"wp:term":[{"taxonomy":"category","embeddable":true,"href":"https:\/\/www.europesays.com\/es\/wp-json\/wp\/v2\/categories?post=156163"},{"taxonomy":"post_tag","embeddable":true,"href":"https:\/\/www.europesays.com\/es\/wp-json\/wp\/v2\/tags?post=156163"}],"curies":[{"name":"wp","href":"https:\/\/api.w.org\/{rel}","templated":true}]}}