{"id":156171,"date":"2025-10-04T08:37:09","date_gmt":"2025-10-04T08:37:09","guid":{"rendered":"https:\/\/www.europesays.com\/es\/156171\/"},"modified":"2025-10-04T08:37:09","modified_gmt":"2025-10-04T08:37:09","slug":"la-reaccion-de-max-verstappen-en-pleno-gp-de-singapur-ante-la-velocidad-de-uno-de-los-alpine-esta-en-vuelta-lenta","status":"publish","type":"post","link":"https:\/\/www.europesays.com\/es\/156171\/","title":{"rendered":"La reacci\u00f3n de Max Verstappen en pleno GP de Singapur ante la velocidad de uno de los Alpine: \u00ab\u00bfEst\u00e1 en vuelta lenta?\u00bb"},"content":{"rendered":"<p data-testid=\"paragraph\" class=\"mb-[20px] md:mb-[30px] break-word\">El inicio del fin de semana en <strong>Singapur d<\/strong>ej\u00f3 varias postales, pero una de ellas termin\u00f3 volvi\u00e9ndose viral. En medio de las pr\u00e1cticas libres del<strong> Gran Premio en el circuito de Marina Bay<\/strong>, <a href=\"https:\/\/bolavip.com\/ar\/tema\/max-verstappen\" target=\"_blank\" class=\"break-word font-articleLinkText text-articleLinkText hover:text-articleLinkTextHover hover:bg-articleLinkTextHoverBg cursor-pointer border-solid border-b-articleLinkTextHover\" rel=\"nofollow noopener\">Max Verstappen<\/a> no pudo ocultar su sorpresa al encontrarse con un <a href=\"https:\/\/bolavip.com\/ar\/tema\/alpine\" target=\"_blank\" class=\"break-word font-articleLinkText text-articleLinkText hover:text-articleLinkTextHover hover:bg-articleLinkTextHoverBg cursor-pointer border-solid border-b-articleLinkTextHover\" rel=\"nofollow noopener\">Alpine<\/a> adelante que, seg\u00fan su propia reacci\u00f3n, <strong>parec\u00eda ir a una velocidad muy por debajo de lo esperado para la sesi\u00f3n.<\/strong><\/p>\n<p data-testid=\"paragraph\" class=\"mb-[20px] md:mb-[30px] break-word\">La situaci\u00f3n se dio cuando el piloto de Red Bull ven\u00eda marcando un buen ritmo y se top\u00f3 con uno de los monoplazas del equipo franc\u00e9s. En las im\u00e1genes no se llega a distinguir si se trataba de <strong>Franco Colapinto o de Pierre Gasly<\/strong>, pero lo que s\u00ed qued\u00f3 claro fue la reacci\u00f3n de Verstappen a trav\u00e9s de la radio del equipo.<\/p>\n<p data-testid=\"paragraph\" class=\"mb-[20px] md:mb-[30px] break-word\"><strong>\u201c\u00bfEl coche de adelante va en una vuelta lenta o vuelta de salida?<\/strong>\u201d, pregunt\u00f3 incr\u00e9dulo el neerland\u00e9s. Desde el muro de Red Bull le respondieron: \u201c<strong>Espero que el coche de adelante vaya en una vuelta lenta<\/strong>\u201d.<\/p>\n<p data-testid=\"paragraph\" class=\"mb-[20px] md:mb-[30px] break-word\">El intercambio no hizo m\u00e1s que reflejar uno de los problemas que Alpine viene arrastrando durante toda la temporada:<strong> la falta de potencia en comparaci\u00f3n con el resto de la parrilla<\/strong>. Y, en un trazado exigente como Marina Bay, esa falencia queda todav\u00eda m\u00e1s expuesta. As\u00ed, lo vivido con Verstappen termin\u00f3 siendo una muestra clara de la distancia que separa a la escuder\u00eda francesa del rendimiento del resto de los equipos. <\/p>\n<p>La furia de Colapinto tras un complicado inicio en Singapur<\/p>\n<p data-testid=\"paragraph\" class=\"mb-[20px] md:mb-[30px] break-word\">En lo que respecta a resultados, Alpine volvi\u00f3 a evidenciar sus dificultades.<strong> El argentino apenas pudo ubicarse en el 19\u00ba puesto en las dos sesiones<\/strong> de entrenamientos libres, <strong>mientras que Gasly cerr\u00f3 la segunda en la posici\u00f3n n\u00famero 16, despu\u00e9s de haber comenzado la jornada con un 13\u00ba<\/strong> <strong>lugar<\/strong> que hab\u00eda generado cierta expectativa. <\/p>\n<p data-testid=\"paragraph\" class=\"mb-[20px] md:mb-[30px] break-word\">Tras bajarse del monoplaza, Colapinto fue autocr\u00edtico. Reconoci\u00f3 que le est\u00e1 costando adaptarse al auto y que a\u00fan no logra encontrar estabilidad en su manejo: \u201c<strong>Me siento bastante inconsistente, no tengo feeling con el auto, me est\u00e1 costando un poco encontrar la estabilidad<\/strong>\u201d, declar\u00f3. Y complet\u00f3: \u201c<strong>Inconsistente hoy, hay que trabajar para ma\u00f1ana y volver mejor<\/strong>\u201d.<\/p>\n<p><a title=\"Franco Colapinto tom\u00f3 postura ante la gran pol\u00e9mica que rodea el GP de Singapur: \u201cNo puedo ser sincero con esto\u201d\" href=\"https:\/\/bolavip.com\/ar\/formula-1\/franco-colapinto-tomo-postura-ante-la-gran-polemica-que-rodea-el-gp-de-singapur-no-puedo-ser-sincero-con-esto\" target=\"_self\" rel=\"nofollow noopener\" class=\"article-also-read-embed\"><img decoding=\"async\" class=\"aspect-square max-w-[100px] m-[10px] md:m-0\" src=\"https:\/\/www.europesays.com\/es\/wp-content\/uploads\/2025\/10\/1759567029_748_image\" alt=\"Franco Colapinto tom\u00f3 postura ante la gran pol\u00e9mica que rodea el GP de Singapur: \u201cNo puedo ser sincero con esto\u201d\" width=\"200\" height=\"200\" loading=\"lazy\"\/><\/p>\n<p class=\"font-secondary my-[13px] uppercase text-alsoReadSeeAlso bg-alsoReadSeeAlsoBackground alsoReadSeeAlso w-fit\">ver tambi\u00e9n<\/p>\n<p class=\"w-full line-clamp-3 md:line-clamp-2 text-alsoReadEmbedTitle font-primary alsoReadLink\">Franco Colapinto tom\u00f3 postura ante la gran pol\u00e9mica que rodea el GP de Singapur: \u201cNo puedo ser sincero con esto\u201d<\/p>\n<p><\/a><a title=\"Mientras crece el rumor de a Red Bull, Alex Albon revel\u00f3 las chances que tiene Max Verstappen de ser ganar la F\u00f3rmula 1 en 2025\" href=\"https:\/\/bolavip.com\/ar\/formula-1\/mientras-crece-el-rumor-de-a-red-bull-alex-albon-revelo-las-chances-que-tiene-max-verstappen-de-ser-ganar-la-formula-1-en-2025\" target=\"_self\" rel=\"nofollow noopener\" class=\"article-also-read-embed\"><img decoding=\"async\" class=\"aspect-square max-w-[100px] m-[10px] md:m-0\" src=\"https:\/\/www.europesays.com\/es\/wp-content\/uploads\/2025\/10\/1759567029_569_image\" alt=\"Mientras crece el rumor de a Red Bull, Alex Albon revel\u00f3 las chances que tiene Max Verstappen de ser ganar la F\u00f3rmula 1 en 2025\" width=\"200\" height=\"200\" loading=\"lazy\"\/><\/p>\n<p class=\"font-secondary my-[13px] uppercase text-alsoReadSeeAlso bg-alsoReadSeeAlsoBackground alsoReadSeeAlso w-fit\">ver tambi\u00e9n<\/p>\n<p class=\"w-full line-clamp-3 md:line-clamp-2 text-alsoReadEmbedTitle font-primary alsoReadLink\">Mientras crece el rumor de a Red Bull, Alex Albon revel\u00f3 las chances que tiene Max Verstappen de ser ganar la F\u00f3rmula 1 en 2025<\/p>\n<p><\/a><\/p>\n","protected":false},"excerpt":{"rendered":"El inicio del fin de semana en Singapur dej\u00f3 varias postales, pero una de ellas termin\u00f3 volvi\u00e9ndose viral.&hellip;\n","protected":false},"author":2,"featured_media":156172,"comment_status":"","ping_status":"","sticky":false,"template":"","format":"standard","meta":{"footnotes":""},"categories":[270],"tags":[1331,168,25,24,306,271,272,1723,2099,1330,23,167],"class_list":{"0":"post-156171","1":"post","2":"type-post","3":"status-publish","4":"format-standard","5":"has-post-thumbnail","7":"category-formula-1","8":"tag-alpine","9":"tag-deportes","10":"tag-es","11":"tag-espana","12":"tag-f1","13":"tag-formula-1","14":"tag-formula1","15":"tag-franco-colapinto","16":"tag-max-verstappen","17":"tag-pierre-gasly","18":"tag-spain","19":"tag-sports"},"share_on_mastodon":{"url":"","error":""},"_links":{"self":[{"href":"https:\/\/www.europesays.com\/es\/wp-json\/wp\/v2\/posts\/156171","targetHints":{"allow":["GET"]}}],"collection":[{"href":"https:\/\/www.europesays.com\/es\/wp-json\/wp\/v2\/posts"}],"about":[{"href":"https:\/\/www.europesays.com\/es\/wp-json\/wp\/v2\/types\/post"}],"author":[{"embeddable":true,"href":"https:\/\/www.europesays.com\/es\/wp-json\/wp\/v2\/users\/2"}],"replies":[{"embeddable":true,"href":"https:\/\/www.europesays.com\/es\/wp-json\/wp\/v2\/comments?post=156171"}],"version-history":[{"count":0,"href":"https:\/\/www.europesays.com\/es\/wp-json\/wp\/v2\/posts\/156171\/revisions"}],"wp:featuredmedia":[{"embeddable":true,"href":"https:\/\/www.europesays.com\/es\/wp-json\/wp\/v2\/media\/156172"}],"wp:attachment":[{"href":"https:\/\/www.europesays.com\/es\/wp-json\/wp\/v2\/media?parent=156171"}],"wp:term":[{"taxonomy":"category","embeddable":true,"href":"https:\/\/www.europesays.com\/es\/wp-json\/wp\/v2\/categories?post=156171"},{"taxonomy":"post_tag","embeddable":true,"href":"https:\/\/www.europesays.com\/es\/wp-json\/wp\/v2\/tags?post=156171"}],"curies":[{"name":"wp","href":"https:\/\/api.w.org\/{rel}","templated":true}]}}