{"id":156179,"date":"2025-10-04T08:45:16","date_gmt":"2025-10-04T08:45:16","guid":{"rendered":"https:\/\/www.europesays.com\/es\/156179\/"},"modified":"2025-10-04T08:45:16","modified_gmt":"2025-10-04T08:45:16","slug":"el-gesto-de-richard-gere-con-su-mujer-en-milan-que-nos-recuerda-a-oficial-y-caballero","status":"publish","type":"post","link":"https:\/\/www.europesays.com\/es\/156179\/","title":{"rendered":"El gesto de Richard Gere con su mujer en Mil\u00e1n que nos recuerda a &#8216;Oficial y caballero&#8217;"},"content":{"rendered":"<p id=\"e_tEHI7qGt\" data-wc=\"108\">Multitud de estrellas internacionales se han dado cita en la Pinacoteca di Brera, en Mil\u00e1n, para <a class=\"hm-link ho-link\" href=\"https:\/\/www.hola.com\/moda\/20250928858359\/ultimo-desfile-giorgio-armani-mejor-vestidas\/\" data-mrf-recirculation=\"article-body-link\" rel=\"nofollow noopener\" target=\"_blank\">rendir tributo al dise\u00f1ador recientemente fallecido, Giorgio Armani<\/a>. Entre ellas, el matrimonio Gere, que ha podido disfrutar del maravilloso desfile con m\u00e1s de 120 creaciones seleccionadas personalmente por el recordado y admirado dise\u00f1ador italiano. Tras la celebraci\u00f3n de este homenaje p\u00f3stumo, el actor de &#8216;Oficial y caballero&#8217; ha hecho honor al t\u00edtulo de una de sus pel\u00edculas m\u00e1s c\u00e9lebres, y ha tenido un gesto del perfecto gentleman\u00a0con su mujer, cuando bajaban la escalinata de uno de los espacios m\u00e1s emblem\u00e1ticos del arte renacentista italiano. \u00bfQuieres verlo? \u00a1No te pierdas el v\u00eddeo!<\/p>\n","protected":false},"excerpt":{"rendered":"Multitud de estrellas internacionales se han dado cita en la Pinacoteca di Brera, en Mil\u00e1n, para rendir tributo&hellip;\n","protected":false},"author":2,"featured_media":156180,"comment_status":"","ping_status":"","sticky":false,"template":"","format":"standard","meta":{"footnotes":""},"categories":[169],"tags":[517,26872,177,253,146,147,25,24,176,175,20279,23],"class_list":{"0":"post-156179","1":"post","2":"type-post","3":"status-publish","4":"format-standard","5":"has-post-thumbnail","7":"category-cine","8":"tag-actualidad","9":"tag-alejandra-gere","10":"tag-cine","11":"tag-discover","12":"tag-entertainment","13":"tag-entretenimiento","14":"tag-es","15":"tag-espana","16":"tag-film","17":"tag-movies","18":"tag-richard-gere","19":"tag-spain"},"share_on_mastodon":{"url":"","error":""},"_links":{"self":[{"href":"https:\/\/www.europesays.com\/es\/wp-json\/wp\/v2\/posts\/156179","targetHints":{"allow":["GET"]}}],"collection":[{"href":"https:\/\/www.europesays.com\/es\/wp-json\/wp\/v2\/posts"}],"about":[{"href":"https:\/\/www.europesays.com\/es\/wp-json\/wp\/v2\/types\/post"}],"author":[{"embeddable":true,"href":"https:\/\/www.europesays.com\/es\/wp-json\/wp\/v2\/users\/2"}],"replies":[{"embeddable":true,"href":"https:\/\/www.europesays.com\/es\/wp-json\/wp\/v2\/comments?post=156179"}],"version-history":[{"count":0,"href":"https:\/\/www.europesays.com\/es\/wp-json\/wp\/v2\/posts\/156179\/revisions"}],"wp:featuredmedia":[{"embeddable":true,"href":"https:\/\/www.europesays.com\/es\/wp-json\/wp\/v2\/media\/156180"}],"wp:attachment":[{"href":"https:\/\/www.europesays.com\/es\/wp-json\/wp\/v2\/media?parent=156179"}],"wp:term":[{"taxonomy":"category","embeddable":true,"href":"https:\/\/www.europesays.com\/es\/wp-json\/wp\/v2\/categories?post=156179"},{"taxonomy":"post_tag","embeddable":true,"href":"https:\/\/www.europesays.com\/es\/wp-json\/wp\/v2\/tags?post=156179"}],"curies":[{"name":"wp","href":"https:\/\/api.w.org\/{rel}","templated":true}]}}