{"id":156194,"date":"2025-10-04T08:53:23","date_gmt":"2025-10-04T08:53:23","guid":{"rendered":"https:\/\/www.europesays.com\/es\/156194\/"},"modified":"2025-10-04T08:53:23","modified_gmt":"2025-10-04T08:53:23","slug":"los-vermus-joteros-de-zaragoza-que-arrasaran-estas-fiestas-del-pilar-2025-horarios-y-donde-son","status":"publish","type":"post","link":"https:\/\/www.europesays.com\/es\/156194\/","title":{"rendered":"Los verm\u00fas joteros de Zaragoza que arrasar\u00e1n estas Fiestas del Pilar 2025: horarios y d\u00f3nde son"},"content":{"rendered":"<p class=\"paragraph\"><b>El verm\u00fa en Arag\u00f3n no es tomar un aperitivo,<\/b> es el acto de quedar con los amigos, al sol, para disfrutar. Es celebrar con cualquier excusa y cu\u00e1l es mejor que las Fiestas del Pilar de Zaragoza, que ya han comenzado en uno de los espacios m\u00e1s de moda de la ciudad: <a href=\"https:\/\/www.heraldo.es\/noticias\/aragon\/zaragoza\/fiestas-del-pilar\/2025\/10\/03\/mejores-tardeos-zaragoza-nadie-perdera-fiestas-pilar-2025-1856827.html\" title=\"Los tardeos m\u00e1s &quot;canallas&quot; de Zaragoza que nadie querr\u00e1 perderse durante las Fiestas del Pilar 2025\" target=\"_blank\" rel=\"nofollow noopener\">las Food Trucks. Y es que, la explanada en el parque de San Pablo ya se ha consolidado como uno de los favoritos <\/a>de los zaragozanos y este a\u00f1o ofrece una combinaci\u00f3n perfecta de actividades, gastronom\u00eda, Djs y actuaciones en directo todos los d\u00edas. De hecho, su programa se extiende desde este jueves 2 de octubre hasta el pr\u00f3ximo 13 de octubre. Y, en esta edici\u00f3n hay una sorpresa que se convertir\u00e1 en la favorita de muchos:<b> los verm\u00fas joteros.\u00a0<\/b><\/p>\n<p class=\"paragraph\"><b>Esta edici\u00f3n de 2025 promete tener los mejores verm\u00fas y tardeos de todas las fiestas<\/b>. As\u00ed que para los que no quieran perderse ni uno de ellos, hay que tomar nota, porque hay m\u00e1s de una oportunidad para aprovecharlos.\u00a0<\/p>\n<p>Verm\u00fas joteros de las Fiestas del Pilar de Zaragoza<\/p>\n<ul>\n<li><b>Viernes 3 a las 13.00. <\/b>Verm\u00fa + Tardeo Valiente Club<\/li>\n<li><b>S\u00e1bado 4 a las 13.00.<\/b> Verm\u00fa con Ivan de Ramos<\/li>\n<li><b>Domingo 5 de octubre a las 13.00.<\/b> Verm\u00fa y tardeo. Act\u00faan Valiente Club, Alex Curreya, Chus Palacios, Saroline y Luis Domper.<\/li>\n<li><b>Lunes 6 a las 12 Jotas y a las 13.00 Verm\u00fa con Eleven<\/b><\/li>\n<li><b>Martes 7 de octubre a las 12.00 jotas y a las 13.00 verm\u00fa con Alex Curreya<\/b><\/li>\n<li><b>Mi\u00e9rcoles 8 de octubre a las 13.00: <\/b>Verm\u00fa + Tardeo\u00a0<b>\u00a0<\/b>con Sopelana B2B y Javi Huescar (antes jotas del grupo Follorico Zierzo)<\/li>\n<li><b>Jueves\u00a09 de octubre verm\u00fa a las 14.00<\/b> con Dj Old Barrow y 2Noise <\/li>\n<li><b>Verm\u00fa el viernes 10 a las 14.00<\/b> con Starkytch Dj Set<\/li>\n<li><b>Verm\u00fa el s\u00e1bado 11<\/b>\u00a0<b>a las 13.00 <\/b>con Amva Fest y Zoe<\/li>\n<li><b>Verm\u00fa el domingo 12\u00a0a las 13.00\u00a0<\/b>con \u00c1lvaro Sub\u00edas<\/li>\n<li><b>Verm\u00fa el lunes 13 a las 13.00<\/b> con Sweetdrinksz<\/li>\n<\/ul>\n<p class=\"paragraph\">Adem\u00e1s de estos verm\u00fas s no puedes perderte ninguno de sus conciertos en directo, totalmente gratis, y de sus tardeos. <a href=\"https:\/\/www.heraldo.es\/noticias\/aragon\/zaragoza\/fiestas-del-pilar\/2025\/09\/24\/conciertos-food-trucks-zaragoza-fiestas-pilar-2025-1764550.html\" title=\"Conciertos de Las Food Trucks Zaragoza por las Fiestas del Pilar 2025\" target=\"_blank\" rel=\"nofollow noopener\">Aqu\u00ed te dejamos toda la programaci\u00f3n.\u00a0<\/a><\/p>\n","protected":false},"excerpt":{"rendered":"El verm\u00fa en Arag\u00f3n no es tomar un aperitivo, es el acto de quedar con los amigos, al&hellip;\n","protected":false},"author":2,"featured_media":156195,"comment_status":"","ping_status":"","sticky":false,"template":"","format":"standard","meta":{"footnotes":""},"categories":[5],"tags":[46748,17,18,15880,25,24,13,14,43,11,46749,19,20,9,10,15,16,8669,23,12,21,22,491],"class_list":{"0":"post-156194","1":"post","2":"type-post","3":"status-publish","4":"format-standard","5":"has-post-thumbnail","7":"category-titulares","8":"tag-arrasaran","9":"tag-breaking-news","10":"tag-breakingnews","11":"tag-cuando","12":"tag-es","13":"tag-espana","14":"tag-featured-news","15":"tag-featurednews","16":"tag-fiestas","17":"tag-headlines","18":"tag-joteros","19":"tag-latest-news","20":"tag-latestnews","21":"tag-news","22":"tag-noticias","23":"tag-noticias-destacadas","24":"tag-noticiasdestacadas","25":"tag-pilar","26":"tag-spain","27":"tag-titulares","28":"tag-ultimas-noticias","29":"tag-ultimasnoticias","30":"tag-zaragoza"},"share_on_mastodon":{"url":"","error":""},"_links":{"self":[{"href":"https:\/\/www.europesays.com\/es\/wp-json\/wp\/v2\/posts\/156194","targetHints":{"allow":["GET"]}}],"collection":[{"href":"https:\/\/www.europesays.com\/es\/wp-json\/wp\/v2\/posts"}],"about":[{"href":"https:\/\/www.europesays.com\/es\/wp-json\/wp\/v2\/types\/post"}],"author":[{"embeddable":true,"href":"https:\/\/www.europesays.com\/es\/wp-json\/wp\/v2\/users\/2"}],"replies":[{"embeddable":true,"href":"https:\/\/www.europesays.com\/es\/wp-json\/wp\/v2\/comments?post=156194"}],"version-history":[{"count":0,"href":"https:\/\/www.europesays.com\/es\/wp-json\/wp\/v2\/posts\/156194\/revisions"}],"wp:featuredmedia":[{"embeddable":true,"href":"https:\/\/www.europesays.com\/es\/wp-json\/wp\/v2\/media\/156195"}],"wp:attachment":[{"href":"https:\/\/www.europesays.com\/es\/wp-json\/wp\/v2\/media?parent=156194"}],"wp:term":[{"taxonomy":"category","embeddable":true,"href":"https:\/\/www.europesays.com\/es\/wp-json\/wp\/v2\/categories?post=156194"},{"taxonomy":"post_tag","embeddable":true,"href":"https:\/\/www.europesays.com\/es\/wp-json\/wp\/v2\/tags?post=156194"}],"curies":[{"name":"wp","href":"https:\/\/api.w.org\/{rel}","templated":true}]}}