{"id":156207,"date":"2025-10-04T09:09:09","date_gmt":"2025-10-04T09:09:09","guid":{"rendered":"https:\/\/www.europesays.com\/es\/156207\/"},"modified":"2025-10-04T09:09:09","modified_gmt":"2025-10-04T09:09:09","slug":"etica-entre-emociones-futbol-deportes","status":"publish","type":"post","link":"https:\/\/www.europesays.com\/es\/156207\/","title":{"rendered":"\u00c9tica entre emociones | F\u00fatbol | Deportes"},"content":{"rendered":"<p class=\"\">Pol\u00e9micas, conflictos, declaraciones inoportunas, continua exhibici\u00f3n de disvalores. Es que el f\u00fatbol no premia al m\u00e1s honesto sino al m\u00e1s efectivo. Imposible, entonces, entenderlo como una br\u00fajula moral. Para acotar el territorio decimos que \u201clo que ocurre en el campo se queda en el campo\u201d, frase que pretende investir al f\u00fatbol de cierta decencia. Pero es un gui\u00f1o cuasi mafioso: \u00bfpor qu\u00e9 el campo debe permitir lo que la sociedad no?<\/p>\n<p class=\"\">Estamos dispuestos a torcer el vocabulario para no estropear la apariencia de nobleza. La malicia se convierte en viveza, la astucia suplanta a la inteligencia y las peque\u00f1as trampas no son m\u00e1s que una de esas \u201ccosas del f\u00fatbol\u201d que hemos normalizado. <\/p>\n<p class=\"\">Pienso en ello leyendo El deporte en la literatura, del magistrado Enrique Arnaldo. Libro que hace un repaso minucioso del protagonismo que ha tenido el deporte en cientos de escritores desde todas las perspectivas posibles. Uno de los cap\u00edtulos habla de \u201cLos valores del deporte\u201d y encuentro citas del mundo de la esgrima, el atletismo, el rugby\u2026 Pero en ese cap\u00edtulo el f\u00fatbol parece no existir, como si la \u00e9tica le resultara ajena. No creo que nadie se sienta sorprendido.<\/p>\n<p class=\"\">El f\u00fatbol est\u00e1 examinado por decenas de c\u00e1maras que lo denuncian todo. Pero hay reflejos paulovianos que siguen presentes. Me incomodan los jugadores que quieren sacar una falta medio metro m\u00e1s ac\u00e1 o m\u00e1s all\u00e1 de lo indicado. Me molestan los jugadores que se tiran al suelo y gritan como si los hubieran degollado por un codazo o un pisot\u00f3n casual. Me indignan los balones que caen al campo para perder tiempo. En todo hay una deslealtad hacia el juego y el rival que entendemos como parte del oficio. Detr\u00e1s hay una moralidad b\u00e1sica que vamos abandonando.<\/p>\n<p class=\"\">No es el mundo ideal el que refleja el f\u00fatbol, sino que simula y exagera el real, al que tampoco le sobra honestidad. Por esa raz\u00f3n, un gesto noble dentro de un estadio se vuelve extraordinario. Porque ocurre a contracorriente dentro de un ecosistema donde el deseo de ganar en medio de fuertes emociones derriba las buenas costumbres y hasta consagra las malas. <\/p>\n<p class=\"\">Para muchos, la mezcla de malicia y picard\u00eda es sabidur\u00eda popular aplicada al f\u00fatbol. <a href=\"https:\/\/elpais.com\/deportes\/2020-11-25\/video-la-mano-de-dios-y-el-gol-del-siglo-de-maradona-en-mexico-86.html\" target=\"_self\" rel=\"nofollow noopener\" title=\"https:\/\/elpais.com\/deportes\/2020-11-25\/video-la-mano-de-dios-y-el-gol-del-siglo-de-maradona-en-mexico-86.html\">\u201cLa mano de dios\u201d<\/a> es parte inolvidable de la historia del f\u00fatbol. En aquel gol de Diego ante los ingleses se traicion\u00f3 la norma de forma escandalosa visto el episodio desde la \u00e9tica m\u00e1s elemental. Lo digo cuarenta a\u00f1os despu\u00e9s, pero en su momento me pareci\u00f3 una buena idea abrazar a Diego para fortalecer el enga\u00f1o. Ante todos ustedes, un c\u00f3mplice necesario. <\/p>\n<p class=\"\">La identidad pesa mucho. Somos seres sociales que viven en comunidad y se construyen en ella. La identidad se moldea por el reconocimiento de los otros. Sin ese espejo colectivo no sabr\u00edamos qui\u00e9nes somos. La pertenencia es un ancla, una necesidad de validaci\u00f3n que garantiza la inclusi\u00f3n al grupo, d\u00e1ndonos seguridad y confianza. La \u00e9tica se construye en esa tensi\u00f3n, la de ser uno sin dejar de ser parte de todos. Por esa raz\u00f3n, <a href=\"https:\/\/elpais.com\/deportes\/futbol\/2025-08-15\/la-nueva-cupula-arbitral-quiere-un-var-menos-intervencionista.html\" target=\"_self\" rel=\"nofollow noopener\" title=\"https:\/\/elpais.com\/deportes\/futbol\/2025-08-15\/la-nueva-cupula-arbitral-quiere-un-var-menos-intervencionista.html\">un penalti que para los de un equipo es injusto para el otro es indiscutible<\/a>. Lo vemos en cada partido. <\/p>\n<p class=\"\">\u00bfC\u00f3mo se arregla la cuesti\u00f3n moral en un medio donde la astucia es considerada un valor y la honestidad una ingenuidad? No lo s\u00e9. No paro de escuchar a hinchas de todos los equipos decir, muy sueltos de cuerpo y delante de sus hijos, \u201cojal\u00e1 ganemos en el \u00faltimo minuto con un penalti injusto\u201d. Para prolongar, seguramente, la injusticia como modo de vida. A la \u00e9tica, en definitiva, no hay que recomendarle la emoci\u00f3n. Ni siquiera jugando.<\/p>\n","protected":false},"excerpt":{"rendered":"Pol\u00e9micas, conflictos, declaraciones inoportunas, continua exhibici\u00f3n de disvalores. Es que el f\u00fatbol no premia al m\u00e1s honesto sino&hellip;\n","protected":false},"author":2,"featured_media":156208,"comment_status":"","ping_status":"","sticky":false,"template":"","format":"standard","meta":{"footnotes":""},"categories":[93],"tags":[17453,12572,1540,168,1539,25,24,282,1538,46750,23,167],"class_list":{"0":"post-156207","1":"post","2":"type-post","3":"status-publish","4":"format-standard","5":"has-post-thumbnail","7":"category-deportes","8":"tag-arbitraje-deportivo","9":"tag-arbitros","10":"tag-competiciones","11":"tag-deportes","12":"tag-entrenadores","13":"tag-es","14":"tag-espana","15":"tag-futbol","16":"tag-futbolistas","17":"tag-maradona","18":"tag-spain","19":"tag-sports"},"share_on_mastodon":{"url":"","error":""},"_links":{"self":[{"href":"https:\/\/www.europesays.com\/es\/wp-json\/wp\/v2\/posts\/156207","targetHints":{"allow":["GET"]}}],"collection":[{"href":"https:\/\/www.europesays.com\/es\/wp-json\/wp\/v2\/posts"}],"about":[{"href":"https:\/\/www.europesays.com\/es\/wp-json\/wp\/v2\/types\/post"}],"author":[{"embeddable":true,"href":"https:\/\/www.europesays.com\/es\/wp-json\/wp\/v2\/users\/2"}],"replies":[{"embeddable":true,"href":"https:\/\/www.europesays.com\/es\/wp-json\/wp\/v2\/comments?post=156207"}],"version-history":[{"count":0,"href":"https:\/\/www.europesays.com\/es\/wp-json\/wp\/v2\/posts\/156207\/revisions"}],"wp:featuredmedia":[{"embeddable":true,"href":"https:\/\/www.europesays.com\/es\/wp-json\/wp\/v2\/media\/156208"}],"wp:attachment":[{"href":"https:\/\/www.europesays.com\/es\/wp-json\/wp\/v2\/media?parent=156207"}],"wp:term":[{"taxonomy":"category","embeddable":true,"href":"https:\/\/www.europesays.com\/es\/wp-json\/wp\/v2\/categories?post=156207"},{"taxonomy":"post_tag","embeddable":true,"href":"https:\/\/www.europesays.com\/es\/wp-json\/wp\/v2\/tags?post=156207"}],"curies":[{"name":"wp","href":"https:\/\/api.w.org\/{rel}","templated":true}]}}