{"id":156211,"date":"2025-10-04T09:11:08","date_gmt":"2025-10-04T09:11:08","guid":{"rendered":"https:\/\/www.europesays.com\/es\/156211\/"},"modified":"2025-10-04T09:11:08","modified_gmt":"2025-10-04T09:11:08","slug":"la-voz-15-toma-impulso-y-marca-distancias-con-de-viernes-10-8-que-firma-su-peor-dato-de-la-temporada","status":"publish","type":"post","link":"https:\/\/www.europesays.com\/es\/156211\/","title":{"rendered":"&#8216;La Voz&#8217; (15%) toma impulso y marca distancias con &#8216;De Viernes&#8217; (10.8%), que firma su peor dato de la temporada"},"content":{"rendered":"<p class=\"article-text\">\n        <strong>La Voz<\/strong> lider\u00f3 la noche de este viernes 3 de octubre con 1.227.000 espectadores (su mejor dato de la temporada) y un 15% de cuota de pantalla (su segunda cifra m\u00e1s alta). Buenas noticias, por lo tanto, para el exitoso talent show de Antena 3, que la semana pasada sufri\u00f3 una importante bajada <a href=\"https:\/\/www.eldiario.es\/vertele\/audiencias-tv\/viernes-26-septiembre-2025-la-voz-pierde-audiencia-lider-deviernes-telecinco_1_12637161.html\" target=\"_blank\" data-mrf-recirculation=\"links-noticia\" class=\"link\" rel=\"nofollow noopener\">(cay\u00f3 al 13.2%)<\/a> y qued\u00f3 a escasa distancia de<strong> De Viernes<\/strong> (12.1%), su principal rival.\n    <\/p>\n<p>    <a href=\"https:\/\/www.eldiario.es\/vertele\/series\/la-promesa-rtve-salud-petra-enfermedad-servicio-teme-peor-capitulo-viernes-3-octubre_1_12656156.html\" data-mrf-recirculation=\"saber-mas\" data-dl-event=\"saber-mas\" rel=\"nofollow noopener\" target=\"_blank\"><\/p>\n<p class=\"know-more__title\">La salud de Petra se agrava en &#8216;La Promesa&#8217; y el servicio teme lo peor: \u00abIgual se ha ido al corral de los quietos\u00bb<\/p>\n<p>            <img decoding=\"async\" class=\"lazy\" loading=\"lazy\" data-src=\"https:\/\/static.eldiario.es\/clip\/588c3fc8-6b23-48e9-a7a6-e1d57368d9b0_16-9-aspect-ratio_default_0.jpg\" src=\"data:image\/svg+xml,%3Csvg xmlns=\" http:=\"\" viewbox=\"0 0 880 495\" alt=\"La salud de Petra se agrava en 'La Promesa' y el servicio teme lo peor: &quot;Igual se ha ido al corral de los quietos&quot;\"\/><\/p>\n<p>                        <\/a><\/p>\n<p class=\"article-text\">\n        La situaci\u00f3n de cada uno de ellos ha cambiado dr\u00e1sticamente en muy pocos d\u00edas. Mientras que <strong>La Voz<\/strong> ha dado un paso al frente, <strong>De Viernes<\/strong> anota su peor marca de la temporada. El programa de Telecinco, que anoche dio voz, entre otros, a <strong>Carlo Costanzia<\/strong> y <strong>Sonia Moldes<\/strong>, tuvo 783.000 espectadores y un 10.8% de share. Es su peor dato de audiencia desde que comenzara la temporada a principios de septiembre. Veremos hacia d\u00f3nde evolucionan en las pr\u00f3ximas semanas.\n    <\/p>\n<p class=\"article-text\">\n        Apenas hubo cambios entre las otras ofertas del prime time. La pel\u00edcula de La 1 <strong>One Ranger<\/strong> consigui\u00f3 un 8.1% de share (el mismo dato que la cinta de la semana pasada) y <strong>El Blockbuster <\/strong>de Cuatro cay\u00f3 al 6.5% con <strong>Parker <\/strong>(-1.4 puntos). Por otro lado, <strong>laSexta Columna<\/strong> (6.5%) y <strong>Equipo de investigaci\u00f3n<\/strong> (6.9%) mejoran sus posiciones hasta conseguir m\u00e1ximo de temporada: el primero gana siete d\u00e9cimas y el segundo, 1.6 puntos. Buen dato tambi\u00e9n para <strong>Cifras y letras<\/strong>, que ayer alcanz\u00f3 el 6.4% de share en el access prime time de La 2.\n    <\/p>\n<p class=\"article-text\">\n        En la franja matinal, <strong>La hora de La 1<\/strong> (21.4%) y <strong>Ma\u00f1aneros 360<\/strong> (16.3%) siguen siendo l\u00edderes de audiencia, y en la sobremesa es <strong>Sue\u00f1os de libertad<\/strong> quien m\u00e1s destaca. La telenovela de Antena 3 hizo ayer un 14.7% para cerrar la mejor semana de su historia.\n    <\/p>\n<ul>\n<li><strong>PROGRAMAS CON MEJOR CUOTA DEL VIERNES (POR CADENAS)<\/strong><\/li>\n<\/ul>\n<tr>\n<td colspan=\"2\" class=\"                                                \">\n                    <strong>                    Antena 3:<br \/>\n                    <\/strong>                <\/td>\n<td class=\"                                                \">\n                                        La ruleta de la suerte\n                                    <\/td>\n<td class=\"new_share__tbl--5                                                \">\n                                        22.7%\n                                    <\/td>\n<\/tr>\n<tr>\n<td colspan=\"2\" class=\"                                                \">\n                    <strong>                    La 1:<br \/>\n                    <\/strong>                <\/td>\n<td class=\"                                                \">\n                                        Ma\u00f1aneros 360\n                                    <\/td>\n<td class=\"new_share__tbl--5                                                \">\n                                        16.3%\n                                    <\/td>\n<\/tr>\n<tr>\n<td colspan=\"2\" class=\"                                                \">\n                    <strong>                    laSexta:<br \/>\n                    <\/strong>                <\/td>\n<td class=\"                                                \">\n                                        Aruser@s\n                                    <\/td>\n<td class=\"new_share__tbl--5                                                \">\n                                        13.5%\n                                    <\/td>\n<\/tr>\n<tr>\n<td colspan=\"2\" class=\"                                                \">\n                    <strong>                    Telecinco:<br \/>\n                    <\/strong>                <\/td>\n<td class=\"                                                \">\n                                        El programa de ar\n                                    <\/td>\n<td class=\"new_share__tbl--5                                                \">\n                                        13%\n                                    <\/td>\n<\/tr>\n<tr>\n<td colspan=\"2\" class=\"                                                \">\n                    <strong>                    Cuatro:<br \/>\n                    <\/strong>                <\/td>\n<td class=\"                                                \">\n                                        Todo es mentira\n                                    <\/td>\n<td class=\"new_share__tbl--5                                                \">\n                                        6.8%\n                                    <\/td>\n<\/tr>\n<tr>\n<td colspan=\"2\" class=\"                                                \">\n                    <strong>                    La 2:<br \/>\n                    <\/strong>                <\/td>\n<td class=\"                                                \">\n                                        Malas lenguas\n                                    <\/td>\n<td class=\"new_share__tbl--5                                                \">\n                                        6.4%\n                                    <\/td>\n<\/tr>\n<tr>\n<td colspan=\"2\" class=\"                                                \">\n                    <strong>                    Informativo con mejor share:<br \/>\n                    <\/strong>                <\/td>\n<td class=\"                                                \">\n                                        Antena 3 Noticias 1\n                                    <\/td>\n<td class=\"new_share__tbl--5                                                \">\n                                        24.3%\n                                    <\/td>\n<\/tr>\n<p class=\"article-text\">\n        *Programas emitidos entre las 09:00 y las 01:00 horas\n    <\/p>\n<p class=\"article-text\">\n        \u201cPasapalabra\u201d (Antena 3), a las 21:03 con 2.514.630 espectadores y un 27.9% de share\n    <\/p>\n<p>    D\u00eda<\/p>\n<tr>\n<td class=\"                                                \">\n                                        Antena 3\n                                    <\/td>\n<td class=\"new_share__tbl--5                                                \">\n                                        14.4%\n                                    <\/td>\n<\/tr>\n<tr>\n<td class=\"                                                \">\n                                        La 1\n                                    <\/td>\n<td class=\"new_share__tbl--5                                                \">\n                                        11.3%\n                                    <\/td>\n<\/tr>\n<tr>\n<td class=\"                                                \">\n                                        Tem\u00e1ticas de pago\n                                    <\/td>\n<td class=\"new_share__tbl--5                                                \">\n                                        9.5%\n                                    <\/td>\n<\/tr>\n<tr>\n<td class=\"                                                \">\n                                        Telecinco\n                                    <\/td>\n<td class=\"new_share__tbl--5                                                \">\n                                        9.4%\n                                    <\/td>\n<\/tr>\n<tr>\n<td class=\"                                                \">\n                                        Auton\u00f3micas (FORTA)\n                                    <\/td>\n<td class=\"new_share__tbl--5                                                \">\n                                        8.7%\n                                    <\/td>\n<\/tr>\n<tr>\n<td class=\"                                                \">\n                                        laSexta\n                                    <\/td>\n<td class=\"new_share__tbl--5                                                \">\n                                        6.4%\n                                    <\/td>\n<\/tr>\n<tr>\n<td class=\"                                                \">\n                                        Cuatro\n                                    <\/td>\n<td class=\"new_share__tbl--5                                                \">\n                                        5.6%\n                                    <\/td>\n<\/tr>\n<tr>\n<td class=\"                                                \">\n                                        La 2\n                                    <\/td>\n<td class=\"new_share__tbl--5                                                \">\n                                        3.4%\n                                    <\/td>\n<\/tr>\n<tr>\n<td class=\"                                                \">\n                                        Auton\u00f3micas privadas\n                                    <\/td>\n<td class=\"new_share__tbl--5                                                \">\n                                        0.3%\n                                    <\/td>\n<\/tr>\n<p>    Mes<\/p>\n<tr>\n<td class=\"                                                \">\n                                        Antena 3\n                                    <\/td>\n<td class=\"new_share__tbl--5                                                \">\n                                        14.4%\n                                    <\/td>\n<\/tr>\n<tr>\n<td class=\"                                                \">\n                                        La 1\n                                    <\/td>\n<td class=\"new_share__tbl--5                                                \">\n                                        12%\n                                    <\/td>\n<\/tr>\n<tr>\n<td class=\"                                                \">\n                                        Tem\u00e1ticas de pago\n                                    <\/td>\n<td class=\"new_share__tbl--5                                                \">\n                                        9.8%\n                                    <\/td>\n<\/tr>\n<tr>\n<td class=\"                                                \">\n                                        Telecinco\n                                    <\/td>\n<td class=\"new_share__tbl--5                                                \">\n                                        9.4%\n                                    <\/td>\n<\/tr>\n<tr>\n<td class=\"                                                \">\n                                        Auton\u00f3micas (FORTA)\n                                    <\/td>\n<td class=\"new_share__tbl--5                                                \">\n                                        8.5%\n                                    <\/td>\n<\/tr>\n<tr>\n<td class=\"                                                \">\n                                        laSexta\n                                    <\/td>\n<td class=\"new_share__tbl--5                                                \">\n                                        6.5%\n                                    <\/td>\n<\/tr>\n<tr>\n<td class=\"                                                \">\n                                        Cuatro\n                                    <\/td>\n<td class=\"new_share__tbl--5                                                \">\n                                        5.6%\n                                    <\/td>\n<\/tr>\n<tr>\n<td class=\"                                                \">\n                                        La 2\n                                    <\/td>\n<td class=\"new_share__tbl--5                                                \">\n                                        3.3%\n                                    <\/td>\n<\/tr>\n<tr>\n<td class=\"                                                \">\n                                        Auton\u00f3micas privadas\n                                    <\/td>\n<td class=\"new_share__tbl--5                                                \">\n                                        0.3%\n                                    <\/td>\n<\/tr>\n<p class=\"article-text\">\n        <strong>SOBREMESA<\/strong>\n    <\/p>\n<tr>\n<td class=\"                                                \">\n                                        Antena 3 Noticias 1\n                                    <\/td>\n<td class=\"new_share__tbl--5                                                \">\n                                        24.3%\n                                    <\/td>\n<td class=\"                        new_share__tbl--10                        \">\n                                        2.127.000\n                                    <\/td>\n<\/tr>\n<tr>\n<td class=\"                                                \">\n                                        Telediario 1\n                                    <\/td>\n<td class=\"new_share__tbl--5                                                \">\n                                        14.2%\n                                    <\/td>\n<td class=\"                        new_share__tbl--10                        \">\n                                        1.246.000\n                                    <\/td>\n<\/tr>\n<tr>\n<td class=\"                                                \">\n                                        Informativos Telecinco 15h\n                                    <\/td>\n<td class=\"new_share__tbl--5                                                \">\n                                        9.7%\n                                    <\/td>\n<td class=\"                        new_share__tbl--10                        \">\n                                        847.000\n                                    <\/td>\n<\/tr>\n<tr>\n<td class=\"                                                \">\n                                        laSexta Noticias 14h\n                                    <\/td>\n<td class=\"new_share__tbl--5                                                \">\n                                        8.4%\n                                    <\/td>\n<td class=\"                        new_share__tbl--10                        \">\n                                        627.000\n                                    <\/td>\n<\/tr>\n<tr>\n<td class=\"                                                \">\n                                        Jugones\n                                    <\/td>\n<td class=\"new_share__tbl--5                                                \">\n                                        5.7%\n                                    <\/td>\n<td class=\"                        new_share__tbl--10                        \">\n                                        504.000\n                                    <\/td>\n<\/tr>\n<p class=\"article-text\">\n        <strong>PRIME TIME<\/strong>\n    <\/p>\n<tr>\n<td class=\"                                                \">\n                                        Antena 3 Noticias 2\n                                    <\/td>\n<td class=\"new_share__tbl--5                                                \">\n                                        19%\n                                    <\/td>\n<td class=\"                        new_share__tbl--10                        \">\n                                        1.770.000\n                                    <\/td>\n<\/tr>\n<tr>\n<td class=\"                                                \">\n                                        Telediario 2\n                                    <\/td>\n<td class=\"new_share__tbl--5                                                \">\n                                        12%\n                                    <\/td>\n<td class=\"                        new_share__tbl--10                        \">\n                                        1.127.000\n                                    <\/td>\n<\/tr>\n<tr>\n<td class=\"                                                \">\n                                        Informativos Telecinco 21h\n                                    <\/td>\n<td class=\"new_share__tbl--5                                                \">\n                                        8.3%\n                                    <\/td>\n<td class=\"                        new_share__tbl--10                        \">\n                                        790.000\n                                    <\/td>\n<\/tr>\n<tr>\n<td class=\"                                                \">\n                                        laSexta Noticias 20h\n                                    <\/td>\n<td class=\"new_share__tbl--5                                                \">\n                                        7.2%\n                                    <\/td>\n<td class=\"                        new_share__tbl--10                        \">\n                                        527.000\n                                    <\/td>\n<\/tr>\n<tr>\n<td class=\"                                                \">\n                                        Noticias Cuatro 2\n                                    <\/td>\n<td class=\"new_share__tbl--5                                                \">\n                                        4.8%\n                                    <\/td>\n<td class=\"                        new_share__tbl--10                        \">\n                                        352.000\n                                    <\/td>\n<\/tr>\n<p class=\"article-text\">\n        <strong>FRANJA MATINAL<\/strong>\n    <\/p>\n<tr>\n<td class=\"                                                \">\n                                        Telediario matinal\n                                    <\/td>\n<td class=\"new_share__tbl--5                                                \">\n                                        16.2%\n                                    <\/td>\n<td class=\"                        new_share__tbl--10                        \">\n                                        137.000\n                                    <\/td>\n<\/tr>\n<tr>\n<td class=\"                                                \">\n                                        Antena 3 Noticias de la ma\u00f1ana\n                                    <\/td>\n<td class=\"new_share__tbl--5                                                \">\n                                        14.5%\n                                    <\/td>\n<td class=\"                        new_share__tbl--10                        \">\n                                        174.000\n                                    <\/td>\n<\/tr>\n<tr>\n<td class=\"                                                \">\n                                        El Matinal (Telecinco)\n                                    <\/td>\n<td class=\"new_share__tbl--5                                                \">\n                                        12%\n                                    <\/td>\n<td class=\"                        new_share__tbl--10                        \">\n                                        161.000\n                                    <\/td>\n<\/tr>\n<p>    <a href=\"https:\/\/www.eldiario.es\/vertele\/videos\/entrevistas\/luis-zahera-animal-netflix-serie-desestigmatizar-tierra-ficcion-llama-incida-narco-galicia_8_12651453.html\" data-mrf-recirculation=\"saber-mas-abajo\" data-dl-event=\"saber-mas-abajo\" rel=\"nofollow noopener\" target=\"_blank\"><\/p>\n<p class=\"know-more__title\">Luis Zahera, el &#8216;Animal&#8217; de Netflix para desestigmatizar su tierra en la ficci\u00f3n: \u201cLlama que se incida en el narco en Galicia\u201d<\/p>\n<p>            <img decoding=\"async\" class=\"lazy\" loading=\"lazy\" data-src=\"https:\/\/static.eldiario.es\/clip\/a787f337-303c-474c-ab76-576c37ef1dbb_16-9-aspect-ratio_default_0.jpg\" src=\"data:image\/svg+xml,%3Csvg xmlns=\" http:=\"\" viewbox=\"0 0 880 495\" alt=\"Luis Zahera, el 'Animal' de Netflix para desestigmatizar su tierra en la ficci\u00f3n: &quot;Llama que se incida en el narco en Galicia&quot;\"\/><\/p>\n<p>                        <\/a><\/p>\n<p class=\"article-text\">\n        Todos los datos de audiencia de este informe son CON invitados y CON segundas residencias, el est\u00e1ndar del sector acordado por las cadenas con Kantar Media y aceptado por los anunciantes. Kantar Media, como fabricante de la base de datos que contiene los \u00edndices de audiencia, es la propietaria exclusiva de la informaci\u00f3n suministrada a Vertele. Cualquier utilizaci\u00f3n o reutilizaci\u00f3n de los datos y el uso indebido de los productos Kantar Media S.A. dar\u00e1 lugar a las correspondientes responsabilidades legales.\n    <\/p>\n","protected":false},"excerpt":{"rendered":"La Voz lider\u00f3 la noche de este viernes 3 de octubre con 1.227.000 espectadores (su mejor dato de&hellip;\n","protected":false},"author":2,"featured_media":156212,"comment_status":"","ping_status":"","sticky":false,"template":"","format":"standard","meta":{"footnotes":""},"categories":[91],"tags":[46751,41164,146,147,25,24,46752,23,381],"class_list":{"0":"post-156211","1":"post","2":"type-post","3":"status-publish","4":"format-standard","5":"has-post-thumbnail","7":"category-entretenimiento","8":"tag-3-octubre-2025","9":"tag-deviernes-telecinco","10":"tag-entertainment","11":"tag-entretenimiento","12":"tag-es","13":"tag-espana","14":"tag-la-voz-gana-audiencia-antena3","15":"tag-spain","16":"tag-viernes"},"share_on_mastodon":{"url":"","error":""},"_links":{"self":[{"href":"https:\/\/www.europesays.com\/es\/wp-json\/wp\/v2\/posts\/156211","targetHints":{"allow":["GET"]}}],"collection":[{"href":"https:\/\/www.europesays.com\/es\/wp-json\/wp\/v2\/posts"}],"about":[{"href":"https:\/\/www.europesays.com\/es\/wp-json\/wp\/v2\/types\/post"}],"author":[{"embeddable":true,"href":"https:\/\/www.europesays.com\/es\/wp-json\/wp\/v2\/users\/2"}],"replies":[{"embeddable":true,"href":"https:\/\/www.europesays.com\/es\/wp-json\/wp\/v2\/comments?post=156211"}],"version-history":[{"count":0,"href":"https:\/\/www.europesays.com\/es\/wp-json\/wp\/v2\/posts\/156211\/revisions"}],"wp:featuredmedia":[{"embeddable":true,"href":"https:\/\/www.europesays.com\/es\/wp-json\/wp\/v2\/media\/156212"}],"wp:attachment":[{"href":"https:\/\/www.europesays.com\/es\/wp-json\/wp\/v2\/media?parent=156211"}],"wp:term":[{"taxonomy":"category","embeddable":true,"href":"https:\/\/www.europesays.com\/es\/wp-json\/wp\/v2\/categories?post=156211"},{"taxonomy":"post_tag","embeddable":true,"href":"https:\/\/www.europesays.com\/es\/wp-json\/wp\/v2\/tags?post=156211"}],"curies":[{"name":"wp","href":"https:\/\/api.w.org\/{rel}","templated":true}]}}