{"id":156217,"date":"2025-10-04T09:14:07","date_gmt":"2025-10-04T09:14:07","guid":{"rendered":"https:\/\/www.europesays.com\/es\/156217\/"},"modified":"2025-10-04T09:14:07","modified_gmt":"2025-10-04T09:14:07","slug":"leon-xiv-firma-la-exhortacion-apostolica-dilexi-te-se-publicara-el-9-de-octubre","status":"publish","type":"post","link":"https:\/\/www.europesays.com\/es\/156217\/","title":{"rendered":"Le\u00f3n XIV firma la exhortaci\u00f3n apost\u00f3lica \u00abDilexi te\u00bb. Se publicar\u00e1 el 9 de octubre"},"content":{"rendered":"<p>El d\u00eda en que la Iglesia conmemora a San Francisco de As\u00eds, el Papa firm\u00f3 el documento titulado \u00abTe he amado\u00bb, que se presentar\u00e1 en la Sala de Prensa de la Santa Sede el 9 de octubre a las 11.30 horas.<\/p>\n<p>Esta ma\u00f1ana, 4 de octubre, d\u00eda en que la Iglesia conmemora a San Francisco de As\u00eds, a las 8:30, en la Biblioteca privada del Palacio Apost\u00f3lico, el Papa Le\u00f3n XIV ha firmado su primera Exhortaci\u00f3n Apost\u00f3lica, titulada Dilexi te, \u00abTe he amado\u00bb, en presencia del arzobispo Edgar Pe\u00f1a Parra, sustituto para los Asuntos Generales de la Secretar\u00eda de Estado. El documento se presentar\u00e1 el pr\u00f3ximo 9 de octubre de 2025, a las 11.30 horas, en la Sala de Prensa de la Santa Sede.<\/p>\n<p>\u00a0<\/p>\n","protected":false},"excerpt":{"rendered":"El d\u00eda en que la Iglesia conmemora a San Francisco de As\u00eds, el Papa firm\u00f3 el documento titulado&hellip;\n","protected":false},"author":2,"featured_media":156218,"comment_status":"","ping_status":"","sticky":false,"template":"","format":"standard","meta":{"footnotes":""},"categories":[42],"tags":[17,18,46754,13,14,11,61,62,63,64,19,20,9,10,15,16,36202,400,12,21,22,65,66,67],"class_list":{"0":"post-156217","1":"post","2":"type-post","3":"status-publish","4":"format-standard","5":"has-post-thumbnail","7":"category-internacional","8":"tag-breaking-news","9":"tag-breakingnews","10":"tag-exhortacion-apostolica","11":"tag-featured-news","12":"tag-featurednews","13":"tag-headlines","14":"tag-internacional","15":"tag-international","16":"tag-international-news","17":"tag-internationalnews","18":"tag-latest-news","19":"tag-latestnews","20":"tag-news","21":"tag-noticias","22":"tag-noticias-destacadas","23":"tag-noticiasdestacadas","24":"tag-oficina-de-prensa","25":"tag-papa-leon-xiv","26":"tag-titulares","27":"tag-ultimas-noticias","28":"tag-ultimasnoticias","29":"tag-world","30":"tag-world-news","31":"tag-worldnews"},"share_on_mastodon":{"url":"","error":""},"_links":{"self":[{"href":"https:\/\/www.europesays.com\/es\/wp-json\/wp\/v2\/posts\/156217","targetHints":{"allow":["GET"]}}],"collection":[{"href":"https:\/\/www.europesays.com\/es\/wp-json\/wp\/v2\/posts"}],"about":[{"href":"https:\/\/www.europesays.com\/es\/wp-json\/wp\/v2\/types\/post"}],"author":[{"embeddable":true,"href":"https:\/\/www.europesays.com\/es\/wp-json\/wp\/v2\/users\/2"}],"replies":[{"embeddable":true,"href":"https:\/\/www.europesays.com\/es\/wp-json\/wp\/v2\/comments?post=156217"}],"version-history":[{"count":0,"href":"https:\/\/www.europesays.com\/es\/wp-json\/wp\/v2\/posts\/156217\/revisions"}],"wp:featuredmedia":[{"embeddable":true,"href":"https:\/\/www.europesays.com\/es\/wp-json\/wp\/v2\/media\/156218"}],"wp:attachment":[{"href":"https:\/\/www.europesays.com\/es\/wp-json\/wp\/v2\/media?parent=156217"}],"wp:term":[{"taxonomy":"category","embeddable":true,"href":"https:\/\/www.europesays.com\/es\/wp-json\/wp\/v2\/categories?post=156217"},{"taxonomy":"post_tag","embeddable":true,"href":"https:\/\/www.europesays.com\/es\/wp-json\/wp\/v2\/tags?post=156217"}],"curies":[{"name":"wp","href":"https:\/\/api.w.org\/{rel}","templated":true}]}}