{"id":156228,"date":"2025-10-04T09:26:14","date_gmt":"2025-10-04T09:26:14","guid":{"rendered":"https:\/\/www.europesays.com\/es\/156228\/"},"modified":"2025-10-04T09:26:14","modified_gmt":"2025-10-04T09:26:14","slug":"sofia-castro-lanza-energico-mensaje-a-la-prensa-tras-sufrir-una-caida-fue-una-falta-de-respeto","status":"publish","type":"post","link":"https:\/\/www.europesays.com\/es\/156228\/","title":{"rendered":"Sof\u00eda Castro lanza en\u00e9rgico mensaje a la prensa tras sufrir una ca\u00edda: \u2018Fue una falta de respeto\u2019"},"content":{"rendered":"<p id=\"epZtM5ozqG\" data-wc=\"102\"><strong>Sof\u00eda Castro<\/strong> ha sido contundente al expresar su indignaci\u00f3n tras lo ocurrido en d\u00edas pasados, cuando al llegar al aeropuerto de la Ciudad de M\u00e9xico <a class=\"hm-link ho-link\" href=\"https:\/\/www.hola.com\/us-es\/celebrities\/20250926858048\/angelica-rivera-sofia-castro-premios-juventud-2025-looks-negro\/\" data-mrf-recirculation=\"article-body-link\" rel=\"nofollow noopener\" target=\"_blank\">procedente de Panam\u00e1 junto a su madre,\u00a0Ang\u00e9lica Rivera<\/a>, ambas enfrentaron a una multitud de reporteros. Sin embargo, la situaci\u00f3n sali\u00f3 de control durante el encuentro, pues la joven actriz sufri\u00f3 una ca\u00edda debido a la aglomeraci\u00f3n que gener\u00f3 la prensa, deseosa por obtener alguna declaraci\u00f3n. En su comunicado, Sof\u00eda exigi\u00f3 respeto y pidi\u00f3 a los medios de comunicaci\u00f3n ser m\u00e1s conscientes con su manera de proceder, pue asegura que existen l\u00edmites que no deben ser sobrepasados.<\/p>\n<p> <img src=\"https:\/\/www.europesays.com\/es\/wp-content\/uploads\/2025\/10\/0619b82e1d22-sofiacastrodivorcio2.jpg\"   width=\"1024\" height=\"1024\" loading=\"lazy\" decoding=\"async\" alt=\"Sof\u00eda Castro\" fetchpriority=\"auto\" class=\"image ho-image\"\/>\u00a9 @sofia_96castroSof\u00eda Castro<br \/>\n\u2018Lo ocurrido fue una falta de respeto\u2019<\/p>\n<p id=\"eEJDxSD65Qw\" data-wc=\"88\">\u00a0A trav\u00e9s de sus redes sociales, Sof\u00eda \u00a0rompi\u00f3 el silencio tras la difusi\u00f3n de las im\u00e1genes en las que se le ve a ella y a su madre enfrentar una nube de reporteros. Aunque ambas trataron de responder el desorden fue tal que la joven cay\u00f3 de manera inesperada. \u201cHola a todos. Como algunos saben, el viernes pasado viv\u00ed un momento inc\u00f3modo en el aeropuerto junto a mi mam\u00e1. Entre los empujones de la prensa, termin\u00e9 en el suelo. Fue una experiencia abrumadora\u201d, dijo en las primeras l\u00edneas.<\/p>\n<p> <img src=\"https:\/\/www.europesays.com\/es\/wp-content\/uploads\/2025\/10\/4579e5e234a4-img0177-1.jpg\"   width=\"1080\" height=\"1440\" loading=\"lazy\" decoding=\"async\" alt=\"Sof\u00eda Castro y Ang\u00e9lica Rivera viajaron a Panam\u00e1 para ser parte de los Premios Juventud\" fetchpriority=\"auto\" class=\"image ho-image\"\/>\u00a9 UnivsionSof\u00eda Castro y Ang\u00e9lica Rivera viajaron a Panam\u00e1 para ser parte de los Premios Juventud<\/p>\n<p id=\"eMA5dA2SH8n\" data-wc=\"83\">La int\u00e9rprete ahond\u00f3 en su sentir e hizo \u00e9nfasis en el motivo de su reclamo: \u201cQuiero compartir mi sentir, no desde el enojo, sino para crear consciencia sobre el respeto mutuo. Agradezco que estoy bien, pero siento que lo ocurrido fue una falta de respeto. No estoy generalizando; hay periodistas \u00e9ticos a quienes aprecio mucho. Este tipo de situaciones no deber\u00e1n suceder, ya que nadie sabe en qu\u00e9 circunstancias llega cada persona, ya sea por un embarazo, una operaci\u00f3n o ansiedad\u201d, continu\u00f3 Sof\u00eda.<\/p>\n<p> <img src=\"https:\/\/www.europesays.com\/es\/wp-content\/uploads\/2025\/10\/de66133fdfdf-gettyimages-1785232614.jpg\"   width=\"682\" height=\"1024\" loading=\"lazy\" decoding=\"async\" alt=\"Sof\u00eda Castro\" fetchpriority=\"auto\" class=\"image ho-image\"\/>\u00a9 Getty ImagesSof\u00eda Castro<br \/>\n\u2018Solo hab\u00eda gritos y empujones\u2019<\/p>\n<p id=\"e7ijoIYTJJd\" data-wc=\"61\">En su comunicado, Sof\u00eda tambi\u00e9n fue clara sobre la raz\u00f3n por la cual tanto ella como su madre decidieron no detenerse, mientras la prensa segu\u00eda sus pasos para obtener alguna declaraci\u00f3n. \u201cHe visto comentarios sobre por qu\u00e9 no nos paramos; la verdad es que fue imposible. No se escuchaba lo que mi mam\u00e1 y yo dec\u00edamos, solo hab\u00eda gritos y empujones\u201d.<\/p>\n<p> <img src=\"https:\/\/www.europesays.com\/es\/wp-content\/uploads\/2025\/10\/db7f7ed56675-img4750.jpg\"   width=\"600\" height=\"1024\" loading=\"lazy\" decoding=\"async\" alt=\"Comunicado de Sof\u00eda Castro\" fetchpriority=\"auto\" class=\"image ho-image\"\/>\u00a9 @sofia_96castroComunicado de Sof\u00eda Castro<\/p>\n<p id=\"eJVaBYCO-O6\" data-wc=\"115\">Sof\u00eda se expres\u00f3 nuevamente sobre el proceder de algunos medios de comunicaci\u00f3n y los riesgos que conlleva no tomar en cuenta el orden que debe existir, pues como en este caso todo sale de control. \u201cEntiendo el trabajo de los medios, pero hay l\u00edmites. No es justo que alguien termine lastimado por unas fotos o una nota. Ustedes tambi\u00e9n corren riesgo de lastimarse al acercarse de esa manera. Ya ha pasado que alguien se lesion\u00f3 y se rompi\u00f3 el pie y estas situaciones pueden llevar a algo a\u00fan m\u00e1s peligroso. Esperemos que podamos reflexionar y aprender a respetarnos, porque detr\u00e1s de la c\u00e1mara tambi\u00e9n somos personas. No es un pleito con nadie. Gracias, Sof\u00eda\u201d, finaliz\u00f3.<\/p>\n","protected":false},"excerpt":{"rendered":"Sof\u00eda Castro ha sido contundente al expresar su indignaci\u00f3n tras lo ocurrido en d\u00edas pasados, cuando al llegar&hellip;\n","protected":false},"author":2,"featured_media":156229,"comment_status":"","ping_status":"","sticky":false,"template":"","format":"standard","meta":{"footnotes":""},"categories":[174],"tags":[517,255,146,147,25,24,256,46755,23],"class_list":{"0":"post-156228","1":"post","2":"type-post","3":"status-publish","4":"format-standard","5":"has-post-thumbnail","7":"category-famosos","8":"tag-actualidad","9":"tag-celebrities","10":"tag-entertainment","11":"tag-entretenimiento","12":"tag-es","13":"tag-espana","14":"tag-famosos","15":"tag-sofia-castro","16":"tag-spain"},"share_on_mastodon":{"url":"","error":""},"_links":{"self":[{"href":"https:\/\/www.europesays.com\/es\/wp-json\/wp\/v2\/posts\/156228","targetHints":{"allow":["GET"]}}],"collection":[{"href":"https:\/\/www.europesays.com\/es\/wp-json\/wp\/v2\/posts"}],"about":[{"href":"https:\/\/www.europesays.com\/es\/wp-json\/wp\/v2\/types\/post"}],"author":[{"embeddable":true,"href":"https:\/\/www.europesays.com\/es\/wp-json\/wp\/v2\/users\/2"}],"replies":[{"embeddable":true,"href":"https:\/\/www.europesays.com\/es\/wp-json\/wp\/v2\/comments?post=156228"}],"version-history":[{"count":0,"href":"https:\/\/www.europesays.com\/es\/wp-json\/wp\/v2\/posts\/156228\/revisions"}],"wp:featuredmedia":[{"embeddable":true,"href":"https:\/\/www.europesays.com\/es\/wp-json\/wp\/v2\/media\/156229"}],"wp:attachment":[{"href":"https:\/\/www.europesays.com\/es\/wp-json\/wp\/v2\/media?parent=156228"}],"wp:term":[{"taxonomy":"category","embeddable":true,"href":"https:\/\/www.europesays.com\/es\/wp-json\/wp\/v2\/categories?post=156228"},{"taxonomy":"post_tag","embeddable":true,"href":"https:\/\/www.europesays.com\/es\/wp-json\/wp\/v2\/tags?post=156228"}],"curies":[{"name":"wp","href":"https:\/\/api.w.org\/{rel}","templated":true}]}}