{"id":156230,"date":"2025-10-04T09:28:10","date_gmt":"2025-10-04T09:28:10","guid":{"rendered":"https:\/\/www.europesays.com\/es\/156230\/"},"modified":"2025-10-04T09:28:10","modified_gmt":"2025-10-04T09:28:10","slug":"todo-un-mundo-en-torno-al-libro-en-murcia","status":"publish","type":"post","link":"https:\/\/www.europesays.com\/es\/156230\/","title":{"rendered":"Todo un mundo en torno al libro en Murcia"},"content":{"rendered":"<p><a class=\"v-mdl-ath__fig-a\" href=\"https:\/\/www.laverdad.es\/autor\/natalia-benito-3821.html\" title=\"Natalia Benito\" rel=\"nofollow noopener\" target=\"_blank\"><br \/>\n<img decoding=\"async\" class=\"v-mdl-ath__img\" src=\"https:\/\/www.europesays.com\/es\/wp-content\/uploads\/2025\/09\/autor-3821-foto-1.jpeg\" alt=\"Natalia Benito\"\/><br \/>\n<\/a><\/p>\n<p class=\"v-mdl-ath__p v-mdl-ath__p--6\">\nS\u00e1bado, 4 de octubre 2025, 07:45<\/p>\n<p class=\"v-p\">Un a\u00f1o, a veces, puede pasar volando, sin que aparentemente casi nada haya cambiado desde que en octubre de 2024 levantaran la persiana, como ya es habitual en estas fechas en el paseo Alfonso X El Sabio, los expositores de la Feria del Libro de Murcia, que este a\u00f1o son 79. Sin embargo, un a\u00f1o ha sido un mundo para la librer\u00eda Librolandia, de Benet\u00fasser, Valencia, uno de los municipios afectados por la tr\u00e1gica dana que caus\u00f3 m\u00e1s de 200 fallecidos e innumerables da\u00f1os materiales.<\/p>\n<p class=\"v-p\">\u00abTras estar por primera vez en la Feria del Libro de Murcia, nos fuimos a la de Cartagena y, al volver, nos pill\u00f3 la dana\u00bb, cuenta Javier Le\u00f3n, due\u00f1o de Librolandia, desde su estand: \u00abSolo contando con los libros de la Feria perdimos 30.000 euros, a eso le sumamos mucho m\u00e1s, con todo lo que hab\u00eda dentro de la librer\u00eda. Ha sido un a\u00f1o complicado. Hemos recibido much\u00edsimo apoyo de la gente, as\u00ed como ayudas y subvenciones que nos traen m\u00e1s de un dolor de cabeza porque requieren much\u00edsimo papeleo. Estamos todav\u00eda entre seguro, abogados, notar\u00edas&#8230; una locura\u00bb. Tras ocho meses cerrada, la librer\u00eda abri\u00f3 sus puertas de nuevo, parcialmente, en junio: \u00abDe los 200 metros cuadrados que ten\u00eda la tienda, solo hemos podido abrir 50. Estamos intentando remontar. La gente sigue comprando por la web \u2013librerialibrolandia.com\u2013 y eso ayuda porque en la zona no hay dinero. El dinero que tienen los vecinos es para cosas de primer\u00edsima necesidad, no para comprar libros\u00bb. <\/p>\n<p class=\"v-p\">El librero de un espacio que ofrece t\u00edtulos de g\u00e9neros variados, considerada que este a\u00f1o no hay un t\u00edtulo que se busque m\u00e1s que los dem\u00e1s, aunque \u00abel que acapara m\u00e1s inter\u00e9s quiz\u00e1 sea &#8216;El nuevo viaje de El Principito&#8217;, la reinterpretaci\u00f3n del cl\u00e1sico de Antoine de Saint-Exup\u00e9ry imaginada por Eloy Moreno, con ilustraciones de David Sierra. No obstante, seg\u00fan Le\u00f3n, el p\u00fablico sigue demandando t\u00edtulos ya habituales en las estanter\u00edas como &#8216;Destroza este diario&#8217;, de Keri Smith. En el campo de la autoayuda, &#8216;C\u00f3mo mandar a la mierda de forma educada&#8217;, de Alba Cardalda, es uno de los m\u00e1s queridos. <\/p>\n<p>\n\u00abEstamos intentando remontar\u00bb, afirma Javier Le\u00f3n, due\u00f1o de la librer\u00eda Librolandia, de Benet\u00fasser\n<\/p>\n<p class=\"v-p\">Vecinos de calle en esta &#8216;Feria Bonica&#8217; que ayer por la ma\u00f1ana abri\u00f3 sus puertas hasta el d\u00eda 12, la editorial El Gusanillo, que tambi\u00e9n se vio afectada por la dana y, en su almac\u00e9n de Algemes\u00ed, perdi\u00f3 500 ejemplares de libros que no han recuperado. Es la tercera visita de El Gusanillo a Murcia, una editorial fundada por Lara Ferrer que se inici\u00f3 como una apuesta por las lecturas con valores y que cuenta con t\u00edtulos como &#8216;Ian tiene TDAH&#8217; y &#8216;Chloe va a la psic\u00f3loga&#8217;, de Rosa Mar\u00eda Rodr\u00edguez T\u00e9llez, seg\u00fan cuenta Amadeo Espinosa. \u00abPosteriormente nos expandimos con cuentos y en el 2022 estrenamos la colecci\u00f3n de primeras lecturas, con grandes ilustraciones y siempre con actividades al final\u00bb, a\u00f1ade sobre una editorial que est\u00e1 explorando otros g\u00e9neros como la novela. Para Lara Ferrer, ferias como la de Murcia son muy importantes \u00abadem\u00e1s de por darse a conocer a nuevos p\u00fablicos, para crear sinergias con autores\u00bb y no es la primera vez que realizan fichajes a trav\u00e9s de estos encuentros. Ya trabajan con la editorial escritores de la Regi\u00f3n como la molinense Chus G\u00f3mez, autora de &#8216;\u00bfD\u00f3nde est\u00e1 la casa de Gertru?, y la cartagenera Isabel S\u00e1nchez, autora de &#8216;Mi peque\u00f1o caballito de mar&#8217;. <\/p>\n<ul class=\"v-u\">\n<li class=\"v-u__l\">\n<p class=\"v-p\">\n<p>Mesa redonda &#8216;Mujeres y hombres y viceversa&#8217; de In Love con Murcia<\/p>\n<p>Con Julia de la Fuente, Ygritt e Berlana y Cristina Prieto Solano. Museo Arqueol\u00f3gico. Hoy. 11.15 h.\n<\/p>\n<\/li>\n<li class=\"v-u__l\">\n<p class=\"v-p\">\n<p>Presentaci\u00f3n del libro &#8216;La vida secreta de Junio Sanz&#8217;<\/p>\n<p>de Susi Rosa Egea. Mubam. Hoy. 13.00 horas.\n<\/p>\n<\/li>\n<li class=\"v-u__l\">\n<p class=\"v-p\">\n<p>Acto de hermanamiento con el Festival En Cami\u00f1o<\/p>\n<p>Robert Cagiao conversa con Javier Mar\u00edn. Pabell\u00f3n Las Anas. Hoy. 18.00 horas.\n<\/p>\n<\/li>\n<li class=\"v-u__l\">\n<p class=\"v-p\">\n<p>Mesa redonda &#8216;Gran Hermano: as\u00ed se publica&#8217;, de In Love con Murcia<\/p>\n<p>on las profesionales del sector editorial Eva Aguilar, Marta \u00c1lvarez y Sara Torrico. Museo Arqueol\u00f3gico. Domingo. 10.15 h.\n<\/p>\n<\/li>\n<li class=\"v-u__l\">\n<p class=\"v-p\">\n<p>Presentaci\u00f3n cruzada con Luis Leante y Antonio Parra Sanz<\/p>\n<p>Pabell\u00f3n Las Anas. Domingo. 19.00 horas\n<\/p>\n<\/li>\n<li class=\"v-u__l\">\n<p class=\"v-p\">\n<p>Horario de casetas<\/p>\n<p>De 11.00 a 14.30 h. y de 17.00 a 21.00 h.\n<\/p>\n<\/li>\n<\/ul>\n<p>Entre bromas<\/p>\n<p class=\"v-p\">\u00abPrimero me lo firmas, luego te lo pago\u00bb, bromea una mujer acompa\u00f1ada de un par de amigas. Detr\u00e1s del mostrador est\u00e1 Sra. Lau, una de las primeras autoras en firmar durante la jornada de viernes en la feria. En ese mismo grupo, otra se confiesa: \u00abQue sepas que yo no me he ido al gimnasio porque estabas t\u00fa\u00bb. El motivo de su inter\u00e9s es &#8216;Safara&#8217;, un \u00e1lbum ilustrado \u00absobre el amor y sabidur\u00eda de los abuelos. Sobre la lealtad y el amor incondicional de los animales. Sobre el respeto, la justicia y la generosidad entre ni\u00f1os\u00bb. <\/p>\n<p class=\"v-p\">As\u00ed comienza a animarse una ma\u00f1ana entre lectores, curiosos y quienes se encuentran la feria casi por casualidad, en el descanso del trabajo o en el trayecto hacia otro destino. Quienes, incapaces de resistirse a este gran escaparate de lanzamientos literarios pero sabedores de que este no es el mejor momento para las compras, prometen volver m\u00e1s tarde para disfrutar de esta &#8216;Feria bonica&#8217; organizada por la Asociaci\u00f3n de Creadores y Artistas PALIN, el Ayuntamiento de Murcia, la Comunidad Aut\u00f3noma de la Regi\u00f3n de Murcia y Global Cultura. Una feria dirigida por Jes\u00fas Boluda del Toro, quien indic\u00f3 durante la inauguraci\u00f3n del evento que en estos d\u00eda se fomentar\u00e1 la &#8216;cadena del libro&#8217;, algo que va m\u00e1s all\u00e1 de una met\u00e1fora, porque abarca \u00abdesde quien escribe hasta quien distribuye y vende, y vuelve a empezar en quien lee y recomienda, porque es una tarea de todos\u00bb. <\/p>\n<p class=\"v-p\">En esta primera jornada oficial, la Feria del Libro de Murcia acogi\u00f3 el talento regional con la presencia de autores como Antonio Garber, Manuel Moyano, Trif\u00f3n Abad y Fernando de la Cierva.<\/p>\n<p>Reporta un error<\/p>\n<p class=\"v-crt__t\"> L\u00edmite de sesiones alcanzadas<\/p>\n<p class=\"v-crt__p\">El acceso al contenido Premium est\u00e1 abierto por cortes\u00eda del establecimiento donde te encuentras, pero ahora mismo hay demasiados usuarios conectados a las vez.<\/p>\n<p class=\"v-crt__p\">Por favor, int\u00e9ntalo pasados unos minutos.<\/p>\n<p>\nVolver a intentar\n<\/p>\n<p class=\"v-crt__t\">Sesi\u00f3n cerrada<\/p>\n<p class=\"v-crt__p\">Al iniciar sesi\u00f3n desde un dispositivo distinto, por seguridad, se cerr\u00f3 la \u00faltima sesi\u00f3n en este.<\/p>\n<p class=\"v-crt__p\">Para continuar disfrutando de su suscripci\u00f3n digital, inicie sesi\u00f3n en este dispositivo.<\/p>\n<p>\nEste contenido es exclusivo para suscriptores\n<\/p>\n<p class=\"text\">\u00bfTienes una suscripci\u00f3n? <a href=\"https:\/\/secure.laverdad.es\/login\/login.html#vca=suscribete&amp;vso=laverdad&amp;vmc=on&amp;vli=cdn-ce-link-login\" class=\"login\" data-voc-vtm-id=\"comienzoSuscripcionON\" data-voc-vtm-info=\"cdn-ce-link-login\" rel=\"nofollow noopener\" target=\"_blank\">Inicia sesi\u00f3n<\/a><\/p>\n","protected":false},"excerpt":{"rendered":"S\u00e1bado, 4 de octubre 2025, 07:45 Un a\u00f1o, a veces, puede pasar volando, sin que aparentemente casi nada&hellip;\n","protected":false},"author":2,"featured_media":156231,"comment_status":"","ping_status":"","sticky":false,"template":"","format":"standard","meta":{"footnotes":""},"categories":[172],"tags":[224,146,147,25,24,1496,225,3013,23,23135],"class_list":{"0":"post-156230","1":"post","2":"type-post","3":"status-publish","4":"format-standard","5":"has-post-thumbnail","7":"category-libros","8":"tag-books","9":"tag-entertainment","10":"tag-entretenimiento","11":"tag-es","12":"tag-espana","13":"tag-libro","14":"tag-libros","15":"tag-mundo","16":"tag-spain","17":"tag-torno"},"share_on_mastodon":{"url":"","error":""},"_links":{"self":[{"href":"https:\/\/www.europesays.com\/es\/wp-json\/wp\/v2\/posts\/156230","targetHints":{"allow":["GET"]}}],"collection":[{"href":"https:\/\/www.europesays.com\/es\/wp-json\/wp\/v2\/posts"}],"about":[{"href":"https:\/\/www.europesays.com\/es\/wp-json\/wp\/v2\/types\/post"}],"author":[{"embeddable":true,"href":"https:\/\/www.europesays.com\/es\/wp-json\/wp\/v2\/users\/2"}],"replies":[{"embeddable":true,"href":"https:\/\/www.europesays.com\/es\/wp-json\/wp\/v2\/comments?post=156230"}],"version-history":[{"count":0,"href":"https:\/\/www.europesays.com\/es\/wp-json\/wp\/v2\/posts\/156230\/revisions"}],"wp:featuredmedia":[{"embeddable":true,"href":"https:\/\/www.europesays.com\/es\/wp-json\/wp\/v2\/media\/156231"}],"wp:attachment":[{"href":"https:\/\/www.europesays.com\/es\/wp-json\/wp\/v2\/media?parent=156230"}],"wp:term":[{"taxonomy":"category","embeddable":true,"href":"https:\/\/www.europesays.com\/es\/wp-json\/wp\/v2\/categories?post=156230"},{"taxonomy":"post_tag","embeddable":true,"href":"https:\/\/www.europesays.com\/es\/wp-json\/wp\/v2\/tags?post=156230"}],"curies":[{"name":"wp","href":"https:\/\/api.w.org\/{rel}","templated":true}]}}