{"id":156234,"date":"2025-10-04T09:32:16","date_gmt":"2025-10-04T09:32:16","guid":{"rendered":"https:\/\/www.europesays.com\/es\/156234\/"},"modified":"2025-10-04T09:32:16","modified_gmt":"2025-10-04T09:32:16","slug":"problemon-para-endrick-estadio-deportivo","status":"publish","type":"post","link":"https:\/\/www.europesays.com\/es\/156234\/","title":{"rendered":"&#8216;Problem\u00f3n&#8217; para Endrick &#8211; Estadio Deportivo"},"content":{"rendered":"<p class=\"parrafo\">La <strong>incertidumbre con <a href=\"https:\/\/www.estadiodeportivo.com\/futbol\/real-madrid\/madrid-busca-endrick-una-salida-enero-20250925-513565.html\" target=\"_blank\" class=\"intext-link\" rel=\"nofollow noopener\">Endrick <\/a><\/strong>en el<strong> Real Madrid<\/strong> sigue creciendo. El futbolista ya dijo <strong>adi\u00f3s <\/strong>a su <strong>lesi\u00f3n <\/strong>y ya lleva m\u00e1s dos semanas entrenando con el grupo a las \u00f3rdenes de<strong> Xabi Alonso<\/strong>. Sin embargo, no ha sido <strong>el elegido<\/strong> por el entrenador tolosarra para los partidos donde estuvo convocado, ante el Espanyol, Levante, <strong>Atl\u00e9tico de Madrid<\/strong> y <strong>Kairat Almaty.<\/strong> Por ello, el jugador internacional con <strong>Brasil <\/strong>ha <strong>hecho saltar todas las alarmas<\/strong>, ya que son cuatro encuentros sin poder vestirse de corto, siendo un <strong>mazazo <\/strong>por el buen rendimiento de <strong>Mbapp\u00e9 <\/strong>esta temporada. <\/p>\n<p><a class=\"elementos-rel-t2\" href=\"https:\/\/www.estadiodeportivo.com\/futbol\/real-madrid\/madrid-busca-endrick-una-salida-enero-20250925-513565.html\" title=\"El Madrid le busca a Endrick una salida en enero\" rel=\"nofollow noopener\" target=\"_blank\">El Madrid le busca a Endrick una salida en enero<img decoding=\"async\" src=\"https:\/\/www.europesays.com\/es\/wp-content\/uploads\/2025\/10\/fb77e574-d398-4aa1-8cb1-11020cc6ac6a_320x180.jpeg\" alt=\"El Madrid le busca a Endrick una salida en enero\"\/><\/a><a class=\"elementos-rel-t2\" href=\"https:\/\/www.estadiodeportivo.com\/futbol\/real-madrid\/vuelta-endrick-20250919-512809.html\" title=\"La vuelta de Endrick\" rel=\"nofollow noopener\" target=\"_blank\">La vuelta de Endrick<img decoding=\"async\" src=\"https:\/\/www.europesays.com\/es\/wp-content\/uploads\/2025\/10\/02909b55-20b9-4761-aa58-5499ee8771d1_320x180.jpeg\" alt=\"La vuelta de Endrick\"\/><\/a><a class=\"elementos-rel-t2\" href=\"https:\/\/www.estadiodeportivo.com\/futbol\/real-madrid\/endrick-punto-salir-del-real-madrid-20250918-512681.html\" title=\"Endrick, a punto de salir del Real Madrid\" rel=\"nofollow noopener\" target=\"_blank\">Endrick, a punto de salir del Real Madrid<img decoding=\"async\" src=\"https:\/\/www.europesays.com\/es\/wp-content\/uploads\/2025\/10\/5d2edc88-6392-4af0-9375-402d283e5279_320x180.jpeg\" alt=\"Endrick, a punto de salir del Real Madrid\"\/><\/a>El regreso m\u00e1s complicado de Endrick<\/p>\n<p class=\"parrafo\"><strong>Endrick <\/strong>est\u00e1 viviendo sus peores d\u00edas desde que<strong> se le abri\u00f3 la puerta <\/strong>del<a href=\"https:\/\/www.estadiodeportivo.com\/futbol\/real-madrid\/madrid-busca-endrick-una-salida-enero-20250925-513565.html\" target=\"_blank\" class=\"intext-link\" rel=\"nofollow noopener\"> <\/a><strong><a href=\"https:\/\/www.estadiodeportivo.com\/futbol\/real-madrid\/madrid-busca-endrick-una-salida-enero-20250925-513565.html\" target=\"_blank\" class=\"intext-link\" rel=\"nofollow noopener\">Real Madrid<\/a><\/strong>. El jugador lleva sin disputar un minuto con el equipo desde el 18 de mayo, en el encuentro correspondiente a la jornada 37, que tuvo lugar contra el <strong>Sevilla <\/strong>en el <strong>S\u00e1nchez-Pizju\u00e1n<\/strong>. Por ello, el internacional con <strong>Brasil <\/strong>lleva m\u00e1s de cuatro meses sin jugar un partido <strong>oficial<\/strong>, lo que supone un &#8216;<strong>problem\u00f3n<\/strong>&#8216; para el club y, sobre todo, para el propio futbolista. Sin embargo, existe <strong>preocupaci\u00f3n <\/strong>ya que lleva cuatro choques entrando en la convocatoria de<strong> Xabi Alonso<\/strong> y no ha salido un minuto al terreno de juego, lo que hace<strong> saltar todas alarma<\/strong>s. El delantero de 19 a\u00f1os no ha podido demostrar a\u00fan al entrenador tolosarra la calidad que atesora, ya que no ha sido<strong> el elegido<\/strong> para las citas de <strong>LaLiga <\/strong>contra el Espanyol en el <strong>Santiago Bernab\u00e9u,<\/strong> <strong>Levante <\/strong>en el Ciutat de Valencia y <strong>Atl\u00e9tico de Madrid<\/strong> en el Metropolitano, adem\u00e1s de ante el <strong>Kairat Almaty <\/strong>de la UEFA Champions League. Por ello, el brasile\u00f1o ya tiene el foco y el<strong> punto de mira<\/strong> en la jornada de esta noche frente al <strong>Villarreal<\/strong>, donde podr\u00eda estar tener sus primeros minutos de la temporada. <\/p>\n<p class=\"parrafo\">Buena parte de que <strong><a href=\"https:\/\/www.estadiodeportivo.com\/futbol\/real-madrid\/vuelta-endrick-20250919-512809.html\" target=\"_blank\" class=\"intext-link\" rel=\"nofollow noopener\">Endrick <\/a><\/strong>no haya jugado un minuto en los \u00faltimos cuatro encuentros la tiene <strong>Mbapp\u00e9<\/strong>. El delantero del <strong>Real <\/strong><strong>Madrid <\/strong>lleva 13 goles con el conjunto blanco en la presente temporada, tanto en <strong>LaLiga <\/strong>como en la <strong>UEFA Champions League.<\/strong> Adem\u00e1s, el jugador tan solo se ha quedado sin ver <strong>puerta<\/strong> <strong>frente <\/strong>al <strong>Mallorca<\/strong>, y le terminaron anulando dos tantos por fuera de juego. Por ello, el gran estado de forma del internacional con <strong>Francia <\/strong>est\u00e1 penalizando al brasile\u00f1o, adem\u00e1s de a <strong>Gonzalo Garc\u00eda,<\/strong> que est\u00e1 gozando de muy pocos minutos tras el gran <strong>Mundial de Clubes<\/strong> que realiz\u00f3. <\/p>\n<p>Endrick, opci\u00f3n Villarreal<\/p>\n<p class=\"parrafo\"><strong>Endrick <\/strong>puede ser una <strong>opci\u00f3n <\/strong>para el partido de esta noche ante el <strong>Villarreal<\/strong>, tal y como <strong>confirm\u00f3 Xabi Alonso <\/strong>en el d\u00eda de ayer en rueda de prensa: \u201cTiene la oportunidad de ser titular. Viene de una <strong>lesi\u00f3n <\/strong>un poco m\u00e1s larga, pero ha estado entrenando bien durante unas semanas y es solo cuesti\u00f3n de encontrar el contexto adecuado en el juego para que entre. Tiene instinto <strong>goleador<\/strong>, un <strong>final <\/strong>brutal. Hay mucha competencia, pero su momento llegar\u00e1\u00bb. Por ello, todo depender\u00e1 del transcurso del choque entre el <strong>Real Madrid <\/strong>y los de <strong>Marcelino<\/strong>, a la espera de la<strong> luz verde<\/strong> por parte del t\u00e9cnico tolosarra. <\/p>\n","protected":false},"excerpt":{"rendered":"La incertidumbre con Endrick en el Real Madrid sigue creciendo. El futbolista ya dijo adi\u00f3s a su lesi\u00f3n&hellip;\n","protected":false},"author":2,"featured_media":156235,"comment_status":"","ping_status":"","sticky":false,"template":"","format":"standard","meta":{"footnotes":""},"categories":[93],"tags":[168,17689,25,24,284,282,3048,23,167,10344],"class_list":{"0":"post-156234","1":"post","2":"type-post","3":"status-publish","4":"format-standard","5":"has-post-thumbnail","7":"category-deportes","8":"tag-deportes","9":"tag-endrick","10":"tag-es","11":"tag-espana","12":"tag-estadio-deportivo","13":"tag-futbol","14":"tag-real-madrid","15":"tag-spain","16":"tag-sports","17":"tag-xabi-alonso"},"share_on_mastodon":{"url":"","error":""},"_links":{"self":[{"href":"https:\/\/www.europesays.com\/es\/wp-json\/wp\/v2\/posts\/156234","targetHints":{"allow":["GET"]}}],"collection":[{"href":"https:\/\/www.europesays.com\/es\/wp-json\/wp\/v2\/posts"}],"about":[{"href":"https:\/\/www.europesays.com\/es\/wp-json\/wp\/v2\/types\/post"}],"author":[{"embeddable":true,"href":"https:\/\/www.europesays.com\/es\/wp-json\/wp\/v2\/users\/2"}],"replies":[{"embeddable":true,"href":"https:\/\/www.europesays.com\/es\/wp-json\/wp\/v2\/comments?post=156234"}],"version-history":[{"count":0,"href":"https:\/\/www.europesays.com\/es\/wp-json\/wp\/v2\/posts\/156234\/revisions"}],"wp:featuredmedia":[{"embeddable":true,"href":"https:\/\/www.europesays.com\/es\/wp-json\/wp\/v2\/media\/156235"}],"wp:attachment":[{"href":"https:\/\/www.europesays.com\/es\/wp-json\/wp\/v2\/media?parent=156234"}],"wp:term":[{"taxonomy":"category","embeddable":true,"href":"https:\/\/www.europesays.com\/es\/wp-json\/wp\/v2\/categories?post=156234"},{"taxonomy":"post_tag","embeddable":true,"href":"https:\/\/www.europesays.com\/es\/wp-json\/wp\/v2\/tags?post=156234"}],"curies":[{"name":"wp","href":"https:\/\/api.w.org\/{rel}","templated":true}]}}