{"id":15625,"date":"2025-07-31T05:53:17","date_gmt":"2025-07-31T05:53:17","guid":{"rendered":"https:\/\/www.europesays.com\/es\/15625\/"},"modified":"2025-07-31T05:53:17","modified_gmt":"2025-07-31T05:53:17","slug":"el-supremo-rechaza-todas-las-querellas-de-la-extrema-derecha-contra-pedro-sanchez-y-el-gobierno-por-la-dana","status":"publish","type":"post","link":"https:\/\/www.europesays.com\/es\/15625\/","title":{"rendered":"El Supremo rechaza todas las querellas de la extrema derecha contra Pedro S\u00e1nchez y el Gobierno por la dana"},"content":{"rendered":"<p class=\"article-text\">\n        El <a href=\"https:\/\/www.eldiario.es\/temas\/tribunal-supremo\/\" target=\"_blank\" data-mrf-recirculation=\"links-noticia\" class=\"link\" rel=\"nofollow noopener\">Tribunal Supremo<\/a> ha rechazado abrir una causa penal contra Pedro S\u00e1nchez y seis ministros por las m\u00e1s de 200 muertes que dej\u00f3 la <a href=\"https:\/\/www.eldiario.es\/temas\/dana\/\" target=\"_blank\" data-mrf-recirculation=\"links-noticia\" class=\"link\" rel=\"nofollow noopener\">dana<\/a>, sobre todo en la Comunidad Valenciana, en octubre del a\u00f1o pasado. Los jueces desestiman varias denuncias y querellas, algunas presentadas por partidos pol\u00edticos como <a href=\"https:\/\/www.eldiario.es\/sociedad\/ultima-hora-dana-directo_6_11795676_1110695.html\" target=\"_blank\" data-mrf-recirculation=\"links-noticia\" class=\"link\" rel=\"nofollow noopener\">Vox<\/a> y otras organizaciones de extrema derecha, y recuerdan que un juzgado de Catarroja ya est\u00e1 investigando a altos cargos de la Generalitat por la v\u00eda penal sin que haya indicios contra cargos del Gobierno central.\n    <\/p>\n<p>    <a href=\"https:\/\/www.eldiario.es\/comunitat-valenciana\/manos-limpias-denuncia-jueza-dana-usando-prueba-recorte-prensa-desmentido-fiscalia_1_12416478.html\" data-mrf-recirculation=\"saber-mas\" data-dl-event=\"saber-mas\" rel=\"nofollow noopener\" target=\"_blank\"><\/p>\n<p class=\"know-more__title\">Manos Limpias denuncia a la jueza de la DANA usando como prueba un recorte de prensa desmentido por la Fiscal\u00eda<\/p>\n<p>            <img decoding=\"async\" class=\"lazy\" loading=\"lazy\" data-src=\"https:\/\/static.eldiario.es\/clip\/ba48e167-14b0-4295-98fb-cde66236d55b_16-9-aspect-ratio_default_0.jpg\" src=\"data:image\/svg+xml,%3Csvg xmlns=\" http:=\"\" viewbox=\"0 0 880 495\" alt=\"Manos Limpias denuncia a la jueza de la DANA usando como prueba un recorte de prensa desmentido por la Fiscal\u00eda\"\/><\/p>\n<p>                        <\/a><\/p>\n<p class=\"article-text\">\n        Las querellas y denuncias fueron presentadas por algunas de las organizaciones vinculadas a la extrema derecha que habitualmente ejercen la acusaci\u00f3n popular en causas relacionadas con el Gobierno, o que interponen querellas de forma habitual contra miembros del ejecutivo. <a href=\"https:\/\/www.eldiario.es\/sociedad\/ultima-hora-dana-directo_6_11795676_1110695.html\" target=\"_blank\" data-mrf-recirculation=\"links-noticia\" class=\"link\" rel=\"nofollow noopener\">Vox<\/a>, <a href=\"https:\/\/www.eldiario.es\/comunitat-valenciana\/manos-limpias-denuncia-jueza-dana-usando-prueba-recorte-prensa-desmentido-fiscalia_1_12416478.html\" target=\"_blank\" data-mrf-recirculation=\"links-noticia\" class=\"link\" rel=\"nofollow noopener\">Manos Limpias<\/a>, Iustitia Europa, Abogados Cristianos y HazteOir, entre otros. Querellas que acusaban al ejecutivo de delitos de prevaricaci\u00f3n, omisi\u00f3n del deber de socorro o tambi\u00e9n homicidio imprudente.\n    <\/p>\n<p class=\"article-text\">\n        La Sala de lo Penal recuerda lo que ya dijo en 2020 cuando se presentaron medio centenar de denuncias y querellas contra el Gobierno por la gesti\u00f3n de la crisis sanitaria del coronavirus: ocupar un puesto de responsabilidad no puede significar la imputaci\u00f3n autom\u00e1tica de un alto cargo o miembro del ejecutivo. En este caso, acusaban al ejecutivo de no haber declarado el estado de alarma, no limpiar los cauces que se desbordaron o no activar a tiempo la Unidad Militar de Emergencias.\n    <\/p>\n<p class=\"article-text\">\n        El Supremo explica que \u201cen ning\u00fan caso\u201d se pueden atribuir responsabilidades penales a un ministro o al Presidente del Gobierno \u201cpor el mero hecho de la posici\u00f3n o cargo\u201d que ostenta, \u201cpor muy alto que sea\u201d, como pretend\u00edan Vox y el resto de organizaciones de extrema derecha. Adem\u00e1s, a finales de diciembre otra sala, de lo Contencioso-Administrativo, rechaz\u00f3 una demanda por inactividad contra el ejecutivo.\n    <\/p>\n<p>    <a href=\"https:\/\/www.eldiario.es\/comunitat-valenciana\/jueza-dana-arremete-informe-erroneo-guardia-civil-barranco-poyo_1_12502055.html\" data-mrf-recirculation=\"saber-mas-abajo\" data-dl-event=\"saber-mas-abajo\" rel=\"nofollow noopener\" target=\"_blank\"><\/p>\n<p class=\"know-more__title\">La jueza de la dana arremete contra el informe de la Guardia Civil que se\u00f1alaba a la Confederaci\u00f3n del J\u00facar: no hubo apag\u00f3n informativo<\/p>\n<p>            <img decoding=\"async\" class=\"lazy\" loading=\"lazy\" data-src=\"https:\/\/static.eldiario.es\/clip\/0da84628-3d79-42cd-b9fb-241cb43971c6_16-9-aspect-ratio_default_0.jpg\" src=\"data:image\/svg+xml,%3Csvg xmlns=\" http:=\"\" viewbox=\"0 0 880 495\" alt=\"La jueza de la dana arremete contra el informe de la Guardia Civil que se\u00f1alaba a la Confederaci\u00f3n del J\u00facar: no hubo apag\u00f3n informativo\"\/><\/p>\n<p>                        <\/a><\/p>\n<p class=\"article-text\">\n        El caso, zanjan los magistrados, est\u00e1 siendo investigado por <a href=\"https:\/\/www.eldiario.es\/comunitat-valenciana\/jueza-dana-arremete-informe-erroneo-guardia-civil-barranco-poyo_1_12502055.html\" target=\"_blank\" data-mrf-recirculation=\"links-noticia\" class=\"link\" rel=\"nofollow noopener\">una jueza de Catarroja<\/a>, que ser\u00e1 la que tenga que enviar el caso de alg\u00fan aforado ante el Tribunal Superior de la Comunidad Valenciana o el Supremo, algo que por ahora no ha sucedido, tampoco en el caso de Carlos Maz\u00f3n, presidente valenciano. Vox, Manos Limpias y el resto de organizaciones de extrema derecha han lanzado acusaciones contra el Gobierno de un modo \u201cabstracto\u201d, sn describir conductas concretas que poder atribuir a cada ministro, y por tanto que \u201cresultan inexorablemente destinadas al archivo\u201d.\n    <\/p>\n","protected":false},"excerpt":{"rendered":"El Tribunal Supremo ha rechazado abrir una causa penal contra Pedro S\u00e1nchez y seis ministros por las m\u00e1s&hellip;\n","protected":false},"author":2,"featured_media":15626,"comment_status":"","ping_status":"","sticky":false,"template":"","format":"standard","meta":{"footnotes":""},"categories":[8],"tags":[17,18,1681,25,24,13,14,582,11,19,20,9,10,15,16,1822,10336,1350,199,23,8312,12,21,22],"class_list":{"0":"post-15625","1":"post","2":"type-post","3":"status-publish","4":"format-standard","5":"has-post-thumbnail","7":"category-espana","8":"tag-breaking-news","9":"tag-breakingnews","10":"tag-dana","11":"tag-es","12":"tag-espana","13":"tag-featured-news","14":"tag-featurednews","15":"tag-gobierno","16":"tag-headlines","17":"tag-latest-news","18":"tag-latestnews","19":"tag-news","20":"tag-noticias","21":"tag-noticias-destacadas","22":"tag-noticiasdestacadas","23":"tag-pedro","24":"tag-querellas","25":"tag-rechaza","26":"tag-sanchez","27":"tag-spain","28":"tag-supremo","29":"tag-titulares","30":"tag-ultimas-noticias","31":"tag-ultimasnoticias"},"share_on_mastodon":{"url":"","error":""},"_links":{"self":[{"href":"https:\/\/www.europesays.com\/es\/wp-json\/wp\/v2\/posts\/15625","targetHints":{"allow":["GET"]}}],"collection":[{"href":"https:\/\/www.europesays.com\/es\/wp-json\/wp\/v2\/posts"}],"about":[{"href":"https:\/\/www.europesays.com\/es\/wp-json\/wp\/v2\/types\/post"}],"author":[{"embeddable":true,"href":"https:\/\/www.europesays.com\/es\/wp-json\/wp\/v2\/users\/2"}],"replies":[{"embeddable":true,"href":"https:\/\/www.europesays.com\/es\/wp-json\/wp\/v2\/comments?post=15625"}],"version-history":[{"count":0,"href":"https:\/\/www.europesays.com\/es\/wp-json\/wp\/v2\/posts\/15625\/revisions"}],"wp:featuredmedia":[{"embeddable":true,"href":"https:\/\/www.europesays.com\/es\/wp-json\/wp\/v2\/media\/15626"}],"wp:attachment":[{"href":"https:\/\/www.europesays.com\/es\/wp-json\/wp\/v2\/media?parent=15625"}],"wp:term":[{"taxonomy":"category","embeddable":true,"href":"https:\/\/www.europesays.com\/es\/wp-json\/wp\/v2\/categories?post=15625"},{"taxonomy":"post_tag","embeddable":true,"href":"https:\/\/www.europesays.com\/es\/wp-json\/wp\/v2\/tags?post=15625"}],"curies":[{"name":"wp","href":"https:\/\/api.w.org\/{rel}","templated":true}]}}