{"id":156250,"date":"2025-10-04T09:40:11","date_gmt":"2025-10-04T09:40:11","guid":{"rendered":"https:\/\/www.europesays.com\/es\/156250\/"},"modified":"2025-10-04T09:40:11","modified_gmt":"2025-10-04T09:40:11","slug":"anaitasuna-segundo-reto-del-rahi-sepisur-cordoba","status":"publish","type":"post","link":"https:\/\/www.europesays.com\/es\/156250\/","title":{"rendered":"Anaitasuna, segundo reto del Rahi-Sepisur C\u00f3rdoba"},"content":{"rendered":"<p>\t\t\tEl Rahi-Sepisur C\u00f3rdoba afronta este domingo su primer desplazamiento de la temporada en la Divisi\u00f3n de Honor Oro Femenina. Ser\u00e1 a cancha del Anaitasuna, en el m\u00edtico pabell\u00f3n del mismo nombre, donde le espera un rival que le ha acompa\u00f1ado en su crecimiento de las \u00faltimas temporadas. Fue rival en la primera de las fases de ascenso de la campa\u00f1a 2023-24 y estuvo en la misma pomada de la zon<\/p>\n<p style=\"text-align:center\"> Para seguir leyendo suscr\u00edbete<\/p>\n<p style=\"text-align:center\"> \u00bfYa est\u00e1s suscrito? <a href=\"https:\/\/cordobadeporte.com\/iniciar-sesion\/\" style=\"color:#72b142;text-decoration:underline\" rel=\"nofollow noopener\" target=\"_blank\">Inicia sesi\u00f3n<\/a><\/p>\n<p>Opciones de suscripci\u00f3nMensual 2025<\/p>\n<p style=\"text-align:center\">3,25\u20ac<br \/>&#13;<br \/>\n3,95\u20ac<br \/>&#13;<br \/>\nAl mes<br \/>&#13;<br \/>\nPago recurrente<\/p>\n<p><strong>3,25 \u20ac cada 1 mes (peri\u00f3dica)<\/strong><\/p>\n<p>Cuatrimestral 2025<\/p>\n<p style=\"text-align:center\">12,25\u20ac<br \/>&#13;<br \/>\n12,95\u20ac<br \/>&#13;<br \/>\nCada 4 meses<br \/>&#13;<br \/>\nPago recurrente<\/p>\n<p><strong>12,25 \u20ac cada 4 meses (peri\u00f3dica)<\/strong><\/p>\n<p>Anual 2025<\/p>\n<p style=\"text-align:center\">31,99\u20ac<br \/>&#13;<br \/>\n34,95\u20ac<br \/>&#13;<br \/>\nAl a\u00f1o<br \/>&#13;<br \/>\nPago recurrente<\/p>\n<p><strong>31,99 \u20ac cada 1 a\u00f1o (peri\u00f3dica)<\/strong><\/p>\n<p style=\"text-align:center;font-size:0.8em;font-weight:400\">PROMOCI\u00d3N V\u00c1LIDA HASTA EL 1 DE ENERO DE 2026<\/p>\n<p><a href=\"http:\/\/ads.cordobadeporte.com\/www\/delivery\/ck.php?n=a67dc791&amp;cb=INSERT_RANDOM_NUMBER_HERE\" target=\"_blank\" rel=\"nofollow noopener\"><img decoding=\"async\" src=\"https:\/\/www.europesays.com\/es\/wp-content\/uploads\/2025\/10\/avw\" border=\"0\" alt=\"\"\/><\/a><\/p>\n<p><a href=\"http:\/\/ads.cordobadeporte.com\/www\/delivery\/ck.php?n=ad1a0db8&amp;cb=INSERT_RANDOM_NUMBER_HERE\" target=\"_blank\" rel=\"nofollow noopener\"><img decoding=\"async\" src=\"https:\/\/www.europesays.com\/es\/wp-content\/uploads\/2025\/10\/1759570811_271_avw\" border=\"0\" alt=\"\"\/><\/a><\/p>\n","protected":false},"excerpt":{"rendered":"El Rahi-Sepisur C\u00f3rdoba afronta este domingo su primer desplazamiento de la temporada en la Divisi\u00f3n de Honor Oro&hellip;\n","protected":false},"author":2,"featured_media":156251,"comment_status":"","ping_status":"","sticky":false,"template":"","format":"standard","meta":{"footnotes":""},"categories":[278],"tags":[1128,2617,376,1130,168,1131,25,24,375,1132,23,167],"class_list":{"0":"post-156250","1":"post","2":"type-post","3":"status-publish","4":"format-standard","5":"has-post-thumbnail","7":"category-balonmano","8":"tag-adesal","9":"tag-anaitasuna","10":"tag-balonmano","11":"tag-deporte-femenino","12":"tag-deportes","13":"tag-division-de-honor-oro-femenina","14":"tag-es","15":"tag-espana","16":"tag-handball","17":"tag-home8","18":"tag-spain","19":"tag-sports"},"share_on_mastodon":{"url":"","error":""},"_links":{"self":[{"href":"https:\/\/www.europesays.com\/es\/wp-json\/wp\/v2\/posts\/156250","targetHints":{"allow":["GET"]}}],"collection":[{"href":"https:\/\/www.europesays.com\/es\/wp-json\/wp\/v2\/posts"}],"about":[{"href":"https:\/\/www.europesays.com\/es\/wp-json\/wp\/v2\/types\/post"}],"author":[{"embeddable":true,"href":"https:\/\/www.europesays.com\/es\/wp-json\/wp\/v2\/users\/2"}],"replies":[{"embeddable":true,"href":"https:\/\/www.europesays.com\/es\/wp-json\/wp\/v2\/comments?post=156250"}],"version-history":[{"count":0,"href":"https:\/\/www.europesays.com\/es\/wp-json\/wp\/v2\/posts\/156250\/revisions"}],"wp:featuredmedia":[{"embeddable":true,"href":"https:\/\/www.europesays.com\/es\/wp-json\/wp\/v2\/media\/156251"}],"wp:attachment":[{"href":"https:\/\/www.europesays.com\/es\/wp-json\/wp\/v2\/media?parent=156250"}],"wp:term":[{"taxonomy":"category","embeddable":true,"href":"https:\/\/www.europesays.com\/es\/wp-json\/wp\/v2\/categories?post=156250"},{"taxonomy":"post_tag","embeddable":true,"href":"https:\/\/www.europesays.com\/es\/wp-json\/wp\/v2\/tags?post=156250"}],"curies":[{"name":"wp","href":"https:\/\/api.w.org\/{rel}","templated":true}]}}