{"id":156252,"date":"2025-10-04T09:46:15","date_gmt":"2025-10-04T09:46:15","guid":{"rendered":"https:\/\/www.europesays.com\/es\/156252\/"},"modified":"2025-10-04T09:46:15","modified_gmt":"2025-10-04T09:46:15","slug":"hace-tres-anos-mclaren-ficho-a-alex-palou-para-correr-en-f1-ahora-le-reclama-una-indemnizacion-millonaria-por-incumplir-el-contrato","status":"publish","type":"post","link":"https:\/\/www.europesays.com\/es\/156252\/","title":{"rendered":"Hace tres a\u00f1os McLaren fich\u00f3 a \u00c1lex Palou para correr en F1. Ahora le reclama una indemnizaci\u00f3n millonaria por incumplir el contrato"},"content":{"rendered":"<p>Ganador de las 500 millas de Indian\u00e1polis y campe\u00f3n por cuarta vez de la IndyCar. <strong>El a\u00f1o 2025 ha sido redondo para \u00c1lex Palou<\/strong>, pero podr\u00eda haber sido muy diferente. <a rel=\"noopener, noreferrer nofollow\" href=\"https:\/\/www.motorpasion.com\/formula1\/como-jugada-secreta-fernando-alonso-impidio-que-alex-palou-este-luchando-ahora-mundial-f1\" target=\"_blank\">En un universo paralelo<\/a>, Palou estar\u00eda ahora mismo peleando por el mundial de F\u00f3rmula 1 con un McLaren. Sin embargo, <a rel=\"noopener, noreferrer nofollow\" href=\"https:\/\/www.motorpasion.com\/otras-competiciones\/bombazo-alex-palou-ficha-mclaren-podria-ser-tercer-piloto-espanol-formula-1-para-2023\" target=\"_blank\">de aquel contrato<\/a> ya solo queda una cosa: el juicio pendiente.<\/p>\n<p>Este mes de octubre se llevar\u00e1 a cabo el juicio en el que <strong>McLaren le reclama una indemnizaci\u00f3n millonaria al campe\u00f3n<\/strong> de la IndyCar. El equipo brit\u00e1nico considera que Palou actu\u00f3 de forma desleal al beneficiarse de oportunidades que le concedi\u00f3 McLaren a cambio de que cumpliese un contrato que finalmente desestim\u00f3. A Palou le puede salir muy caro.<\/p>\n<p>McLaren pide a Palou casi 30 millones de d\u00f3lares<\/p>\n<p>En el mundo todo va muy r\u00e1pido, y en el automovilismo a\u00fan m\u00e1s, pero es dif\u00edcil olvidar aquella noche de julio de 2022. Chip Ganassi anunci\u00f3 la renovaci\u00f3n de \u00c1lex Palou, la cual fue inmediatamente <a rel=\"noopener, noreferrer nofollow\" href=\"https:\/\/www.motorpasion.com\/formula1\/que-alex-palou-ficha-mclaren-cuales-sus-opciones-f1-medidas-que-puede-tomar-chip-ganassi\" target=\"_blank\">desmentida por el piloto<\/a>. Poco despu\u00e9s, <strong>McLaren anunci\u00f3 el fichaje de Palou<\/strong>. No se especificaba muy bien si era para IndyCar o F\u00f3rmula 1, pero todo apuntaba a lo segundo.<\/p>\n<p>    <a href=\"https:\/\/www.motorpasion.com\/formula1\/hace-18-anos-piloto-semi-amateur-se-presento-a-carrera-f1-todos-se-rieron-despues-dos-vueltas-iba-lider\" rel=\"nofollow noopener\" target=\"_blank\"><br \/>\n     <img loading=\"lazy\" decoding=\"async\" alt=\"Hace 18 a\u00f1os un piloto semi amateur se present\u00f3 a una carrera de F1. Todos se rieron de \u00e9l, pero despu\u00e9s de dos vueltas ya iba l\u00edder\" width=\"375\" height=\"142\" src=\"https:\/\/www.europesays.com\/es\/wp-content\/uploads\/2025\/10\/1759571175_211_375_142.jpeg\"\/><br \/>\n    <\/a><\/p>\n<p>Con <a rel=\"noopener, noreferrer nofollow\" href=\"https:\/\/www.motorpasion.com\/formula1\/mclaren-avanza-su-juego-tronos-f1-se-despide-daniel-ricciardo-borra-cualquier-rastro-alex-palou\" target=\"_blank\">Daniel Ricciardo sentenciado<\/a>, parec\u00eda que Palou ser\u00eda su sustituto en McLaren. Pero entonces apareci\u00f3 la rocambolesca oportunidad de robarle a Alpine a Oscar Piastri, McLaren la aprovech\u00f3 y cambi\u00f3 para siempre el destino de la F\u00f3rmula 1, de la IndyCar y del propio <strong>Palou, que dio marcha atr\u00e1s a su acuerdo con McLaren y se qued\u00f3 en Ganassi<\/strong>.<\/p>\n<p>Ahora McLaren le reclama una indemnizaci\u00f3n millonaria por incumplimiento de contrato. Lleva a\u00f1os haci\u00e9ndolo, esperando llegar a un entendimiento, pero no ha habido forma. Este mes de octubre en Londres se celebrar\u00e1 el juicio, con la expectativa de que en noviembre quede visto para sentencia. <strong>McLaren reclama casi 30 millones de d\u00f3lares a Palou<\/strong>.<\/p>\n<p>                  <img class=\"\" height=\"1366\" width=\"2048\" loading=\"lazy\" decoding=\"async\"  fetchpriority=\"high\"  src=\"https:\/\/www.europesays.com\/es\/wp-content\/uploads\/2025\/10\/1759571175_200_450_1000.jpeg\" alt=\"Palou Indycar 2025\"\/><\/p>\n<p><strong>McLaren considera que Palou se benefici\u00f3 de un acuerdo<\/strong> que luego no cumpli\u00f3 para obtener ciertos beneficios. Entre ellos, una serie de test con el coche de F\u00f3rmula 1 que incluyeron participar en<a rel=\"noopener, noreferrer nofollow\" href=\"https:\/\/www.motorpasion.com\/formula1\/otros-fernando-alonso-alex-palou-se-une-a-lista-21-pilotos-espanoles-participantes-gran-premio-f1\" target=\"_blank\">\u00a0los entrenamientos libres del Gran Premio de los Estados Unidos<\/a> de 2022, en los que Palou se dej\u00f3 ver en el gran circo pilotando un McLaren.<\/p>\n<p>Aunque McLaren finalmente no le dio a Palou un asiento en F\u00f3rmula 1 porque fich\u00f3 a Piastri, consideran que eso no se especificaba en ning\u00fan punto del acuerdo, y que por tanto P<strong>alou deber\u00eda haber corrido para McLaren en su equipo de IndyCar<\/strong>. Pero para seguir en la categor\u00eda, Palou opt\u00f3 por permanecer en su equipo, \u00a0Ganassi.<\/p>\n<p>Veremos si en los \u00faltimos meses de 2025 no llega una noticia que amargue a \u00c1lex Palou lo que hasta la fecha est\u00e1 siendo un a\u00f1o redondo para \u00e9l&#8230; <strong>y para McLaren<\/strong>.<\/p>\n<p>Im\u00e1genes | IndyCar<\/p>\n<p>En Motorpasi\u00f3n | <a rel=\"noopener, noreferrer nofollow\" href=\"https:\/\/www.motorpasion.com\/formula1\/parece-que-fernando-alonso-va-a-tener-muy-pronto-nuevo-companero-aston-martin-viene-mano-honda\" target=\"_blank\">Parece que Fernando Alonso va a tener muy pronto un nuevo compa\u00f1ero en Aston Martin. Y viene de la mano de Honda<\/a><\/p>\n","protected":false},"excerpt":{"rendered":"Ganador de las 500 millas de Indian\u00e1polis y campe\u00f3n por cuarta vez de la IndyCar. El a\u00f1o 2025&hellip;\n","protected":false},"author":2,"featured_media":156253,"comment_status":"","ping_status":"","sticky":false,"template":"","format":"standard","meta":{"footnotes":""},"categories":[270],"tags":[168,25,24,306,271,272,23,167],"class_list":{"0":"post-156252","1":"post","2":"type-post","3":"status-publish","4":"format-standard","5":"has-post-thumbnail","7":"category-formula-1","8":"tag-deportes","9":"tag-es","10":"tag-espana","11":"tag-f1","12":"tag-formula-1","13":"tag-formula1","14":"tag-spain","15":"tag-sports"},"share_on_mastodon":{"url":"","error":""},"_links":{"self":[{"href":"https:\/\/www.europesays.com\/es\/wp-json\/wp\/v2\/posts\/156252","targetHints":{"allow":["GET"]}}],"collection":[{"href":"https:\/\/www.europesays.com\/es\/wp-json\/wp\/v2\/posts"}],"about":[{"href":"https:\/\/www.europesays.com\/es\/wp-json\/wp\/v2\/types\/post"}],"author":[{"embeddable":true,"href":"https:\/\/www.europesays.com\/es\/wp-json\/wp\/v2\/users\/2"}],"replies":[{"embeddable":true,"href":"https:\/\/www.europesays.com\/es\/wp-json\/wp\/v2\/comments?post=156252"}],"version-history":[{"count":0,"href":"https:\/\/www.europesays.com\/es\/wp-json\/wp\/v2\/posts\/156252\/revisions"}],"wp:featuredmedia":[{"embeddable":true,"href":"https:\/\/www.europesays.com\/es\/wp-json\/wp\/v2\/media\/156253"}],"wp:attachment":[{"href":"https:\/\/www.europesays.com\/es\/wp-json\/wp\/v2\/media?parent=156252"}],"wp:term":[{"taxonomy":"category","embeddable":true,"href":"https:\/\/www.europesays.com\/es\/wp-json\/wp\/v2\/categories?post=156252"},{"taxonomy":"post_tag","embeddable":true,"href":"https:\/\/www.europesays.com\/es\/wp-json\/wp\/v2\/tags?post=156252"}],"curies":[{"name":"wp","href":"https:\/\/api.w.org\/{rel}","templated":true}]}}