{"id":156275,"date":"2025-10-04T10:02:09","date_gmt":"2025-10-04T10:02:09","guid":{"rendered":"https:\/\/www.europesays.com\/es\/156275\/"},"modified":"2025-10-04T10:02:09","modified_gmt":"2025-10-04T10:02:09","slug":"la-alcaldesa-reafirma-su-compromiso-con-el-comercio-de-proximidad-en-la-inauguracion-de-la-nueva-tienda-venus-en-el-paseo-de-las-delicias","status":"publish","type":"post","link":"https:\/\/www.europesays.com\/es\/156275\/","title":{"rendered":"La alcaldesa reafirma su compromiso con el comercio de proximidad en la inauguraci\u00f3n de la nueva tienda \u2018Venus\u2019 en el Paseo de las Delicias"},"content":{"rendered":"<p>La <strong>alcaldesa de Jerez,<\/strong> Mar\u00eda Jos\u00e9 Garc\u00eda-Pelayo, acompa\u00f1ada por la delegada de Juventud, Carmen Pina, ha asistido a la <strong>inauguraci\u00f3n de la segunda\u00a0 tienda \u2018Venus Lencer\u00eda\u2019<\/strong>, un negocio familiar que est\u00e1 de aniversario al cumplir 25 a\u00f1os en el Paseo de las Delicias.<\/p>\n<p>Dos hermanas, Yolanda y Susana Cantalejos, est\u00e1n al frente de estos negocios, localiz\u00e1ndose la primera tienda en el <strong>Centro Comercial de la Asunci\u00f3n desde hace un cuarto de siglo<\/strong> y la segunda, que acaba de abrir sus puertas al p\u00fablico, ocupa uno de los bajos comerciales del nuevo edificio residencial construido sobre el terreno del que fuera el m\u00edtico \u2018Cine Delicias\u2019.<\/p>\n<p>Este proyecto cobra un especial significado al celebrarse en el marco del 25 aniversario de la tienda original, <strong>un negocio que las hermanas iniciaron con 20 y 25 a\u00f1os y que se ha convertido en un referente para su entorno. <\/strong>Estos establecimientos son la apuesta de una familia emprendedora que ha optado por su permanencia en este barrio popular de la ciudad, consolidando su compromiso con el comercio local y ofreciendo un mayor n\u00famero de productos de este tipo.<\/p>\n<p>Durante el acto de inauguraci\u00f3n, las empresarias han estado arropadas por numerosos vecinos, amigos, familiares y miembros de la hermandad de Las Vi\u00f1as, quienes han querido mostrar su apoyo en esta nueva andadura. Ambas hermanas se han mostrado muy ilusionadas y, visiblemente emocionadas, han agradecido a su familia la incondicional confianza que continuamente han recibido: \u201csiempre han estado a nuestro lado y, la figura de nuestro padre ha sido fundamental en todo este camino\u201d, afirmaron.<\/p>\n<p>La alcaldesa, adem\u00e1s de felicitar a las dos emprendedoras y destacar su coraje, ha resaltado que \u201c<strong>es un orgullo ver a mujeres valientes que creen en el desarrollo y el futuro de los barrios <\/strong>a trav\u00e9s del <strong>comercio de proximidad. <\/strong>Esta inversi\u00f3n familiar por estimular y dinamizar la actividad econ\u00f3mica de la zona es un ejemplo para todos y todas\u201d.<\/p>\n<p>Por su parte, la delegada de Juventud, Carmen Pina, ha subrayado la importancia de iniciativas en las que se unen emprendimiento y juventud: \u201cFelicito a estas dos mujeres aut\u00f3nomas que, al margen de su juventud, muestran una madurez admirable y una enorme responsabilidad con su implicaci\u00f3n en el mantenimiento de los comercios de barrio\u201d.<\/p>\n<p>Finalmente, tanto la alcaldesa y la delegada de Juventud han deseado \u201ctodo el \u00e9xito del mundo\u201d a estas emprendedoras para que sigan \u201ccumpliendo muchos m\u00e1s a\u00f1os\u201d.<\/p>\n","protected":false},"excerpt":{"rendered":"La alcaldesa de Jerez, Mar\u00eda Jos\u00e9 Garc\u00eda-Pelayo, acompa\u00f1ada por la delegada de Juventud, Carmen Pina, ha asistido a&hellip;\n","protected":false},"author":2,"featured_media":156276,"comment_status":"","ping_status":"","sticky":false,"template":"","format":"standard","meta":{"footnotes":""},"categories":[5],"tags":[17,18,25,24,13,14,11,19,20,9,10,15,16,23,12,21,22],"class_list":{"0":"post-156275","1":"post","2":"type-post","3":"status-publish","4":"format-standard","5":"has-post-thumbnail","7":"category-titulares","8":"tag-breaking-news","9":"tag-breakingnews","10":"tag-es","11":"tag-espana","12":"tag-featured-news","13":"tag-featurednews","14":"tag-headlines","15":"tag-latest-news","16":"tag-latestnews","17":"tag-news","18":"tag-noticias","19":"tag-noticias-destacadas","20":"tag-noticiasdestacadas","21":"tag-spain","22":"tag-titulares","23":"tag-ultimas-noticias","24":"tag-ultimasnoticias"},"share_on_mastodon":{"url":"","error":""},"_links":{"self":[{"href":"https:\/\/www.europesays.com\/es\/wp-json\/wp\/v2\/posts\/156275","targetHints":{"allow":["GET"]}}],"collection":[{"href":"https:\/\/www.europesays.com\/es\/wp-json\/wp\/v2\/posts"}],"about":[{"href":"https:\/\/www.europesays.com\/es\/wp-json\/wp\/v2\/types\/post"}],"author":[{"embeddable":true,"href":"https:\/\/www.europesays.com\/es\/wp-json\/wp\/v2\/users\/2"}],"replies":[{"embeddable":true,"href":"https:\/\/www.europesays.com\/es\/wp-json\/wp\/v2\/comments?post=156275"}],"version-history":[{"count":0,"href":"https:\/\/www.europesays.com\/es\/wp-json\/wp\/v2\/posts\/156275\/revisions"}],"wp:featuredmedia":[{"embeddable":true,"href":"https:\/\/www.europesays.com\/es\/wp-json\/wp\/v2\/media\/156276"}],"wp:attachment":[{"href":"https:\/\/www.europesays.com\/es\/wp-json\/wp\/v2\/media?parent=156275"}],"wp:term":[{"taxonomy":"category","embeddable":true,"href":"https:\/\/www.europesays.com\/es\/wp-json\/wp\/v2\/categories?post=156275"},{"taxonomy":"post_tag","embeddable":true,"href":"https:\/\/www.europesays.com\/es\/wp-json\/wp\/v2\/tags?post=156275"}],"curies":[{"name":"wp","href":"https:\/\/api.w.org\/{rel}","templated":true}]}}