{"id":156298,"date":"2025-10-04T10:24:16","date_gmt":"2025-10-04T10:24:16","guid":{"rendered":"https:\/\/www.europesays.com\/es\/156298\/"},"modified":"2025-10-04T10:24:16","modified_gmt":"2025-10-04T10:24:16","slug":"el-ministerio-de-vivienda-y-las-ccaa-se-volveran-a-reunir-para-desencallar-el-plan-estatal-idealista-news","status":"publish","type":"post","link":"https:\/\/www.europesays.com\/es\/156298\/","title":{"rendered":"El Ministerio de Vivienda y las CCAA se volver\u00e1n a reunir para desencallar el Plan Estatal \u2014 idealista\/news"},"content":{"rendered":"<p>El Ministerio de Vivienda<strong> <\/strong>y las comunidades aut\u00f3nomas se han emplazado a una nueva reuni\u00f3n de la Comisi\u00f3n Multilateral \u00abpara buscar el consenso\u00bb tras persistir las diferencias sobre aspectos concretos del <strong>Plan Estatal de Vivienda 2026-2030 <\/strong>en la <a href=\"https:\/\/www.idealista.com\/news\/inmobiliario\/vivienda\/2025\/10\/02\/862502-la-cofinanciacion-del-plan-de-vivienda-nuevo-caballo-de-batalla-de-rodriguez-y-las\" target=\"_blank\" rel=\"nofollow noopener\">Comisi\u00f3n Sectorial celebrada el pasado jueves<\/a>, en la que se ha reunido la ministra del ramo, Isabel Rodr\u00edguez, con los consejeros de vivienda auton\u00f3micos.<\/p>\n<p>Seg\u00fan fuentes de Vivienda, se ha constatado \u00abla posibilidad de llegar a un acuerdo\u00bb entre el Gobierno y autonom\u00edas para sacar adelante el pr\u00f3ximo Plan Estatal, que triplicar\u00e1 los fondos destinados a pol\u00edticas p\u00fablicas de vivienda, hasta los <strong>7.000 millones de euros<\/strong>.<\/p>\n<p>Desde el Departamento encabezado por Isabel Rodr\u00edguez han celebrado el \u00abtono en el que se ha celebrado este encuentro\u00bb y han trasladado su compromiso en poner todo de su parte para alcanzar un acuerdo al servicio del inter\u00e9s general que garantice el <strong>derecho a una vivienda digna y adecuada a toda la ciudadan\u00eda<\/strong>.<\/p>\n<p>No obstante, desde el Gobierno mantienen que el nuevo Plan tiene que implicar una mayor <strong>corresponsabilidad en la financiaci\u00f3n<\/strong>, debe proteger de forma permanente las viviendas construidas con recursos p\u00fablicos y debe aportar una mayor transparencia en los datos.<\/p>\n<p>Sin embargo, las comunidades aut\u00f3nomas gobernadas por el PP siguen criticando la actitud del Gobierno en la elaboraci\u00f3n del nuevo Plan Estatal de Vivienda 2026-2030, criticando la falta de acuerdo y consenso con ellas en la elaboraci\u00f3n del real decreto y la \u00abfalta de lealtad\u00bb de Isabel Rodr\u00edguez a la hora de negociar las condiciones del mismo.<\/p>\n<p>El <strong>consejero de Medio Ambiente, Vivienda y Ordenaci\u00f3n Territorial de Castilla y Le\u00f3n, Juan Carlos Su\u00e1rez-Qui\u00f1ones,<\/strong> en representaci\u00f3n de los ejecutivos auton\u00f3micos populares, ha reclamado \u00abun reparto competencial tanto en la elaboraci\u00f3n como en la ejecuci\u00f3n del plan de vivienda\u00bb, ante el aumento de la inversi\u00f3n por parte de las CCAA en el nuevo proyecto.<\/p>\n<p>El nuevo Plan de Vivienda prev\u00e9 una inversi\u00f3n de 7.000 millones de euros, el triple de lo invertido en el plan anterior, de la que el Estado asumir\u00e1 el 60%, mientras que a las comunidades aut\u00f3nomas corresponder\u00eda el 40% restante, salvo Navarra y Pa\u00eds Vasco, que no entran dentro del Plan Estatal.<\/p>\n<p>En el ejercicio 2026, las comunidades aut\u00f3nomas y las ciudades de Ceuta y Melilla no estar\u00e1n obligadas a cofinanciar el Plan. En cada ejercicio, de 2027 a 2030, ambos incluidos, las comunidades aut\u00f3nomas y las ciudades de Ceuta y Melilla habr\u00e1n de financiar el Plan junto con el Ministerio de Vivienda y Agenda Urbana de forma que, en conjunto, la financiaci\u00f3n del Plan sea en un 60% a cargo del Ministerio de Vivienda y Agenda Urbana y en un 40% a cargo de las comunidades y ciudades aut\u00f3nomas<\/p>\n<p>A d\u00f3nde ir\u00e1n dirigidas las ayudas<\/p>\n<p>Seg\u00fan consta en el Real Decreto por el que se regula el Plan Estatal de Vivienda 2026-2030, y que actualmente se encuentra en audiencia p\u00fablica, se articular\u00e1n ayudas para el <strong>incremento de la oferta de vivienda p\u00fablica<\/strong>, de vivienda protegida de forma permanente y para el fomento de alojamientos temporales, de modelos &#8216;cohousing&#8217;, &#8216;coliving&#8217;, de viviendas intergeneracionales y modalidades similares.<\/p>\n<p>Se articulan asimismo ayudas para garantizar la seguridad y la accesibilidad, as\u00ed como para la <strong>mejora de la habitabilidad, sostenibilidad y la eficiencia energ\u00e9tica<\/strong> del parque de viviendas y para la regeneraci\u00f3n y renovaci\u00f3n urbana y rural.<\/p>\n<p>Adicionalmente se articulan tambi\u00e9n ayudas para las personas con menos recursos, las v\u00edctimas de violencia de g\u00e9nero, personas objeto de desahucio de su vivienda habitual, personas sin hogar y otras personas especialmente vulnerables para el alquiler de vivienda habitual.\u00a0<\/p>\n<p>La especial atenci\u00f3n a los j\u00f3venes se articula con <strong>ayudas espec\u00edficas al alquiler<\/strong>, a la compra en municipios y n\u00facleos de poblaci\u00f3n de 10.000 habitantes o menos, al <a href=\"https:\/\/www.idealista.com\/news\/inmobiliario\/vivienda\/2025\/09\/17\/860253-sanchez-financiara-viviendas-con-opcion-a-compra-que-no-existen\" target=\"_blank\" rel=\"nofollow noopener\">alquiler con opci\u00f3n a compra<\/a>, y a la <a href=\"https:\/\/www.idealista.com\/news\/inmobiliario\/vivienda\/2025\/10\/01\/861972-asi-ha-disenado-el-gobierno-los-avales-para-cubrir-el-impago-de-los-alquileres\" target=\"_blank\" rel=\"nofollow noopener\">cobertura de los posibles impagos de renta arrendaticia<\/a>.<\/p>\n","protected":false},"excerpt":{"rendered":"El Ministerio de Vivienda y las comunidades aut\u00f3nomas se han emplazado a una nueva reuni\u00f3n de la Comisi\u00f3n&hellip;\n","protected":false},"author":2,"featured_media":156299,"comment_status":"","ping_status":"","sticky":false,"template":"","format":"standard","meta":{"footnotes":""},"categories":[8],"tags":[17,18,25,24,13,14,11,19,20,9,10,15,16,23,12,21,22],"class_list":{"0":"post-156298","1":"post","2":"type-post","3":"status-publish","4":"format-standard","5":"has-post-thumbnail","7":"category-espana","8":"tag-breaking-news","9":"tag-breakingnews","10":"tag-es","11":"tag-espana","12":"tag-featured-news","13":"tag-featurednews","14":"tag-headlines","15":"tag-latest-news","16":"tag-latestnews","17":"tag-news","18":"tag-noticias","19":"tag-noticias-destacadas","20":"tag-noticiasdestacadas","21":"tag-spain","22":"tag-titulares","23":"tag-ultimas-noticias","24":"tag-ultimasnoticias"},"share_on_mastodon":{"url":"","error":""},"_links":{"self":[{"href":"https:\/\/www.europesays.com\/es\/wp-json\/wp\/v2\/posts\/156298","targetHints":{"allow":["GET"]}}],"collection":[{"href":"https:\/\/www.europesays.com\/es\/wp-json\/wp\/v2\/posts"}],"about":[{"href":"https:\/\/www.europesays.com\/es\/wp-json\/wp\/v2\/types\/post"}],"author":[{"embeddable":true,"href":"https:\/\/www.europesays.com\/es\/wp-json\/wp\/v2\/users\/2"}],"replies":[{"embeddable":true,"href":"https:\/\/www.europesays.com\/es\/wp-json\/wp\/v2\/comments?post=156298"}],"version-history":[{"count":0,"href":"https:\/\/www.europesays.com\/es\/wp-json\/wp\/v2\/posts\/156298\/revisions"}],"wp:featuredmedia":[{"embeddable":true,"href":"https:\/\/www.europesays.com\/es\/wp-json\/wp\/v2\/media\/156299"}],"wp:attachment":[{"href":"https:\/\/www.europesays.com\/es\/wp-json\/wp\/v2\/media?parent=156298"}],"wp:term":[{"taxonomy":"category","embeddable":true,"href":"https:\/\/www.europesays.com\/es\/wp-json\/wp\/v2\/categories?post=156298"},{"taxonomy":"post_tag","embeddable":true,"href":"https:\/\/www.europesays.com\/es\/wp-json\/wp\/v2\/tags?post=156298"}],"curies":[{"name":"wp","href":"https:\/\/api.w.org\/{rel}","templated":true}]}}