{"id":156300,"date":"2025-10-04T10:25:10","date_gmt":"2025-10-04T10:25:10","guid":{"rendered":"https:\/\/www.europesays.com\/es\/156300\/"},"modified":"2025-10-04T10:25:10","modified_gmt":"2025-10-04T10:25:10","slug":"portal-de-noticias-del-gobierno-de-canarias-168","status":"publish","type":"post","link":"https:\/\/www.europesays.com\/es\/156300\/","title":{"rendered":"Portal de Noticias del Gobierno de Canarias"},"content":{"rendered":"<blockquote>\n<p>Consiste en la difusi\u00f3n de diez v\u00eddeos divulgativos protagonizados por Eduardo Blasco, experto internacional en socorrismo acu\u00e1tico<\/p>\n<p>El consejero de Pol\u00edtica Territorial, Manuel Miranda, destaca el impacto de la campa\u00f1a, que pretende promover la cultura de la autoprotecci\u00f3n durante el uso de zonas de ba\u00f1o<\/p>\n<\/blockquote>\n<p>\u00a0<\/p>\n<p>La campa\u00f1a que la Consejer\u00eda de Pol\u00edtica Territorial, Cohesi\u00f3n Territorial y Aguas del Gobierno de Canarias tiene en marcha para promover el uso adecuado de las zonas de ba\u00f1o en el Archipi\u00e9lago ha sumado m\u00e1s de 2,3 millones de visualizaciones en las diferentes plataformas en las que se ha difundido. Esta acci\u00f3n de comunicaci\u00f3n consiste en la emisi\u00f3n de diez v\u00eddeos divulgativos que est\u00e1n protagonizados por Eduardo Blasco, campe\u00f3n del mundo de Salvamento y Socorrismo y experto reconocido mundialmente en el \u00e1mbito de la seguridad acu\u00e1tica.<\/p>\n<p>El titular del citado departamento auton\u00f3mico y responsable del \u00e1rea de Emergencias, Manuel Miranda, ha se\u00f1alado la importancia de continuar promoviendo \u201ch\u00e1bitos de autoprotecci\u00f3n personal en el uso de las diferentes zonas de ba\u00f1o que existen en Canarias, como f\u00f3rmula para reducir las decenas de accidentes que cada a\u00f1o se producen en nuestras costas\u201d. El consejero ha lamentado que en lo que llevamos de 2025 \u201cun total de 48 personas hayan perdido la vida como consecuencia de estos accidentes\u201d.<\/p>\n<p>Miranda ha a\u00f1adido que el objetivo es inculcar en la poblaci\u00f3n conocimiento sobre los riesgos que entra\u00f1a el acceso a los m\u00e1s de 1.5000 kil\u00f3metros de costa que tiene el archipi\u00e9lago. \u201cDamos herramientas y conocimiento para que la cifra de siniestros se reduzca en el futuro; debemos concienciarnos y adoptar una cultura de la prevenci\u00f3n que salve vidas\u201d, se\u00f1al\u00f3.<\/p>\n<p>La campa\u00f1a, que combina la difusi\u00f3n en redes sociales con la presencia en medios tradicionales (televisi\u00f3n, prensa y radio), tiene como objetivo promover h\u00e1bitos seguros en las costas y dar a conocer los peligros de un uso inadecuado de las zonas de ba\u00f1o, todo ello desde un punto de vista t\u00e9cnico, gracias a la experiencia de su protagonista. Todo ello desde un enfoque eminentemente audiovisual.<\/p>\n<p>La campa\u00f1a se ha difundido a trav\u00e9s de Instagram, Tik Tok y Facebook, para alcanzar a diferentes sectores poblacionales, seg\u00fan las caracter\u00edsticas de cada plataforma, desde adolescentes hasta personas de m\u00e1s de 30 a\u00f1os. A ello se ha sumado la presencia en medios de comunicaci\u00f3n, tanto en el \u00e1mbito auton\u00f3mico como nacional.<\/p>\n<p>Los v\u00eddeos, dise\u00f1ados bajo el asesoramiento t\u00e9cnico de Blasco, consisten en explicaciones basadas en situaciones reales, lo que aporta valor a cada una de las intervenciones.<\/p>\n<p>El contenido de los videoconsejos explica las diferentes se\u00f1alizaciones en zonas de ba\u00f1o, los peligros motivados por el exceso de confianza por parte de la poblaci\u00f3n local, el especial cuidado que deben tener quienes no conocen el litoral o el reconocimiento de los profesionales de los servicios de emergencias, como agentes encargados de la seguridad de los ba\u00f1istas.<\/p>\n","protected":false},"excerpt":{"rendered":"Consiste en la difusi\u00f3n de diez v\u00eddeos divulgativos protagonizados por Eduardo Blasco, experto internacional en socorrismo acu\u00e1tico El&hellip;\n","protected":false},"author":2,"featured_media":156301,"comment_status":"","ping_status":"","sticky":false,"template":"","format":"standard","meta":{"footnotes":""},"categories":[5],"tags":[17,18,25,24,13,14,11,19,20,9,10,15,16,23,12,21,22],"class_list":{"0":"post-156300","1":"post","2":"type-post","3":"status-publish","4":"format-standard","5":"has-post-thumbnail","7":"category-titulares","8":"tag-breaking-news","9":"tag-breakingnews","10":"tag-es","11":"tag-espana","12":"tag-featured-news","13":"tag-featurednews","14":"tag-headlines","15":"tag-latest-news","16":"tag-latestnews","17":"tag-news","18":"tag-noticias","19":"tag-noticias-destacadas","20":"tag-noticiasdestacadas","21":"tag-spain","22":"tag-titulares","23":"tag-ultimas-noticias","24":"tag-ultimasnoticias"},"share_on_mastodon":{"url":"","error":""},"_links":{"self":[{"href":"https:\/\/www.europesays.com\/es\/wp-json\/wp\/v2\/posts\/156300","targetHints":{"allow":["GET"]}}],"collection":[{"href":"https:\/\/www.europesays.com\/es\/wp-json\/wp\/v2\/posts"}],"about":[{"href":"https:\/\/www.europesays.com\/es\/wp-json\/wp\/v2\/types\/post"}],"author":[{"embeddable":true,"href":"https:\/\/www.europesays.com\/es\/wp-json\/wp\/v2\/users\/2"}],"replies":[{"embeddable":true,"href":"https:\/\/www.europesays.com\/es\/wp-json\/wp\/v2\/comments?post=156300"}],"version-history":[{"count":0,"href":"https:\/\/www.europesays.com\/es\/wp-json\/wp\/v2\/posts\/156300\/revisions"}],"wp:featuredmedia":[{"embeddable":true,"href":"https:\/\/www.europesays.com\/es\/wp-json\/wp\/v2\/media\/156301"}],"wp:attachment":[{"href":"https:\/\/www.europesays.com\/es\/wp-json\/wp\/v2\/media?parent=156300"}],"wp:term":[{"taxonomy":"category","embeddable":true,"href":"https:\/\/www.europesays.com\/es\/wp-json\/wp\/v2\/categories?post=156300"},{"taxonomy":"post_tag","embeddable":true,"href":"https:\/\/www.europesays.com\/es\/wp-json\/wp\/v2\/tags?post=156300"}],"curies":[{"name":"wp","href":"https:\/\/api.w.org\/{rel}","templated":true}]}}