{"id":156302,"date":"2025-10-04T10:26:08","date_gmt":"2025-10-04T10:26:08","guid":{"rendered":"https:\/\/www.europesays.com\/es\/156302\/"},"modified":"2025-10-04T10:26:08","modified_gmt":"2025-10-04T10:26:08","slug":"el-balonmano-dolmenes-antequera-recibe-al-herencia-en-el-arguelles","status":"publish","type":"post","link":"https:\/\/www.europesays.com\/es\/156302\/","title":{"rendered":"El Balonmano D\u00f3lmenes Antequera recibe al Herencia en el Arg\u00fcelles"},"content":{"rendered":"<p>            <a href=\"https:\/\/www.merchanendirecto.es\/wp-content\/uploads\/2025\/10\/Imagen-de-WhatsApp-2025-10-03-a-las-19.43.02_22f44447.webp\" data-caption=\"\" rel=\"nofollow noopener\" target=\"_blank\"><img loading=\"lazy\" decoding=\"async\" width=\"696\" height=\"464\" class=\"entry-thumb td-modal-image\" src=\"https:\/\/www.europesays.com\/es\/wp-content\/uploads\/2025\/10\/Imagen-de-WhatsApp-2025-10-03-a-las-19.43.02_22f44447-696x464.webp.webp\"   alt=\"\" title=\"Imagen de WhatsApp 2025-10-03 a las 19.43.02_22f44447\"\/><\/a><\/p>\n<p>Este domingo 5 de octubre a las 12:00 horas, el Pabell\u00f3n Fernando Arg\u00fcelles volver\u00e1 a vestirse de gala para recibir al Balonmano D\u00f3lmenes Antequera, que afronta la jornada 4 de Primera Divisi\u00f3n Nacional, donde medir\u00e1 fuerzas ante el Balonmano Herencia. El partido est\u00e1 dedicado a las personas mayores con motivo del D\u00eda Mundial de las Personas de Edad, que fue el pasado 1 de octubre. El club ha tenido el bonito de gesto de invitar a todos los mayores de 65 a\u00f1os al partido de forma gratuita junto a un acompa\u00f1ante.<\/p>\n<p>El conjunto antequerano llega a la cita en buena forma tras un arranque s\u00f3lido de temporada, con dos victorias y un empate en las tres primeras jornadas. Sin embargo, el \u00faltimo encuentro en la pista del C\u00f3rdoba de Balonmano dej\u00f3 un sabor agridulce. Pese a dominar gran parte del choque llegando a irse con una ventaja de seis goles al descanso, el equipo vio c\u00f3mo el rival acab\u00f3 forzando un empate en la segunda mitad.<\/p>\n<p>El objetivo de los antequeranos este domingo no es otro que volver a la senda del triunfo ante su afici\u00f3n, en un Fernando Arg\u00fcelles que siempre se convierte en un factor diferencial. El rival, Balonmano Herencia, que ha perdido los tres primeros partidos y est\u00e1 \u00faltimo en la clasificaci\u00f3n, buscar\u00e1 poner las cosas dif\u00edciles, pero el equipo llega con la motivaci\u00f3n intacta para hacerse fuerte en casa.<\/p>\n<p>El jugador Fran Reyes ha destacado en la previa del encuentro la importancia de centrarse en lo colectivo para conseguir el triunfo: \u201cVenimos de un partido en el que tuvimos una buena primera parte, pero en la segunda nos desconectamos, hubo demasiadas individualidades, tenemos que aprender de ello. Lo m\u00e1s importante es que prime el colectivo, jugando en conjunto podemos ganar cualquier partido. El domingo el Arg\u00fcelles tiene que volver a ser una fiesta\u201d.<\/p>\n","protected":false},"excerpt":{"rendered":"Este domingo 5 de octubre a las 12:00 horas, el Pabell\u00f3n Fernando Arg\u00fcelles volver\u00e1 a vestirse de gala&hellip;\n","protected":false},"author":2,"featured_media":156303,"comment_status":"","ping_status":"","sticky":false,"template":"","format":"standard","meta":{"footnotes":""},"categories":[278],"tags":[376,37981,168,25,24,375,23,167],"class_list":{"0":"post-156302","1":"post","2":"type-post","3":"status-publish","4":"format-standard","5":"has-post-thumbnail","7":"category-balonmano","8":"tag-balonmano","9":"tag-balonmano-dolmenes-antequera","10":"tag-deportes","11":"tag-es","12":"tag-espana","13":"tag-handball","14":"tag-spain","15":"tag-sports"},"share_on_mastodon":{"url":"","error":""},"_links":{"self":[{"href":"https:\/\/www.europesays.com\/es\/wp-json\/wp\/v2\/posts\/156302","targetHints":{"allow":["GET"]}}],"collection":[{"href":"https:\/\/www.europesays.com\/es\/wp-json\/wp\/v2\/posts"}],"about":[{"href":"https:\/\/www.europesays.com\/es\/wp-json\/wp\/v2\/types\/post"}],"author":[{"embeddable":true,"href":"https:\/\/www.europesays.com\/es\/wp-json\/wp\/v2\/users\/2"}],"replies":[{"embeddable":true,"href":"https:\/\/www.europesays.com\/es\/wp-json\/wp\/v2\/comments?post=156302"}],"version-history":[{"count":0,"href":"https:\/\/www.europesays.com\/es\/wp-json\/wp\/v2\/posts\/156302\/revisions"}],"wp:featuredmedia":[{"embeddable":true,"href":"https:\/\/www.europesays.com\/es\/wp-json\/wp\/v2\/media\/156303"}],"wp:attachment":[{"href":"https:\/\/www.europesays.com\/es\/wp-json\/wp\/v2\/media?parent=156302"}],"wp:term":[{"taxonomy":"category","embeddable":true,"href":"https:\/\/www.europesays.com\/es\/wp-json\/wp\/v2\/categories?post=156302"},{"taxonomy":"post_tag","embeddable":true,"href":"https:\/\/www.europesays.com\/es\/wp-json\/wp\/v2\/tags?post=156302"}],"curies":[{"name":"wp","href":"https:\/\/api.w.org\/{rel}","templated":true}]}}