{"id":15631,"date":"2025-07-31T05:56:11","date_gmt":"2025-07-31T05:56:11","guid":{"rendered":"https:\/\/www.europesays.com\/es\/15631\/"},"modified":"2025-07-31T05:56:11","modified_gmt":"2025-07-31T05:56:11","slug":"ampuero-rasines-o-santona-citas-imprescindibles-para-la-aficion-durante-el-resto-del-verano","status":"publish","type":"post","link":"https:\/\/www.europesays.com\/es\/15631\/","title":{"rendered":"Ampuero, Rasines o Santo\u00f1a, citas imprescindibles para la afici\u00f3n durante el resto del verano"},"content":{"rendered":"<p>La Feria de Santiago es el alimento principal del est\u00f3mago taurino de los c\u00e1ntabros, pero los festejos en la regi\u00f3n tienen m\u00e1s tent\u00e1culos. De Pisue\u00f1a  &#8230; a Ampuero, pasando por Santo\u00f1a, todav\u00eda queda un ramillete de espect\u00e1culos para mantener vivo el gusanillo de la tauromaquia en verano. <\/p>\n<p class=\"v-p\">El primer &#8216;post Santiagos&#8217; ser\u00e1, eso s\u00ed, en Cuatro Caminos. Una clase pr\u00e1ctica con seis alumnos de escuelas taurinas, tres c\u00e1ntabros, con entrada gratuita y que servir\u00e1 para apoyar el presente y el futuro de los toreros de la regi\u00f3n. Sobre el ruedo estar\u00e1n el domingo Hugo de Juana, Eduardo Rodr\u00edguez y Manuel Garc\u00eda, acompa\u00f1ados por Jaime Padilla, de M\u00e1laga, Mart\u00edn Mendoza, de Camas, y Abel Rodr\u00edguez, de Castell\u00f3n en la lidia de reses de Vega del Algodor, hierro perteneciente a la familia P\u00e9rez Hern\u00e1ndez, a su vez propietaria de la ganader\u00eda de Domingo Hern\u00e1ndez.<\/p>\n<p class=\"v-p\">La otra gran feria del a\u00f1o en Cantabria es la de Ampuero. Este a\u00f1o el ciclo se celebrar\u00e1 entre el 6 y el 8 de septiembre, estar\u00e1 organizado por Toros Puerta Grande y contar\u00e1 con una corrida mixta, un concurso de recortadores, tres encierros matinales, sueltas de vaquillas despu\u00e9s de las carreras y nocturnas y, en la tarde del lunes, un encierro de vacas y dos toros de caj\u00f3n donados por las asociaciones La Tercera Bomba y Cantabria Brava, animales que saldr\u00e1n por la calle y luego ser\u00e1n lidiados en una capea dentro de la plaza de La Nogalera. Como novedad, en la noche del s\u00e1bado 6 habr\u00e1 dos sueltas de vaquillas, una a las 23.00 horas y otra a las 03.00 horas, una manera de dar cabida a todos los aficionados que llenan ruedo y gradas en esa fecha. <\/p>\n<p>\nEl domingo tiene lugar en Santander una clase pr\u00e1ctica gratuita con tres c\u00e1ntabros en el cartel\n<\/p>\n<p class=\"v-p\">La corrida mixta estar\u00e1 protagonizada por un encierro de Antonio Ba\u00f1uelos, el rejoneador Sergio Dom\u00ednguez y los matadores Curro D\u00edaz y Trist\u00e1n Barroso, un cartel que mezcla la veteran\u00eda y el poso del jienense, la juventud de Barroso y la doma del caballero calagurritano. El concurso de recortadores, y por ende el encierro matinal, contar\u00e1 con reses de Astolfi, mientras que el encierro restante, el del lunes, tendr\u00e1 en las calles a los toros de Reta. <\/p>\n<p class=\"v-p\">La empresa que dirige Francisco Javier Chac\u00f3n, y que ya ha gestionado este a\u00f1o los festejos en Requejo y Sar\u00f3n, ser\u00e1 la encargada asimismo de organizar dos jornadas taurinas en Pisue\u00f1a, dos sueltas de vaquillas en las noches de los d\u00edas 2 y 5 de agosto a las 22.00 horas que har\u00e1n las delicias de los habitantes de la comarca. <\/p>\n<p><img decoding=\"async\" loading=\"lazy\" src=\"https:\/\/s3.ppllstatics.com\/eldiariomontanes\/www\/multimedia\/2025\/07\/30\/toros%20(2)-kNRC-U2302518317707z-650x455@Diario%20Montanes.jpg\" class=\"v-a-img\" width=\"650\" height=\"455\" alt=\"Encierro de toros en Ampuero.\" data-voc-vtm-id=\"in-text-traffic\"\/><\/p>\n<p>Encierro de toros en Ampuero.<\/p>\n<p>Daniel Pedriza<\/p>\n<p><img loading=\"lazy\" decoding=\"async\" src=\"https:\/\/s3.ppllstatics.com\/eldiariomontanes\/www\/multimedia\/2025\/07\/30\/toros%20(2)-kNRC-U2302518317707djE-1920x1344@Diario%20Montanes.jpg\" class=\"v-mdl__img-z\" width=\"1920\" height=\"1344\" alt=\"\"\/><\/p>\n<p class=\"v-p\">Pero hay todav\u00eda m\u00e1s. Porque un verano taurino no puede cerrarse sin Santo\u00f1a, su coso marinero y su aroma a sardinas durante la corrida del d\u00eda de la Virgen del Puerto. El cartel estar\u00e1 compuesto por tres toreros de primera fila y ser\u00e1 otro de los acontecimientos del a\u00f1o taurino. Con los protagonistas todav\u00eda por confirmar, el espect\u00e1culo promete ser una de las tardes del a\u00f1o dentro del curso taurino. <\/p>\n<p class=\"v-p\">El coso de Los M\u00e1rtires de Rasines congregar\u00e1 la atenci\u00f3n en el mes de agosto. El d\u00eda 14, con gesti\u00f3n municipal, habr\u00e1 una suelta de becerros y un gran prix, mientras que el d\u00eda 15 llegar\u00e1 a Cantabria un espect\u00e1culo de recortadores al estilo de calle que goza de gran seguimiento en la Comunidad Valenciana. Entroncando con los espect\u00e1culos de rodeo americano, se denomina &#8216;Bullfighting Only&#8217; y la mec\u00e1nica del evento consiste en dejar en solitario en la arena a un recortador, a una res brava y un cron\u00f3metro que indique el tiempo que tiene el especialista para realizar todo tipo de suertes delante del animal&#8230; sin refugiarse en los burladeros. <\/p>\n<p class=\"v-p\">Y queda la que probablemente sea la joya de la corona, Pesaguero. No hay fecha, ni hay hora, no hay cartel cerrado, pero en Lerones volver\u00e1 a haber festejos taurinos. En a\u00f1os anteriores por el peculiar recinto han pasado figuras de la talla de Cayetano, Diego Ventura, Rom\u00e1n o El Fandi, protagonistas el a\u00f1o pasado de un festejo que tuvo que ser aplazado 24 horas por la amenaza de lluvia. Habitual apertura de temporada en la primavera, este a\u00f1o podr\u00eda ser el cierre de los festejos mayores all\u00e1 por el mes de septiembre. <\/p>\n<p class=\"v-p\">La tauromaquia en la regi\u00f3n vive un buen momento, con una ampliaci\u00f3n de localidades por las que cada a\u00f1o hay animales en las calles y las plazas, aunque los cl\u00e1sicos nunca pasan de moda. Y es que uno de los pueblos pioneros en celebrar festejos taurinos es Pie de Concha, cuna de El Norte\u00f1o o de Diego Rueda, y que aprovecha cada a\u00f1o el \u00faltimo domingo del mes de agosto para celebrar un encierro de vaquillas, una celebraci\u00f3n que tambi\u00e9n se ampl\u00eda a un festejo nocturno unas horas antes. <\/p>\n<p class=\"v-p\">A la par que Pie de Concha, la vecina Molledo tambi\u00e9n cuenta en sus fiestas de la Virgen de l Camino, en torno al 8 de septiembre, con encierros de vaquillas. Son las reses de Antonio Ba\u00f1uelos las que hacen las delicias de locales y visitantes en un recinto que da la vuelta a la manzana principal del pueblo. Una tradici\u00f3n que debe guardarse. <\/p>\n","protected":false},"excerpt":{"rendered":"La Feria de Santiago es el alimento principal del est\u00f3mago taurino de los c\u00e1ntabros, pero los festejos en&hellip;\n","protected":false},"author":2,"featured_media":15632,"comment_status":"","ping_status":"","sticky":false,"template":"","format":"standard","meta":{"footnotes":""},"categories":[277],"tags":[3437,10338,373,10341,168,25,24,4695,10339,10342,10340,23,167,374,1793],"class_list":{"0":"post-15631","1":"post","2":"type-post","3":"status-publish","4":"format-standard","5":"has-post-thumbnail","7":"category-toreo","8":"tag-aficion","9":"tag-ampuero","10":"tag-bullfighting","11":"tag-citas","12":"tag-deportes","13":"tag-es","14":"tag-espana","15":"tag-imprescindibles","16":"tag-rasines","17":"tag-resto","18":"tag-santona","19":"tag-spain","20":"tag-sports","21":"tag-toreo","22":"tag-verano"},"share_on_mastodon":{"url":"","error":""},"_links":{"self":[{"href":"https:\/\/www.europesays.com\/es\/wp-json\/wp\/v2\/posts\/15631","targetHints":{"allow":["GET"]}}],"collection":[{"href":"https:\/\/www.europesays.com\/es\/wp-json\/wp\/v2\/posts"}],"about":[{"href":"https:\/\/www.europesays.com\/es\/wp-json\/wp\/v2\/types\/post"}],"author":[{"embeddable":true,"href":"https:\/\/www.europesays.com\/es\/wp-json\/wp\/v2\/users\/2"}],"replies":[{"embeddable":true,"href":"https:\/\/www.europesays.com\/es\/wp-json\/wp\/v2\/comments?post=15631"}],"version-history":[{"count":0,"href":"https:\/\/www.europesays.com\/es\/wp-json\/wp\/v2\/posts\/15631\/revisions"}],"wp:featuredmedia":[{"embeddable":true,"href":"https:\/\/www.europesays.com\/es\/wp-json\/wp\/v2\/media\/15632"}],"wp:attachment":[{"href":"https:\/\/www.europesays.com\/es\/wp-json\/wp\/v2\/media?parent=15631"}],"wp:term":[{"taxonomy":"category","embeddable":true,"href":"https:\/\/www.europesays.com\/es\/wp-json\/wp\/v2\/categories?post=15631"},{"taxonomy":"post_tag","embeddable":true,"href":"https:\/\/www.europesays.com\/es\/wp-json\/wp\/v2\/tags?post=15631"}],"curies":[{"name":"wp","href":"https:\/\/api.w.org\/{rel}","templated":true}]}}