{"id":156312,"date":"2025-10-04T10:41:07","date_gmt":"2025-10-04T10:41:07","guid":{"rendered":"https:\/\/www.europesays.com\/es\/156312\/"},"modified":"2025-10-04T10:41:07","modified_gmt":"2025-10-04T10:41:07","slug":"sofyan-amrabat-sufre-una-lesion-miofascial-postcontusiva-en-el-recto-femoral-derecho-real-betis-balompie","status":"publish","type":"post","link":"https:\/\/www.europesays.com\/es\/156312\/","title":{"rendered":"Sofyan Amrabat sufre una lesi\u00f3n miofascial postcontusiva en el recto femoral derecho &#8211; Real Betis Balompi\u00e9"},"content":{"rendered":"<ol>\n<li><a href=\"https:\/\/news.google.com\/rss\/articles\/CBMi2wFBVV95cUxPNXo1dmJfSWx3ekRLSkZ0NXdxcnlCbE9zWGdpSWU3TFdNVERBSkxkNVFybkpSbnFsRGhRcHhBRVJvTGZYNGo4UFNrV1YxMHgwZFQ2U1BrM01IRmRTRTFNek82ZG5YVjN2QThCMnZTZWl0a2o1ektoSDhLbmZ6WGxmRW9nRUlrWnRGOTZmMUtxTDlUakNzb1lSbjZ4R2NYNXJtYzZCWkl2QXFhX2pZeXdSTGdELVllY2R0ZDN5clVkSXNhenZtN1BmUlJKdGdBQmJvYl9kQWF6LUYzajg?oc=5\" target=\"_blank\" rel=\"nofollow noopener\">Sofyan Amrabat sufre una lesi\u00f3n miofascial postcontusiva en el recto femoral derecho<\/a>&nbsp;&nbsp;Real Betis Balompi\u00e9<\/li>\n<li><a href=\"https:\/\/news.google.com\/rss\/articles\/CBMizwFBVV95cUxNbmh2cmtTWEg0bW5TOFhDZWdUdF9XMEo0TE8xdjRIQzY0Qi1mVHBIZ3U2ZmN3dkJEY0xiaVNlc1FsbXhseVNXQ25NSmZTS3Z4ZGpCVE5XSEpJdGM3MUx1S0R6X3JiVjlMQ3BjQndvZTA5ZUdWX2FSTkY5WmlTZE5YQ0dEeHFqQ1htazBHSlZSWjRRR25kUHJQZnd1eEhaT3dfNUJ6dlNsSE4zOF9NWU1jUERSVFl0cm9nUDRndTZWeF9QcXpFU0drMjRsOFl4RHM?oc=5\" target=\"_blank\" rel=\"nofollow noopener\">Amrabat sufre una lesi\u00f3n muscular y ser\u00e1 baja, al menos, ante el Espanyol<\/a>&nbsp;&nbsp;ABC<\/li>\n<li><a href=\"https:\/\/news.google.com\/rss\/articles\/CBMitwFBVV95cUxQSTZ4b25BX210bDUwZW5JMjB2RkdoX254cTBYMUF6andxNFNKVE9WQklZVWpLb1MtOG92SDJZSktBa3lOTnJiLU5kaGlHbWNlWTMtalVrcjlhQzlPd0pKLURxZUdsbG45U0tCaDE2NWpqRElHbUtIUjNWcGhnNGVQWEZTb2QxNGpqdm44b09jQnFPMlF6dnlqT0ZQTm01MWpoNV9ManVXQ3JCWUo4eFZYejVpcUhCbknSAbwBQVVfeXFMT1NtVjNQZEJBWUh2UzltN1pmOEU4cGFLM09hbnVZbFcwQXg4RTV1MXNRX0doeW5NclU3YzE4RlhyWHZURlo1YTNkd0luTWItYXJ4UkV4eks3bVpVUmN2Rkl5ZUlYNHFBN28xbHhzYkdUeHpfWUp2NVVwMTFVV2duc2FUdnBtTmNoUW1rNUJySDgwLW55M2ttZ2dmVDhOcWlURkdLanpsN2Frdm9sWU5CMmZZTXdzcWhRQkk5UEg?oc=5\" target=\"_blank\" rel=\"nofollow noopener\">Una llamada inesperada de Pellegrini a la cantera del Betis<\/a>&nbsp;&nbsp;El Correo de Andaluc\u00eda<\/li>\n<li><a href=\"https:\/\/news.google.com\/rss\/articles\/CBMiswFBVV95cUxPYXEtdTJuaENHWmJnYzhrZUphV3dDTEVfbFNNWFRzdGhZME5ZUTRQUVp6S2ZENVB6VDNybWpXN0pYVEpVWUthQjNMcjl2NkRnZkxVUktBNWIyemJhWXNPazRxVVN4UWZpYkZmTF85Zm5CZ09PYUJSMnZIU1VNcjVBNnRob2FuYUw5MEZDRWN1aHAxUlZ4eFRHa0dIUUlaQjB0ZVpabU5MTEJKZkN0UzhNTEdDdw?oc=5\" target=\"_blank\" rel=\"nofollow noopener\">Baja importante en la sesi\u00f3n previa a viajar a Barcelona<\/a>&nbsp;&nbsp;Estadio Deportivo<\/li>\n<li><a href=\"https:\/\/news.google.com\/rss\/articles\/CBMikgFBVV95cUxQcW5JR042bldkZkhjM0prdnNxalJCc1NFMWF5VXBQbzI5NnlPX3Y3cUVzMjZZeTlObHUzSXJ4dFNQX01HdlhiMjRXVnlTeGJkbnQxR0lZaWE5aURhRndTdUpwZ2pCMHJYUWhueERJdTljTVAwWFQzV2V1RmI2T3FMMUJQcmJ1MHlEWFpVbV9ickQ1UdIBkgFBVV95cUxOaFNrVUs4OTc1VkpUTEdCSGZEYjBMQWZEdFZXb2xIODRIRWNQWkhpV1ZXVnRfZ3pOZXVmVkFseDAzT3hGRkJyT3RweWdxcFpVRURBQ2lrTkVSUVZGZG5ZVlJNNkNocUU1LTRhc0RvTXhQektVa25mblBnc2VzQXNlUFRTNEJ6aUJBdFYyNGZzbF9UZw?oc=5\" target=\"_blank\" rel=\"nofollow noopener\">Amrabat se pierde por lesi\u00f3n la visita al Espanyol<\/a>&nbsp;&nbsp;MARCA<\/li>\n<\/ol>\n","protected":false},"excerpt":{"rendered":"Sofyan Amrabat sufre una lesi\u00f3n miofascial postcontusiva en el recto femoral derecho&nbsp;&nbsp;Real Betis Balompi\u00e9 Amrabat sufre una lesi\u00f3n&hellip;\n","protected":false},"author":2,"featured_media":156313,"comment_status":"","ping_status":"","sticky":false,"template":"","format":"standard","meta":{"footnotes":""},"categories":[93],"tags":[14295,291,168,25,24,798,286,23,167],"class_list":{"0":"post-156312","1":"post","2":"type-post","3":"status-publish","4":"format-standard","5":"has-post-thumbnail","7":"category-deportes","8":"tag-balompie","9":"tag-betis","10":"tag-deportes","11":"tag-es","12":"tag-espana","13":"tag-real","14":"tag-real-betis-balompie","15":"tag-spain","16":"tag-sports"},"share_on_mastodon":{"url":"","error":""},"_links":{"self":[{"href":"https:\/\/www.europesays.com\/es\/wp-json\/wp\/v2\/posts\/156312","targetHints":{"allow":["GET"]}}],"collection":[{"href":"https:\/\/www.europesays.com\/es\/wp-json\/wp\/v2\/posts"}],"about":[{"href":"https:\/\/www.europesays.com\/es\/wp-json\/wp\/v2\/types\/post"}],"author":[{"embeddable":true,"href":"https:\/\/www.europesays.com\/es\/wp-json\/wp\/v2\/users\/2"}],"replies":[{"embeddable":true,"href":"https:\/\/www.europesays.com\/es\/wp-json\/wp\/v2\/comments?post=156312"}],"version-history":[{"count":0,"href":"https:\/\/www.europesays.com\/es\/wp-json\/wp\/v2\/posts\/156312\/revisions"}],"wp:featuredmedia":[{"embeddable":true,"href":"https:\/\/www.europesays.com\/es\/wp-json\/wp\/v2\/media\/156313"}],"wp:attachment":[{"href":"https:\/\/www.europesays.com\/es\/wp-json\/wp\/v2\/media?parent=156312"}],"wp:term":[{"taxonomy":"category","embeddable":true,"href":"https:\/\/www.europesays.com\/es\/wp-json\/wp\/v2\/categories?post=156312"},{"taxonomy":"post_tag","embeddable":true,"href":"https:\/\/www.europesays.com\/es\/wp-json\/wp\/v2\/tags?post=156312"}],"curies":[{"name":"wp","href":"https:\/\/api.w.org\/{rel}","templated":true}]}}